{"id":127321,"date":"2026-01-02T18:32:10","date_gmt":"2026-01-02T18:32:10","guid":{"rendered":"https:\/\/www.europesays.com\/no\/127321\/"},"modified":"2026-01-02T18:32:10","modified_gmt":"2026-01-02T18:32:10","slug":"storhamar-bekrefter-personalsak-etter-voldshendelse","status":"publish","type":"post","link":"https:\/\/www.europesays.com\/no\/127321\/","title":{"rendered":"Storhamar bekrefter personalsak etter volds\u00adhendelse"},"content":{"rendered":"\n<p class=\"_lead_o9xde_2 _lead_xtcu6_50 layout-component text-serif-m layout-normal text-serif-l layout-component layout-wide layout-padded _wide_17hqh_1 layout-padded\">Storhamar-spilleren skal ha ut\u00f8vd vold mot en annen hockey\u00adspiller p\u00e5 et utested p\u00e5 Hamar. Siden har han spilt begge klubbens kamper i romjulen.<\/p>\n<p><img alt=\" Foto: Cornelius Poppe \/ NTB\" class=\"_image_qp4xg_65 layout-component layout-wide\" data-fullscreen- data-track-element-type=\"Article image fullscreen\" data-track-name=\"ImageFullscreen\" fetchpriority=\"high\" decoding=\"sync\" loading=\"eager\" height=\"6336\" itemprop=\"image\"  src=\"https:\/\/www.europesays.com\/no\/wp-content\/uploads\/2026\/01\/0c8d4de9-9d6e-4c7f-b65c-d89642b7fc51.png\"  style=\"object-position:0% 0%\" width=\"9504\"\/> Foto: Cornelius Poppe \/ NTB<\/p>\n<ul aria-hidden=\"true\" class=\"_images_ntbth_112\">\n<li><a class=\"_link_ntbth_117\" href=\"https:\/\/www.vg.no\/forfatter\/helene-husvik\" style=\"z-index:1\" title=\"Helene Husvik\" rel=\"nofollow noopener\" target=\"_blank\"><img alt=\"Bilde av Helene Husvik\" class=\"_image_ntbth_93\" fetchpriority=\"low\" loading=\"lazy\" decoding=\"async\" itemprop=\"image\"  src=\"https:\/\/www.europesays.com\/no\/wp-content\/uploads\/2026\/01\/1767378728_525_a3928b48-9cc9-4de6-95d7-c5a5e63b6a91.png\"  width=\"480\"\/><\/a><\/li>\n<\/ul>\n<p> Oppdatert fredag 2. januar kl. 19:27    <\/p>\n<ul class=\"_list_o9xde_3 _list_64s2r_85 _unordered_o9xde_106 text-sans-m\">\n<li class=\"_item_o9xde_30\">En Storhamar-spiller skal ha ut\u00f8vd vold mot en annen hockeyspiller p\u00e5 et utested p\u00e5 Hamar.<\/li>\n<li class=\"_item_o9xde_30\">Hendelsen skjedde under lagets julebord 20. desember.<\/li>\n<li class=\"_item_o9xde_30\">Ingen politianmeldelse er registrert, men hendelsen er blitt en personalsak.<\/li>\n<li class=\"_item_o9xde_30\">Spilleren har fortsatt \u00e5 spille kamper etter hendelsen.<\/li>\n<\/ul>\n<p>Vis mer <\/p>\n<p class=\"_paragraph_o9xde_4 _paragraph_xtcu6_10 layout-component text-serif-m layout-normal text-serif-m layout-padded\">Hendelsen skal ha skjedd p\u00e5 lagets julebord 20. desember. Etter hjemmeseieren over Frisk Asker, dro store deler av laget, st\u00f8tteapparatet og andre til utestedet Festiviteten. <\/p>\n<p class=\"_paragraph_o9xde_4 _paragraph_xtcu6_10 layout-component text-serif-m layout-normal text-serif-m layout-padded\">Der skal det ha oppst\u00e5tt krangel og etter hvert flere fysiske konfrontasjoner mellom en av lagets n\u00e5v\u00e6rende spillere og en annen hockeyspiller som var til stede.<\/p>\n<p class=\"_paragraph_o9xde_4 _paragraph_xtcu6_10 layout-component text-serif-m layout-normal text-serif-m layout-padded\"><a href=\"https:\/\/www.vg.no\/tag\/storhamar?utm_source=vg-article&amp;utm_medium=auto-tagger&amp;utm_campaign=zOGybb\" class=\"_link_o9xde_39\" rel=\"nofollow noopener\" target=\"_blank\">Storhamar<\/a>-spilleren skal ha nikket til, sl\u00e5tt og sparket vedkommende, if\u00f8lge VGs opplysninger. Deler av klubbens ledelse skal ha v\u00e6rt vitne til det som skjedde.<\/p>\n<p class=\"_paragraph_o9xde_4 _paragraph_xtcu6_10 layout-component text-serif-m layout-normal text-serif-m layout-padded\">Innlandet politidistrikt opplyser at det ikke er registrert anmeldelse i saken.<\/p>\n<p class=\"_paragraph_o9xde_4 _paragraph_xtcu6_10 layout-component text-serif-m layout-normal text-serif-m layout-padded\">Daglig leder Espen L\u00f8v\u00e5s bekrefter til VG at hendelsen har resultert i en personalsak for spilleren. <\/p>\n<p class=\"_paragraph_o9xde_4 _paragraph_xtcu6_10 layout-component text-serif-m layout-normal text-serif-m layout-padded\">\u2013 Dette er en personalsak som vi h\u00e5ndterer internt.<\/p>\n<p><img decoding=\"async\" alt=\"Bilde av Espen L\u00f8v\u00e5s\" class=\"_image_ygndg_42\" height=\"46\" itemprop=\"image\" loading=\"lazy\"  src=\"https:\/\/www.europesays.com\/no\/wp-content\/uploads\/2026\/01\/67422210-9f7d-4424-a5cd-70412817100d.jpeg\"  width=\"40\"\/><strong class=\"_name_ygndg_51 title-serif-xs\">Espen L\u00f8v\u00e5s<\/strong><\/p>\n<p class=\"_paragraph_o9xde_4 text-sans-m _description_ygndg_56\">Daglig leder, Storhamar<\/p>\n<p class=\"_paragraph_o9xde_4 _paragraph_xtcu6_10 layout-component text-serif-m layout-normal text-serif-m layout-padded\">\u2013 St\u00e5r det i stil med Storhamars verdier \u00e5 bruke spilleren i kamper siden hendelsen?<\/p>\n<p class=\"_paragraph_o9xde_4 _paragraph_xtcu6_10 layout-component text-serif-m layout-normal text-serif-m layout-padded\">\u2013 Vi har vurdert det slik s\u00e5 langt at det er greit at han spiller kamper. Det er selvsagt vurdert i henhold til reaksjoner vi har gjort mot ham.<\/p>\n<p class=\"_paragraph_o9xde_4 _paragraph_xtcu6_10 layout-component text-serif-m layout-normal text-serif-m layout-padded\">\u2013 Vil det endre seg hvis han senere blir anmeldt?<\/p>\n<p class=\"_paragraph_o9xde_4 _paragraph_xtcu6_10 layout-component text-serif-m layout-normal text-serif-m layout-padded\">\u2013 Det kan det bli.<\/p>\n<p class=\"_paragraph_o9xde_4 _paragraph_xtcu6_10 layout-component text-serif-m layout-normal text-serif-m layout-padded\">L\u00f8v\u00e5s sier at Storhamar har v\u00e6rt i kontakt med begge parter flere ganger. <\/p>\n<p class=\"_paragraph_o9xde_4 _paragraph_xtcu6_10 layout-component text-serif-m layout-normal text-serif-m layout-padded\">VG har v\u00e6rt i kontakt med de to involverte spillerne, som ikke \u00f8nsker \u00e5 kommentere hendelsen. <\/p>\n<p class=\"_paragraph_o9xde_4 _paragraph_xtcu6_10 layout-component text-serif-m layout-normal text-serif-m layout-padded\">If\u00f8lge Hamar Arbeiderblad ble hendelsen f\u00f8rst omtalt i podkasten \u00abVass og Knepp Show\u00bb.<\/p>\n<p>    <img decoding=\"async\" alt=\"Tips oss illustrasjon\" src=\"https:\/\/www.europesays.com\/no\/wp-content\/uploads\/2025\/10\/pssst-small.webp.webp\"\/>    <\/p>\n<p class=\"title-serif-s\">Har du tips?<\/p>\n<p class=\"text-sans-m\">Send oss informasjon, bilder eller video.<\/p>\n<p>  <a href=\"https:\/\/www.vg.no\/tips-oss\" rel=\"nofollow noopener\" target=\"_blank\"> Tips oss <\/a>      <\/p>\n","protected":false},"excerpt":{"rendered":"Storhamar-spilleren skal ha ut\u00f8vd vold mot en annen hockey\u00adspiller p\u00e5 et utested p\u00e5 Hamar. Siden har han spilt&hellip;\n","protected":false},"author":2,"featured_media":127322,"comment_status":"","ping_status":"","sticky":false,"template":"","format":"standard","meta":{"footnotes":""},"categories":[59],"tags":[977,30,28,29,83,82,2437],"class_list":{"0":"post-127321","1":"post","2":"type-post","3":"status-publish","4":"format-standard","5":"has-post-thumbnail","7":"category-sport","8":"tag-ishockey","9":"tag-no","10":"tag-norge","11":"tag-norway","12":"tag-sport","13":"tag-sports","14":"tag-storhamar"},"share_on_mastodon":{"url":"https:\/\/pubeurope.com\/@no\/115826940073015361","error":""},"_links":{"self":[{"href":"https:\/\/www.europesays.com\/no\/wp-json\/wp\/v2\/posts\/127321","targetHints":{"allow":["GET"]}}],"collection":[{"href":"https:\/\/www.europesays.com\/no\/wp-json\/wp\/v2\/posts"}],"about":[{"href":"https:\/\/www.europesays.com\/no\/wp-json\/wp\/v2\/types\/post"}],"author":[{"embeddable":true,"href":"https:\/\/www.europesays.com\/no\/wp-json\/wp\/v2\/users\/2"}],"replies":[{"embeddable":true,"href":"https:\/\/www.europesays.com\/no\/wp-json\/wp\/v2\/comments?post=127321"}],"version-history":[{"count":0,"href":"https:\/\/www.europesays.com\/no\/wp-json\/wp\/v2\/posts\/127321\/revisions"}],"wp:featuredmedia":[{"embeddable":true,"href":"https:\/\/www.europesays.com\/no\/wp-json\/wp\/v2\/media\/127322"}],"wp:attachment":[{"href":"https:\/\/www.europesays.com\/no\/wp-json\/wp\/v2\/media?parent=127321"}],"wp:term":[{"taxonomy":"category","embeddable":true,"href":"https:\/\/www.europesays.com\/no\/wp-json\/wp\/v2\/categories?post=127321"},{"taxonomy":"post_tag","embeddable":true,"href":"https:\/\/www.europesays.com\/no\/wp-json\/wp\/v2\/tags?post=127321"}],"curies":[{"name":"wp","href":"https:\/\/api.w.org\/{rel}","templated":true}]}}