{"id":127323,"date":"2026-01-02T18:33:12","date_gmt":"2026-01-02T18:33:12","guid":{"rendered":"https:\/\/www.europesays.com\/no\/127323\/"},"modified":"2026-01-02T18:33:12","modified_gmt":"2026-01-02T18:33:12","slug":"gjenforent-deler-gladnyhet","status":"publish","type":"post","link":"https:\/\/www.europesays.com\/no\/127323\/","title":{"rendered":"Gjenforent: Deler gladnyhet"},"content":{"rendered":"<p class=\"kicker \" style=\"\">Carli Bybel og Brett Caprioni:<\/p>\n<p>  Stjerneparet fant tilbake til hverandre etter \u00e5tte \u00e5r. N\u00e5 r\u00f8per de et nytt kapittel.\u00a0<\/p>\n<p>\n    NYTT STEG: Carli Bybel og Brett Caprioni r\u00f8per gladnyhet p\u00e5 Instagram. Foto: Instagram \/ @carlibybel\n  <\/p>\n<p>Den amerikanske influenseren Carli Bybel (35) har oppn\u00e5dd stor suksess p\u00e5 tvers av sine plattformer, og kanskje spesielt med sin YouTube-kanal som hun startet for nesten 15 \u00e5r siden.\u00a0<\/p>\n<p>    <a itemprop=\"url\" href=\"https:\/\/www.seher.no\/kjendis\/full-av-attitude\/84034703\" rel=\"nofollow noopener\" target=\"_blank\"><\/p>\n<p>        <img loading=\"lazy\" decoding=\"async\" src=\"https:\/\/www.europesays.com\/no\/wp-content\/uploads\/2026\/01\/84034808.webp.webp\" width=\"147\" height=\"98\" title=\"- Full av attitude\" alt=\"\" class=\"lazyload\" style=\"--aspect-ratio-image: 1.50; \"\/><\/p>\n<p>        &#8211; Full av attitude<\/p>\n<p>    <\/a><\/p>\n<p>I 2013 begynte hun ogs\u00e5 \u00e5 publisere videoer sammen med sin dav\u00e6rende kj\u00e6reste, treningsinfluenser Brett Caprioni (37). Duoen hadde kjent hverandre siden barneskolen, og forholdet deres ble beundret av mange.<\/p>\n<p>Derfor kom det som et sjokk for fansen da det i 2017 ble kjent at de hadde g\u00e5tt hver til sitt. Men \u00e5tte \u00e5r senere, n\u00e6rmere bestemt i oktober, bekreftet paret at de hadde funnet tilbake til hverandre.\u00a0<\/p>\n<p class=\"font-weight-bold m-font-weight-bold\" data-lab-font_weight=\"font-weight-bold\">N\u00e5 tar de forholdet et steg videre.<\/p>\n<p>        \u00abSKAL VI DANSE\u00bb: Danseparet bryter ut i latter under intervjuet. Video: Nora Skavhaug\/ R\u00f8d L\u00f8per<\/p>\n<p>Fridde p\u00e5 nytt\u00e5rsaften\t<\/p>\n<p>P\u00e5 selveste nytt\u00e5rsaften gikk nemlig \u00abVanderpump Rules\u00bb-stjernen ned p\u00e5 ett kne og fridde til influenseren\u00a0\u00a0<\/p>\n<p> \u00abMitt enkleste \u00abja\u00bb noensinne. Vi er forlovet\u00bb, skriver paret i et felles innlegg delt p\u00e5 Instagram.\u00a0<\/p>\n<p> Bildekarusellen viser en rekke bilder av det nyforlovede paret i lykkerus.<\/p>\n<p>Influenseren viser ogs\u00e5 stolt frem den skinnende diamantringen, samtidig som hun kliner til med sin fremtidige ektemann. <\/p>\n<p>        <img loading=\"lazy\" decoding=\"async\" src=\"https:\/\/www.europesays.com\/no\/wp-content\/uploads\/2026\/01\/84049440.webp.webp\" width=\"667\" height=\"654\" title=\"SMASK: Stjerneparet innleder et nytt kapittel i forholdet. Foto: Skjermbilde fra Instagram\/@carlibel\" alt=\"\" class=\"\" style=\"--aspect-ratio-image: 1.02; \"\/><\/p>\n<p>\n        SMASK: Stjerneparet innleder et nytt kapittel i forholdet. Foto: Skjermbilde fra Instagram\/@carlibel\n    <\/p>\n<p>&#8211; Tar ikke slutt\t<\/p>\n<p>Det var i sommer at <a href=\"https:\/\/www.seher.no\/kjendis\/sjokk-avsloring-sammen-igjen\/83740005\" rel=\"nofollow noopener\" target=\"_blank\">ryktene om en gjenforening begynte \u00e5 svirre<\/a>, da hun i august delte en video sammen med Caprioni.<\/p>\n<p>    <a itemprop=\"url\" href=\"https:\/\/www.seher.no\/kjendis\/het-flort-med-ny-mann\/84047399\" rel=\"nofollow noopener\" target=\"_blank\"><\/p>\n<p>        <img loading=\"lazy\" decoding=\"async\" src=\"https:\/\/www.europesays.com\/no\/wp-content\/uploads\/2026\/01\/1767378790_854_83903799.webp.webp\" width=\"980\" height=\"441\" title=\"Het fl\u00f8rt med ny mann\" alt=\"\" class=\"lazyload\" style=\"--aspect-ratio-image: 2.22; \"\/><\/p>\n<p>        Het fl\u00f8rt med ny mann<\/p>\n<p>    <\/a><\/p>\n<p>\u00abEt lite tilbakeblikk fra fortida\u00bb, skrev hun til videoen, hvor hun omfavnet ekskj\u00e6resten med et stort smil om munnen.\u00a0<\/p>\n<p>I oktober i \u00e5r bekreftet det tidligere paret at de hadde funnet tilbake til hverandre.\u00a0Bybel delte nyheten i en video p\u00e5 Instagram i forbindelse med sin 35-\u00e5rsdag <\/p>\n<p>        \u00abALLE ELSKER DAVID\u00bb: David Eriksen forteller at han hadde planer om \u00e5 lyve om dette. Video: \u00abAlle elsker David\u00bb\/TV 2, Nora Skavhaug\/R\u00f8d L\u00f8per<\/p>\n<p>I videoen g\u00e5r hun mot en kake med bursdagslys, f\u00f8r en mystisk manneh\u00e5nd bytter ut et lys. Deretter kommer Caprioni inn i bildet og gir henne en klem og en bukett med roser.<\/p>\n<p>        <img loading=\"lazy\" decoding=\"async\" src=\"https:\/\/www.europesays.com\/no\/wp-content\/uploads\/2026\/01\/84049476.webp.webp\" width=\"686\" height=\"686\" title=\"STORMFORELSKET: Kort tid etter at paret bekreftet gjenforeningen er de blitt forlovet. Foto: Skjermbilde fra Instagram\/@carlibel\" alt=\"\" class=\"\" style=\"--aspect-ratio-image: 1.00; \"\/><\/p>\n<p>\n        STORMFORELSKET: Kort tid etter at paret bekreftet gjenforeningen er de blitt forlovet. Foto: Skjermbilde fra Instagram\/@carlibel\n    <\/p>\n<p>\u00abNoen kj\u00e6rlighetshistorier tar ikke slutt&#8230; de tar en pause, de vokser, de leges og de kommer tilbake sterkere\u00bb, skrev Bybel.\u00a0<\/p>\n<p>Ble sparket\t<\/p>\n<p>Caprioni har tidligere v\u00e6rt \u00e5 se i sesong \u00e5tte av realityserien \u00abVanderpump Rules\u00bb som Lisa Vanderpumps (65) personlige trener og servit\u00f8r.<\/p>\n<p>I 2020 ble han og tre andre\u00a0<a href=\"https:\/\/www.seher.no\/kjendis\/jeg-beklager-og-forventer-ikke-tilgivelse\/72552088\" rel=\"nofollow noopener\" target=\"_blank\">sparket fra serien<\/a>\u00a0etter at gamle, st\u00f8tende og rasistiske utspill dukket opp i sosiale medier.\u00a0<\/p>\n<p>    <a itemprop=\"url\" href=\"https:\/\/www.seher.no\/kjendis\/kjendisdatteren-funnet-dod\/84047141\" rel=\"nofollow noopener\" target=\"_blank\"><\/p>\n<p>        <img loading=\"lazy\" decoding=\"async\" src=\"https:\/\/www.europesays.com\/no\/wp-content\/uploads\/2026\/01\/84047074.webp.webp\" width=\"980\" height=\"441\" title=\"Kjendisdatteren funnet d\u00f8d\" alt=\"\" class=\"lazyload\" style=\"--aspect-ratio-image: 2.22; \"\/><\/p>\n<p>        Kjendisdatteren funnet d\u00f8d<\/p>\n<p>    <\/a><\/p>\n<p>Bravo og Evolution Media begrunnet ikke avskjedigelsen, men People mente at exiten hadde en sammenheng med Black Lives Matter-bevegelsen.<\/p>\n<p>Caprioni uttalte seg etter hvert om saken:\u00a0<\/p>\n<p>        \u00abSKAL VI DANSE\u00bb: Vi sprer litt julekj\u00e6rlighet p\u00e5 \u00abSkal vi danse\u00bb. Video: Thea Hope\/Nora Skavhaug\/R\u00f8d L\u00f8per<\/p>\n<p>\u00abJeg setter pris p\u00e5 Lisa for muligheten hun ga meg. Det hele startet med henne. Hennes konstante st\u00f8tte gjennom denne reisen har betydd mye for meg. Hun forsto at jeg var en god fyr som gjorde en feil. Og hun trodde ogs\u00e5 p\u00e5 min evne til \u00e5 l\u00e6re av det og forandre meg. For det vil jeg alltid v\u00e6re takknemlig\u00bb, sa han til\u00a0<a href=\"https:\/\/www.etonline.com\/brett-caprioni-says-hell-always-be-grateful-to-lisa-vanderpump-after-vanderpump-rules-firing-147942\" rel=\"nofollow noopener\" target=\"_blank\">Entertainment Tonight<\/a>\u00a0i 2020.\u00a0<\/p>\n","protected":false},"excerpt":{"rendered":"Carli Bybel og Brett Caprioni: Stjerneparet fant tilbake til hverandre etter \u00e5tte \u00e5r. N\u00e5 r\u00f8per de et nytt&hellip;\n","protected":false},"author":2,"featured_media":127324,"comment_status":"","ping_status":"","sticky":false,"template":"","format":"standard","meta":{"footnotes":""},"categories":[58],"tags":[9239,71,5365,5429,2229,479,2543,30,28,29,72],"class_list":{"0":"post-127323","1":"post","2":"type-post","3":"status-publish","4":"format-standard","5":"has-post-thumbnail","7":"category-underholdning","8":"tag-carli-bybel","9":"tag-entertainment","10":"tag-forlovet","11":"tag-gladnyhet","12":"tag-influenser","13":"tag-kjendis","14":"tag-kjendisdesken","15":"tag-no","16":"tag-norge","17":"tag-norway","18":"tag-underholdning"},"share_on_mastodon":{"url":"https:\/\/pubeurope.com\/@no\/115826943805599737","error":""},"_links":{"self":[{"href":"https:\/\/www.europesays.com\/no\/wp-json\/wp\/v2\/posts\/127323","targetHints":{"allow":["GET"]}}],"collection":[{"href":"https:\/\/www.europesays.com\/no\/wp-json\/wp\/v2\/posts"}],"about":[{"href":"https:\/\/www.europesays.com\/no\/wp-json\/wp\/v2\/types\/post"}],"author":[{"embeddable":true,"href":"https:\/\/www.europesays.com\/no\/wp-json\/wp\/v2\/users\/2"}],"replies":[{"embeddable":true,"href":"https:\/\/www.europesays.com\/no\/wp-json\/wp\/v2\/comments?post=127323"}],"version-history":[{"count":0,"href":"https:\/\/www.europesays.com\/no\/wp-json\/wp\/v2\/posts\/127323\/revisions"}],"wp:featuredmedia":[{"embeddable":true,"href":"https:\/\/www.europesays.com\/no\/wp-json\/wp\/v2\/media\/127324"}],"wp:attachment":[{"href":"https:\/\/www.europesays.com\/no\/wp-json\/wp\/v2\/media?parent=127323"}],"wp:term":[{"taxonomy":"category","embeddable":true,"href":"https:\/\/www.europesays.com\/no\/wp-json\/wp\/v2\/categories?post=127323"},{"taxonomy":"post_tag","embeddable":true,"href":"https:\/\/www.europesays.com\/no\/wp-json\/wp\/v2\/tags?post=127323"}],"curies":[{"name":"wp","href":"https:\/\/api.w.org\/{rel}","templated":true}]}}