{"id":127325,"date":"2026-01-02T18:36:09","date_gmt":"2026-01-02T18:36:09","guid":{"rendered":"https:\/\/www.europesays.com\/no\/127325\/"},"modified":"2026-01-02T18:36:09","modified_gmt":"2026-01-02T18:36:09","slug":"godt-nytt-george-clooney","status":"publish","type":"post","link":"https:\/\/www.europesays.com\/no\/127325\/","title":{"rendered":"\u2013 Godt nytt, George Clooney"},"content":{"rendered":"\n<p class=\"_lead_o9xde_2 _lead_xtcu6_50 layout-component text-serif-m layout-normal text-serif-l layout-component layout-wide layout-padded _wide_17hqh_1 layout-padded\">Donald Trump feirer George Clooney og konas franske statsborgerskap med en h\u00e5nlig kommentar. \u2013 Godt nytt, skriver den amerikanske presidenten.<\/p>\n<p><img alt=\" Foto: Alex Brandon \/ AP\" class=\"_image_qp4xg_65 layout-component layout-wide\" data-fullscreen- data-track-element-type=\"Article image fullscreen\" data-track-name=\"ImageFullscreen\" fetchpriority=\"high\" decoding=\"sync\" loading=\"eager\" height=\"4000\" itemprop=\"image\"  src=\"https:\/\/www.europesays.com\/no\/wp-content\/uploads\/2026\/01\/7ad365a1-8547-4617-8974-8b974516038d.png\"  style=\"object-position:0% 0%\" width=\"6000\"\/> Foto: Alex Brandon \/ AP<\/p>\n<ul aria-hidden=\"true\" class=\"_images_ntbth_112\">\n<li><a class=\"_link_ntbth_117\" href=\"https:\/\/www.vg.no\/forfatter\/karin-muri\" style=\"z-index:1\" title=\"Karin Muri\" rel=\"nofollow noopener\" target=\"_blank\"><img alt=\"Bilde av Karin Muri\" class=\"_image_ntbth_93\" fetchpriority=\"low\" loading=\"lazy\" decoding=\"async\" itemprop=\"image\"  src=\"https:\/\/www.europesays.com\/no\/wp-content\/uploads\/2026\/01\/951f4a7a-8210-45cc-98c5-c3e53bba6bd9.jpeg\"  width=\"480\"\/><\/a><\/li>\n<\/ul>\n<p> Oppdatert fredag 2. januar kl. 19:30    <\/p>\n<ul class=\"_list_o9xde_3 _list_64s2r_85 _unordered_o9xde_106 text-sans-m\">\n<li class=\"_item_o9xde_30\">Donald Trump h\u00e5ner George Clooney og kona for \u00e5 ha f\u00e5tt fransk statsborgerskap.<\/li>\n<li class=\"_item_o9xde_30\">Clooney svarer ved \u00e5 st\u00f8tte at \u00abAmerika skal bli stort igjen\u00bb  \u2013 n\u00e5r det amerikanske mellomvalget kommer i november.<\/li>\n<li class=\"_item_o9xde_30\">Krangelen mellom skuespilleren og presidenten fortsetter.<\/li>\n<\/ul>\n<p>Vis mer <\/p>\n<p class=\"_paragraph_o9xde_4 _paragraph_xtcu6_10 layout-component text-serif-m layout-normal text-serif-m layout-padded\">\u2013 De to er av de aller d\u00e5rligste politiske \u00absp\u00e5menn\u00bb gjennom tidene, fyrte Trump av i en post p\u00e5 Truth Social p\u00e5 selveste nytt\u00e5rsaften.<\/p>\n<p class=\"_paragraph_o9xde_4 _paragraph_xtcu6_10 layout-component text-serif-m layout-normal text-serif-m layout-padded\">S\u00e5 la han til: MAKE AMERICA GREAT AGAIN.<\/p>\n<p class=\"_paragraph_o9xde_4 _paragraph_xtcu6_10 layout-component text-serif-m layout-normal text-serif-m layout-padded\">Presidenten brukte \u00e5rets siste dag til \u00e5 skjelle ut to av sine h\u00f8yt profilerte politiske kritikere.<\/p>\n<p><img alt=\"H\u00c5NES: Clooney-paret m\u00e5 t\u00e5le spark fra Donald Trump etter at de n\u00e5 er blitt franske statsborgere.  Foto: Millie Turner \/ AP \/ NTB\" class=\"_image_qp4xg_65 layout-component layout-normal\" data-fullscreen- data-track-element-type=\"Article image fullscreen\" data-track-name=\"ImageFullscreen\" decoding=\"async\" loading=\"lazy\" height=\"4000\" itemprop=\"image\"  src=\"https:\/\/www.europesays.com\/no\/wp-content\/uploads\/2026\/01\/2564f24f-628d-44d1-b24f-cb60a1545645.jpeg\"  style=\"object-position:0% 0%\" width=\"6000\"\/>H\u00c5NES: Clooney-paret m\u00e5 t\u00e5le spark fra Donald Trump etter at de n\u00e5 er blitt franske statsborgere.  Foto: Millie Turner \/ AP \/ NTBHer er hele Trumps Clooney-post:<\/p>\n<p class=\"_paragraph_o9xde_4 _paragraph_xtcu6_10 _paragraph_16v91_10 layout-component text-serif-m layout-normal text-sans-m layout-padded\">\u00abGode nyheter! George og Amal Clooney, to av de aller d\u00e5rligste politiske sp\u00e5mennene gjennom tidene, har offisielt blitt statsborgere av Frankrike \u2013 som dessverre st\u00e5r midt i et stort kriminalitetsproblem p\u00e5 grunn av deres fullstendig h\u00e5rreisende h\u00e5ndtering av innvandring, omtrent slik vi hadde det under S\u00f8vnige Joe Biden.\u00bb<\/p>\n<p class=\"_paragraph_o9xde_4 _paragraph_xtcu6_10 _paragraph_16v91_10 layout-component text-serif-m layout-normal text-sans-m layout-padded\">\u00abHusker du da Clooney, etter den n\u00e5 beryktede debatten, droppet Joe under en pengeinnsamling \u2013 bare for deretter \u00e5 stille seg bak en annen str\u00e5lende kandidat, Jamala (K!), som n\u00e5 kjemper mot den verste guvern\u00f8ren i landet, inkludert Tim Waltz og Gavin Newscum, om hvem som skal lede Demokratene mot deres fremtidige nederlag. Clooney fikk mer oppmerksomhet for politikk enn han noen gang fikk for sine sv\u00e6rt f\u00e5 \u2013 og fullstendig middelm\u00e5dige \u2013 filmer. Han var slett ingen filmstjerne; han var bare en gjennomsnittlig fyr som konstant klaget over sunn fornuft i politikken.\u00bb<\/p>\n<p>Vis mer<\/p>\n<p class=\"_paragraph_o9xde_4 _paragraph_xtcu6_10 layout-component text-serif-m layout-normal text-serif-m layout-padded\">Trumps utspill fikk umiddelbart den verdenskjente skuespilleren <a href=\"https:\/\/www.vg.no\/tag\/george-clooney?utm_source=vg-article&amp;utm_medium=auto-tagger&amp;utm_campaign=16nbXl\" class=\"_link_o9xde_39\" rel=\"nofollow noopener\" target=\"_blank\">George Clooney<\/a> til \u00e5 legge nytt skyts i kanonen:<\/p>\n<p><img alt=\"ORDKRIG: George Clooney er ikke redd for \u00e5 ta bladet fra munnen og svarer verdens mektigste mann s\u00e5 hatten passer.  Foto: Aaron Favila \/ AP \/ NTB\" class=\"_image_qp4xg_65 layout-component layout-normal\" data-fullscreen- data-track-element-type=\"Article image fullscreen\" data-track-name=\"ImageFullscreen\" decoding=\"async\" loading=\"lazy\" height=\"2651\" itemprop=\"image\"  src=\"https:\/\/www.europesays.com\/no\/wp-content\/uploads\/2026\/01\/67deb15a-91a7-401d-9a69-283e6de4fff5.jpeg\"  style=\"object-position:0% 0%\" width=\"3977\"\/>ORDKRIG: George Clooney er ikke redd for \u00e5 ta bladet fra munnen og svarer verdens mektigste mann s\u00e5 hatten passer.  Foto: Aaron Favila \/ AP \/ NTB<\/p>\n<p class=\"_paragraph_o9xde_4 _paragraph_xtcu6_10 layout-component text-serif-m layout-normal text-serif-m layout-padded\"><strong class=\"_strong_o9xde_25\">\u2013 Jeg er fullstendig enig med den n\u00e5v\u00e6rende presidenten. Vi m\u00e5 gj\u00f8re Amerika stort igjen. Vi starter i november.<\/strong><\/p>\n<p class=\"_paragraph_o9xde_4 _paragraph_xtcu6_10 layout-component text-serif-m layout-normal text-serif-m layout-padded\">Med det svaret fra Clooney til<a href=\"https:\/\/www.hollywoodreporter.com\/news\/politics-news\/george-clooney-pushes-back-trump-attacks-french-citizen-12364625\" class=\"_link_o9xde_39\" rel=\"nofollow noopener\" target=\"_blank\"> Hollywood Reporter<\/a> p\u00e5 1. nytt\u00e5rsdag, viser han til de mulighetene som ligger i det amerikanske mellomvalget som finner sted 3. november i \u00e5r.<\/p>\n<p> \u2013 Gjennomsnittlig fyr<\/p>\n<p class=\"_paragraph_o9xde_4 _paragraph_xtcu6_10 layout-component text-serif-m layout-normal text-serif-m layout-padded\">Den hissige ordkrigen mellom skuespilleren og presidenten fortsetter over Atlanteren i det nye \u00e5ret.<\/p>\n<p class=\"_paragraph_o9xde_4 _paragraph_xtcu6_10 layout-component text-serif-m layout-normal text-serif-m layout-padded\">George Clooney (64) og kona Amal (47), menneskerettighetsadvokaten<a href=\"https:\/\/www.vg.no\/rampelys\/i\/RjRQ5r\/george-clooney-har-blitt-fransk-statsborger\" data-track-element-type=\"Link\" data-track-id=\"link:RjRQ5r\" class=\"_link_o9xde_39\" rel=\"nofollow noopener\" target=\"_blank\">, avsl\u00f8rte nylig at de gj\u00f8r franskmenn av seg,<\/a> sammen med de \u00e5tte \u00e5r gamle tvillingene deres, Alexander og Ella. <\/p>\n<p><img alt=\"Amal og George Clooney  Foto: Alessandra Tarantino \/ AP \/ NTB\" class=\"_image_qp4xg_65 layout-component layout-normal\" data-fullscreen- data-track-element-type=\"Article image fullscreen\" data-track-name=\"ImageFullscreen\" decoding=\"async\" loading=\"lazy\" height=\"5533\" itemprop=\"image\"  src=\"https:\/\/www.europesays.com\/no\/wp-content\/uploads\/2026\/01\/fb651c04-d6b9-486b-aec9-45310031caf0.jpeg\"  style=\"object-position:0% 0%\" width=\"8300\"\/>Amal og George Clooney  Foto: Alessandra Tarantino \/ AP \/ NTB<\/p>\n<p class=\"_paragraph_o9xde_4 _paragraph_xtcu6_10 layout-component text-serif-m layout-normal text-serif-m layout-padded\"><a href=\"https:\/\/www.vg.no\/rampelys\/i\/XMg27n\/frankrike-forsvarer-clooney-parets-statsborgerskap\" data-track-element-type=\"Link\" data-track-id=\"link:XMg27n\" class=\"_link_o9xde_39\" rel=\"nofollow noopener\" target=\"_blank\">Det franske utenriksdepartementet bekreftet at paret oppfyller kriteriene <\/a>til fransk statsborgerskap, selv om landet strammet inn immigrasjonsreglene fra 1. januar 2026.<\/p>\n<p class=\"_paragraph_o9xde_4 _paragraph_xtcu6_10 layout-component text-serif-m layout-normal text-serif-m layout-padded\">Trump f\u00f8lger opp med \u00e5 kalle George Clooney en gjennomsnittlig fyr, som slett ikke var noen filmstjerne, men som fikk mer oppmerksomhet for politikk enn for sine f\u00e5 og fullstendig middelm\u00e5dige filmer.<\/p>\n<p><img alt=\"FEIRET NYTT\u00c5R: Samme dag som nytt\u00e5rsfeiringen p\u00e5gikk i Trumps Mar-a-Lago i Florida, fyrte presidenten av en kraftig bredside mot George Clooney og hans kone Amal.  Foto: JOE RAEDLE \/ AFP \/ NTB\" class=\"_image_qp4xg_65 layout-component layout-normal\" data-fullscreen- data-track-element-type=\"Article image fullscreen\" data-track-name=\"ImageFullscreen\" decoding=\"async\" loading=\"lazy\" height=\"3424\" itemprop=\"image\"  src=\"https:\/\/www.europesays.com\/no\/wp-content\/uploads\/2026\/01\/b44b940b-2438-4952-916d-2ef580c95911.jpeg\"  style=\"object-position:0% 0%\" width=\"5136\"\/>FEIRET NYTT\u00c5R: Samme dag som nytt\u00e5rsfeiringen p\u00e5gikk i Trumps Mar-a-Lago i Florida, fyrte presidenten av en kraftig bredside mot George Clooney og hans kone Amal.  Foto: JOE RAEDLE \/ AFP \/ NTB<\/p>\n<p class=\"_paragraph_o9xde_4 _paragraph_xtcu6_10 layout-component text-serif-m layout-normal text-serif-m layout-padded\">Den heftige ordbruken fra Trump kommer etter at Clooney har v\u00e6rt en tydelig kritiker av den sittende presidenten. I 2021 sa skuespilleren at navnet Trump for alltid vil bli forbundet med historiens s\u00f8ppelkasse, etter Trumps valgnederlag og oppt\u00f8yene i Kongressen 6. januar det \u00e5ret.<\/p>\n<p class=\"_paragraph_o9xde_4 _paragraph_xtcu6_10 layout-component text-serif-m layout-normal text-serif-m layout-padded\">Amal Clooney var allerede i 2019 sv\u00e6rt kritisk til Trumps behandling av pressen. Hun mener at retorikken hans gj\u00f8r \u00e6rlige journalister over hele verden mer s\u00e5rbare for angrep.<\/p>\n<p class=\"_paragraph_o9xde_4 _paragraph_xtcu6_10 layout-component text-serif-m layout-normal text-serif-m layout-padded\">Clooney-paret bor allerede i Frankrike. Tvillingforeldrene er kritiske til \u00e5 oppdra barna sine i LA og kulturen som preger Hollywood.<\/p>\n<p class=\"_paragraph_o9xde_4 _paragraph_xtcu6_10 layout-component text-serif-m layout-normal text-serif-m layout-padded\"><a href=\"https:\/\/people.com\/george-clooney-hits-back-after-donald-trump-celebrates-his-french-citizenship-11878315\" class=\"_link_o9xde_39\" rel=\"nofollow noopener\" target=\"_blank\">People<\/a> har v\u00e6rt i kontakt med pressetalspersonen i Det hvite hus for en kommentar til Clooneys siste Trump-svar, men har ikke f\u00e5tt svar.<\/p>\n","protected":false},"excerpt":{"rendered":"Donald Trump feirer George Clooney og konas franske statsborgerskap med en h\u00e5nlig kommentar. \u2013 Godt nytt, skriver den&hellip;\n","protected":false},"author":2,"featured_media":127326,"comment_status":"","ping_status":"","sticky":false,"template":"","format":"standard","meta":{"footnotes":""},"categories":[12],"tags":[8239,20,21,55,24,25,1244,8238,15,22,23,13,30,28,29,14,16,26,27,42,43,44,45],"class_list":{"0":"post-127325","1":"post","2":"type-post","3":"status-publish","4":"format-standard","5":"has-post-thumbnail","7":"category-verden","8":"tag-amal-clooney","9":"tag-breaking-news","10":"tag-breakingnews","11":"tag-donald-trump","12":"tag-featured-news","13":"tag-featurednews","14":"tag-frankrike","15":"tag-george-clooney","16":"tag-headlines","17":"tag-latest-news","18":"tag-latestnews","19":"tag-news","20":"tag-no","21":"tag-norge","22":"tag-norway","23":"tag-nyheter","24":"tag-overskrifter","25":"tag-top-stories","26":"tag-topstories","27":"tag-verden","28":"tag-world","29":"tag-world-news","30":"tag-worldnews"},"share_on_mastodon":{"url":"https:\/\/pubeurope.com\/@no\/115826955634567006","error":""},"_links":{"self":[{"href":"https:\/\/www.europesays.com\/no\/wp-json\/wp\/v2\/posts\/127325","targetHints":{"allow":["GET"]}}],"collection":[{"href":"https:\/\/www.europesays.com\/no\/wp-json\/wp\/v2\/posts"}],"about":[{"href":"https:\/\/www.europesays.com\/no\/wp-json\/wp\/v2\/types\/post"}],"author":[{"embeddable":true,"href":"https:\/\/www.europesays.com\/no\/wp-json\/wp\/v2\/users\/2"}],"replies":[{"embeddable":true,"href":"https:\/\/www.europesays.com\/no\/wp-json\/wp\/v2\/comments?post=127325"}],"version-history":[{"count":0,"href":"https:\/\/www.europesays.com\/no\/wp-json\/wp\/v2\/posts\/127325\/revisions"}],"wp:featuredmedia":[{"embeddable":true,"href":"https:\/\/www.europesays.com\/no\/wp-json\/wp\/v2\/media\/127326"}],"wp:attachment":[{"href":"https:\/\/www.europesays.com\/no\/wp-json\/wp\/v2\/media?parent=127325"}],"wp:term":[{"taxonomy":"category","embeddable":true,"href":"https:\/\/www.europesays.com\/no\/wp-json\/wp\/v2\/categories?post=127325"},{"taxonomy":"post_tag","embeddable":true,"href":"https:\/\/www.europesays.com\/no\/wp-json\/wp\/v2\/tags?post=127325"}],"curies":[{"name":"wp","href":"https:\/\/api.w.org\/{rel}","templated":true}]}}