{"id":127333,"date":"2026-01-02T18:40:14","date_gmt":"2026-01-02T18:40:14","guid":{"rendered":"https:\/\/www.europesays.com\/no\/127333\/"},"modified":"2026-01-02T18:40:14","modified_gmt":"2026-01-02T18:40:14","slug":"adrenalinfylt-serie-du-ikke-bor-ga-glipp-av","status":"publish","type":"post","link":"https:\/\/www.europesays.com\/no\/127333\/","title":{"rendered":"\u2013 Adrenalinfylt serie du ikke b\u00f8r g\u00e5 glipp av"},"content":{"rendered":"<p>   \u00abAmadeus\u00bb<\/p>\n<p class=\"_paragraph_o9xde_4 _paragraph_xtcu6_10 layout-component text-serif-m layout-normal text-serif-m layout-padded\">SkyShowtime \u2013 Drama \/ Historie \u2013 Fem episoder<\/p>\n<p class=\"_paragraph_o9xde_4 _paragraph_xtcu6_10 layout-component text-serif-m layout-normal text-serif-m layout-padded\">\u00abAmadeus\u00bb er en britisk miniserie i fem deler, basert p\u00e5 Peter Shaffers klassiske skuespill med samme navn. Samme stykke var inspirasjonen bak 1984-filmen \u00abAmadeus\u00bb, som vant \u00e5tte Oscar-statuetter \u2013 deriblant \u00abbeste film\u00bb. <\/p>\n<p><img alt=\"\u00abAmadeus\u00bb p\u00e5 SkyShowtime  Foto: SkyShowtime\" class=\"_image_qp4xg_65 layout-component layout-normal\" data-fullscreen- data-track-element-type=\"Article image fullscreen\" data-track-name=\"ImageFullscreen\" decoding=\"async\" loading=\"lazy\" height=\"1316\" itemprop=\"image\"  src=\"https:\/\/www.europesays.com\/no\/wp-content\/uploads\/2026\/01\/ff4b2ad1-75ec-442a-bb86-d4eeec38f7d0.jpeg\"  style=\"object-position:0% 0%\" width=\"2214\"\/>\u00abAmadeus\u00bb p\u00e5 SkyShowtime  Foto: SkyShowtime<\/p>\n<p class=\"_paragraph_o9xde_4 _paragraph_xtcu6_10 layout-component text-serif-m layout-normal text-serif-m layout-padded\">Serien er en dramatisk og fiksjonell fortelling om komponistene Wolfgang Amadeus Mozart og Antonio Salieri, og deres rivalisering i det 18. \u00e5rhundrets Wien. <\/p>\n<p class=\"_paragraph_o9xde_4 _paragraph_xtcu6_10 layout-component text-serif-m layout-normal text-serif-m layout-padded\">I hovedrollene finner vi \u00abThe White Lotus\u00bb-skuespiller Will Sharpe, \u00abAvengers\u00bb-stjernen Paul Bettany og Gabrielle Creevy, kjent fra \u00abMitt liv som meg\u00bb og \u00abThree Women\u00bb. <\/p>\n<p><img alt=\"\u00abAmadeus\u00bb p\u00e5 SkyShowtime  Foto: SkyShowtime\" class=\"_image_qp4xg_65 layout-component layout-normal\" data-fullscreen- data-track-element-type=\"Article image fullscreen\" data-track-name=\"ImageFullscreen\" decoding=\"async\" loading=\"lazy\" height=\"1304\" itemprop=\"image\"  src=\"https:\/\/www.europesays.com\/no\/wp-content\/uploads\/2026\/01\/11fadda8-cf5f-4267-aadf-3e46baab1549.jpeg\"  style=\"object-position:0% 0%\" width=\"2314\"\/>\u00abAmadeus\u00bb p\u00e5 SkyShowtime  Foto: SkyShowtime<\/p>\n<p class=\"_paragraph_o9xde_4 _paragraph_xtcu6_10 layout-component text-serif-m layout-normal text-serif-m layout-padded\"><a href=\"https:\/\/www.imdb.com\/title\/tt32061880\/\" class=\"_link_o9xde_39\" rel=\"nofollow noopener\" target=\"_blank\">IMDB-scoren<\/a> er ikke all verden \u00e5 skryte av med sine 5.1 av 10 poeng, men flere internasjonale anmeldere har latt seg begeistre av musikken \u00abAmadeus\u00bb spiller.<\/p>\n<p class=\"_paragraph_o9xde_4 _paragraph_xtcu6_10 layout-component text-serif-m layout-normal text-serif-m layout-padded\"><a href=\"https:\/\/www.empireonline.com\/tv\/reviews\/amadeus\/\" class=\"_link_o9xde_39\" rel=\"nofollow noopener\" target=\"_blank\">Empire<\/a> kaller serien en morsom, overd\u00e5dig og intelligent tolkning av teaterstykket \u2013 langt mer enn bare en ny versjon.<a href=\"https:\/\/www.dailymail.co.uk\/tv\/article-15404251\/CHRISTOPHER-STEVENS-Louder-cruder-raunchier-Oscar-winning-original-vulgar-new-adaptation-Amadeus-feels-times-like-desecration-Mozarts-music.html?ico=authors_pagination_desktop\" class=\"_link_o9xde_39\" rel=\"nofollow noopener\" target=\"_blank\"> Daily Mail<\/a> mener denne versjonen av \u00abAmadeus\u00bb er grovere, blodig, r\u00e5ere, sintere, mer prangende og mer vulg\u00e6r enn den Oscar-vinnende broren. <\/p>\n<p><img alt=\"\u00abAmadeus\u00bb p\u00e5 SkyShowtime  Foto: SkyShowtime\" class=\"_image_qp4xg_65 layout-component layout-normal\" data-fullscreen- data-track-element-type=\"Article image fullscreen\" data-track-name=\"ImageFullscreen\" decoding=\"async\" loading=\"lazy\" height=\"1584\" itemprop=\"image\"  src=\"https:\/\/www.europesays.com\/no\/wp-content\/uploads\/2026\/01\/6f1db0ce-722a-49d4-b4b0-ba1611d896d3.jpeg\"  style=\"object-position:0% 0%\" width=\"2804\"\/>\u00abAmadeus\u00bb p\u00e5 SkyShowtime  Foto: SkyShowtime<\/p>\n<p class=\"_paragraph_o9xde_4 _paragraph_xtcu6_10 layout-component text-serif-m layout-normal text-serif-m layout-padded\"><a href=\"https:\/\/www.thetimes.com\/culture\/tv-radio\/article\/amadeus-review-will-sharpe-paul-bettany-sky-srf2j5v8d?gaa_at=\" class=\"_link_o9xde_39\" rel=\"nofollow noopener\" target=\"_blank\">The Times<\/a> trekker fram et spr\u00e5k og en seksualitet i moderne drakt som positive elementer, mens <a href=\"https:\/\/www.standard.co.uk\/culture\/tvfilm\/amadeus-review-will-sharpe-mozart-sky-b1262602.html\" class=\"_link_o9xde_39\" rel=\"nofollow noopener\" target=\"_blank\">The Standard<\/a> mener den er saftig og lettford\u00f8yelig, med rikelig med sex, humor og spektakul\u00e6re scener. Et tempo som gj\u00f8r at du sluker serien p\u00e5 en dag eller to, skriver de. <\/p>\n<p><img alt=\"\u00abAmadeus\u00bb p\u00e5 SkyShowtime  Foto: SkyShowtime\" class=\"_image_qp4xg_65 layout-component layout-normal\" data-fullscreen- data-track-element-type=\"Article image fullscreen\" data-track-name=\"ImageFullscreen\" decoding=\"async\" loading=\"lazy\" height=\"1576\" itemprop=\"image\"  src=\"https:\/\/www.europesays.com\/no\/wp-content\/uploads\/2026\/01\/9e18d638-0611-40d2-b05d-a6de601a325c.jpeg\"  style=\"object-position:0% 0%\" width=\"1968\"\/>\u00abAmadeus\u00bb p\u00e5 SkyShowtime  Foto: SkyShowtime\u00abSynden\u00bb<\/p>\n<p class=\"_paragraph_o9xde_4 _paragraph_xtcu6_10 layout-component text-serif-m layout-normal text-serif-m layout-padded\"><a href=\"https:\/\/www.vg.no\/tag\/netflix?utm_source=vg-article&amp;utm_medium=auto-tagger&amp;utm_campaign=M7wQ45\" class=\"_link_o9xde_39\" rel=\"nofollow noopener\" target=\"_blank\">Netflix<\/a> \u2013 Krim \/ Mysterium \/ Drama \u2013 Fem episoder<\/p>\n<p class=\"_paragraph_o9xde_4 _paragraph_xtcu6_10 layout-component text-serif-m layout-normal text-serif-m layout-padded\">Dette er ikke en krimserie som alle andre, sier regiss\u00f8r Peter Gr\u00f6nlund til <a href=\"https:\/\/www.moviezine.se\/nyheter\/smygtitta-pa-synden-netflix-rollista?utm_source=chatgpt.com\" class=\"_link_o9xde_39\" rel=\"nofollow noopener\" target=\"_blank\">Moviezine<\/a>.<\/p>\n<p class=\"_paragraph_o9xde_4 _paragraph_xtcu6_10 layout-component text-serif-m layout-normal text-serif-m layout-padded\">Hvorvidt han har rett f\u00e5r v\u00e6re opp til publikum \u00e5 avgj\u00f8re, men svensken har i det minste selvtillit nok til \u00e5 g\u00e5 hardt ut. Han hevder at \u00abSynden\u00bb beveger seg forbi format og stil for \u00e5 skildre mennesker i samfunnets ytterkant \u2013 en r\u00e5 reise inn i psykologien som driver dem. <\/p>\n<p><img alt=\"\u00abSynden\u00bb p\u00e5 Netflix.  Foto: Netflix\" class=\"_image_qp4xg_65 layout-component layout-normal\" data-fullscreen- data-track-element-type=\"Article image fullscreen\" data-track-name=\"ImageFullscreen\" decoding=\"async\" loading=\"lazy\" height=\"3000\" itemprop=\"image\"  src=\"https:\/\/www.europesays.com\/no\/wp-content\/uploads\/2026\/01\/4514dfd7-15c6-472c-8481-ca0f3abf8a4f.jpeg\"  style=\"object-position:0% 0%\" width=\"4498\"\/>\u00abSynden\u00bb p\u00e5 Netflix.  Foto: Netflix<\/p>\n<p class=\"_paragraph_o9xde_4 _paragraph_xtcu6_10 layout-component text-serif-m layout-normal text-serif-m layout-padded\">Da den unge Silas blir funnet livl\u00f8s p\u00e5 en g\u00e5rd p\u00e5 Bj\u00e4rehalv\u00f8ya, settes en etterforskning i gang ledet av Dani (Krista Kosonen) \u2013 en uvanlig, temperamentsfull og skarpsindig etterforsker. Hun teamer opp med den ferske politibetjenten Malik (Mohammed Nour Oklah). <\/p>\n<p><img alt=\"\u00abSynden\u00bb p\u00e5 Netflix.  Foto: Netflix\" class=\"_image_qp4xg_65 layout-component layout-normal\" data-fullscreen- data-track-element-type=\"Article image fullscreen\" data-track-name=\"ImageFullscreen\" decoding=\"async\" loading=\"lazy\" height=\"3000\" itemprop=\"image\"  src=\"https:\/\/www.europesays.com\/no\/wp-content\/uploads\/2026\/01\/8f50476e-58e0-41c2-b168-1848c6a52024.jpeg\"  style=\"object-position:0% 0%\" width=\"4498\"\/>\u00abSynden\u00bb p\u00e5 Netflix.  Foto: Netflix<\/p>\n<p class=\"_paragraph_o9xde_4 _paragraph_xtcu6_10 layout-component text-serif-m layout-normal text-serif-m layout-padded\">Sporene i saken leder dem inn i et lukket og mannsdominert milj\u00f8 p\u00e5 den sk\u00e5nske landsbygda, der gamle maktstrukturer og dype lojaliteter r\u00e5der. Snart avdekkes en bitter konflikt mellom familier, en strid som har strukket seg over flere generasjoner.<\/p>\n<p><img alt=\"\u00abSynden\u00bb p\u00e5 Netflix.  Foto: Netflix\" class=\"_image_qp4xg_65 layout-component layout-normal\" data-fullscreen- data-track-element-type=\"Article image fullscreen\" data-track-name=\"ImageFullscreen\" decoding=\"async\" loading=\"lazy\" height=\"1634\" itemprop=\"image\"  src=\"https:\/\/www.europesays.com\/no\/wp-content\/uploads\/2026\/01\/b5fd8f63-bbc7-486b-8966-9500a6e1f108.jpeg\"  style=\"object-position:0% 0%\" width=\"3840\"\/>\u00abSynden\u00bb p\u00e5 Netflix.  Foto: Netflix<\/p>\n<p class=\"_paragraph_o9xde_4 _paragraph_xtcu6_10 layout-component text-serif-m layout-normal text-serif-m layout-padded\">\u00abSynden\u00bb kombinerer klassiske nordic noir-elementer med en m\u00f8rk, psykologisk inngang. Du kan forvente menneskets m\u00f8rke natur, vold, uforl\u00f8ste hemmeligheter og personlige traumer. <\/p>\n<p><img alt=\"\u00abSynden\u00bb p\u00e5 Netflix.  Foto: Netflix \/\" class=\"_image_qp4xg_65 layout-component layout-normal\" data-fullscreen- data-track-element-type=\"Article image fullscreen\" data-track-name=\"ImageFullscreen\" decoding=\"async\" loading=\"lazy\" height=\"3000\" itemprop=\"image\"  src=\"https:\/\/www.europesays.com\/no\/wp-content\/uploads\/2026\/01\/4dca41a0-6c59-4689-aa0a-c2ac3cfaa056.jpeg\"  style=\"object-position:0% 0%\" width=\"4498\"\/>\u00abSynden\u00bb p\u00e5 Netflix.  Foto: Netflix \/\u00abLast Standing Samurai\u00bb<\/p>\n<p class=\"_paragraph_o9xde_4 _paragraph_xtcu6_10 layout-component text-serif-m layout-normal text-serif-m layout-padded\">Netflix \u2013 Action \/ Drama \/ Historie \u2013 Seks episoder<\/p>\n<p class=\"_paragraph_o9xde_4 _paragraph_xtcu6_10 layout-component text-serif-m layout-normal text-serif-m layout-padded\">Dette er serien for meg. Jeg vokste opp p\u00e5 gamle samurai- og ninjafilmer. I 2024 ga Netflix meg \u00abHouse of Ninjas\u00bb, mens n\u00e5 har vi f\u00e5tt \u00abLast Standing Samurai\u00bb. Her snakker vi forrykende sverdkamper og edle helter. Det er godt \u00e5 leve! <\/p>\n<p><img alt=\"\u00abLast Standing Samurai\u00bb p\u00e5 Netflix.  Foto: Chihoko Ishii\/Netflix\" class=\"_image_qp4xg_65 layout-component layout-normal\" data-fullscreen- data-track-element-type=\"Article image fullscreen\" data-track-name=\"ImageFullscreen\" decoding=\"async\" loading=\"lazy\" height=\"3648\" itemprop=\"image\"  src=\"https:\/\/www.europesays.com\/no\/wp-content\/uploads\/2026\/01\/fce0b3a7-e802-46c5-ab98-f1f434265758.jpeg\"  style=\"object-position:0% 0%\" width=\"5472\"\/>\u00abLast Standing Samurai\u00bb p\u00e5 Netflix.  Foto: Chihoko Ishii\/Netflix<\/p>\n<p class=\"_paragraph_o9xde_4 _paragraph_xtcu6_10 layout-component text-serif-m layout-normal text-serif-m layout-padded\">Vi befinner oss i Japan i i 1878, tiden etter samuraienes \u00e6ra. 292 falne samuraier \u2013 krigere som har mistet status og levebr\u00f8d etter samuraienes fall \u2013 blir lokket til et livsfarlig spill kalt Kodoku med l\u00f8fte om enorme pengepremier. Bare \u00e9n overlevende vil komme ut av det mystiske spillet. <\/p>\n<p class=\"_paragraph_o9xde_4 _paragraph_xtcu6_10 layout-component text-serif-m layout-normal text-serif-m layout-padded\">\u00abLast Standing Samurai\u00bb er sterkt inspirert av battle-rojale-konsepter \u00e0 la \u00abSquid Game\u00bb, \u00abHunger Games\u00bb og \u00abBattle Royal\u00bb\u00bb, med samuraier og historisk settinger. Serien er basert p\u00e5 de grafiske romanene \u00abIkusagami Ten\u00bb og \u00abIkusagami Ji\u00bb av Shogo Imamura.<\/p>\n<p><img alt=\"\u00abLast Standing Samurai\u00bb p\u00e5 Netflix.  Foto: Chihoko Ishii\/Netflix\" class=\"_image_qp4xg_65 layout-component layout-normal\" data-fullscreen- data-track-element-type=\"Article image fullscreen\" data-track-name=\"ImageFullscreen\" decoding=\"async\" loading=\"lazy\" height=\"3648\" itemprop=\"image\"  src=\"https:\/\/www.europesays.com\/no\/wp-content\/uploads\/2026\/01\/abcac86d-a325-4f95-b562-209ed23b8174.jpeg\"  style=\"object-position:0% 0%\" width=\"5472\"\/>\u00abLast Standing Samurai\u00bb p\u00e5 Netflix.  Foto: Chihoko Ishii\/Netflix<\/p>\n<p class=\"_paragraph_o9xde_4 _paragraph_xtcu6_10 layout-component text-serif-m layout-normal text-serif-m layout-padded\">Jeg er ikke alene om \u00e5 v\u00e6re begeistret for denne; kritikerne jubler ogs\u00e5.<\/p>\n<p class=\"_paragraph_o9xde_4 _paragraph_xtcu6_10 layout-component text-serif-m layout-normal text-serif-m layout-padded\"><a href=\"https:\/\/collider.com\/last-samurai-standing-review-netflix\/\" class=\"_link_o9xde_39\" rel=\"nofollow noopener\" target=\"_blank\">Collider<\/a> mener serien utmerker seg som en adrenalinfylt serie du ikke b\u00f8r g\u00e5 glipp av. De mener den var fjor\u00e5rets beste live-action-actionserie p\u00e5 TV.<\/p>\n<p><img alt=\"\u00abLast Standing Samurai\u00bb p\u00e5 Netflix.  Foto: Chihoko Ishii\/Netflix\" class=\"_image_qp4xg_65 layout-component layout-normal\" data-fullscreen- data-track-element-type=\"Article image fullscreen\" data-track-name=\"ImageFullscreen\" decoding=\"async\" loading=\"lazy\" height=\"3648\" itemprop=\"image\"  src=\"https:\/\/www.europesays.com\/no\/wp-content\/uploads\/2026\/01\/b539aa4f-be1a-430a-ad52-09d548b267ea.jpeg\"  style=\"object-position:0% 0%\" width=\"5472\"\/>\u00abLast Standing Samurai\u00bb p\u00e5 Netflix.  Foto: Chihoko Ishii\/Netflix<\/p>\n<p class=\"_paragraph_o9xde_4 _paragraph_xtcu6_10 layout-component text-serif-m layout-normal text-serif-m layout-padded\">Anerkjente <a href=\"https:\/\/www.rogerebert.com\/streaming\/last-samurai-standing-netflix-tv-review-2025\" class=\"_link_o9xde_39\" rel=\"nofollow noopener\" target=\"_blank\">RogerEbert<\/a> p\u00e5 sin side skriver at \u00abLast Standing Samurai\u00bb er noe av det mest intrikate actionfilmspr\u00e5ket vi har sett p\u00e5 TV p\u00e5 mange \u00e5r, med et bankende menneskelig hjerte som f\u00e5r oss til \u00e5 bry oss. En av fjor\u00e5rets beste actionserier, if\u00f8lge dem. <\/p>\n<p><img alt=\"\u00abLast Standing Samurai\u00bb p\u00e5 Netflix.  Foto: Netflix\" class=\"_image_qp4xg_65 layout-component layout-normal\" data-fullscreen- data-track-element-type=\"Article image fullscreen\" data-track-name=\"ImageFullscreen\" decoding=\"async\" loading=\"lazy\" height=\"3468\" itemprop=\"image\"  src=\"https:\/\/www.europesays.com\/no\/wp-content\/uploads\/2026\/01\/dd209283-745e-4ee0-a75e-3679cda4c81d.jpeg\"  style=\"object-position:0% 0%\" width=\"5212\"\/>\u00abLast Standing Samurai\u00bb p\u00e5 Netflix.  Foto: Netflix\u00abMade in Korea\u00bb<\/p>\n<p class=\"_paragraph_o9xde_4 _paragraph_xtcu6_10 layout-component text-serif-m layout-normal text-serif-m layout-padded\">Disney Pluss \u2013 Drama \/ Krim \/ Thriller \u2013 Seks episoder<\/p>\n<p class=\"_paragraph_o9xde_4 _paragraph_xtcu6_10 layout-component text-serif-m layout-normal text-serif-m layout-padded\">Som s\u00e5 mange ganger f\u00f8r i denne spalten, skal vi til S\u00f8r-Korea. De kan sine saker der borte. Denne gangen beveger vi oss til en historisk krim-thriller med intriger og maktkonflikt i en dramatisk tid i s\u00f8rkoreansk historie. <\/p>\n<p><img alt=\"\u00abMade in Korea\u00bb p\u00e5 Disney+.  Foto: Disney+\" class=\"_image_qp4xg_65 layout-component layout-normal\" data-fullscreen- data-track-element-type=\"Article image fullscreen\" data-track-name=\"ImageFullscreen\" decoding=\"async\" loading=\"lazy\" height=\"1348\" itemprop=\"image\"  src=\"https:\/\/www.europesays.com\/no\/wp-content\/uploads\/2026\/01\/ce739920-fae0-4da2-8754-ae80c7531878.jpeg\"  style=\"object-position:0% 0%\" width=\"2036\"\/>\u00abMade in Korea\u00bb p\u00e5 Disney+.  Foto: Disney+<\/p>\n<p class=\"_paragraph_o9xde_4 _paragraph_xtcu6_10 layout-component text-serif-m layout-normal text-serif-m layout-padded\">Handlingen i \u00abMade in Korea\u00bb dreier seg om Baek Ki\u2011tae, en smart og ambisi\u00f8s agent i Koreas sentrale etterretningsbyr\u00e5 (KCIA), som lever et dobbeltliv. <\/p>\n<p class=\"_paragraph_o9xde_4 _paragraph_xtcu6_10 layout-component text-serif-m layout-normal text-serif-m layout-padded\">Offisielt innehar han mektige posisjoner i staten, men i skjul er han involvert i ulovlige forretningsnettverk for \u00e5 skaffe seg rikdom og innflytelse. <\/p>\n<p><img alt=\"\u00abMade in Korea\u00bb p\u00e5 Disney+.  Foto: Disney+\" class=\"_image_qp4xg_65 layout-component layout-normal\" data-fullscreen- data-track-element-type=\"Article image fullscreen\" data-track-name=\"ImageFullscreen\" decoding=\"async\" loading=\"lazy\" height=\"1348\" itemprop=\"image\"  src=\"https:\/\/www.europesays.com\/no\/wp-content\/uploads\/2026\/01\/776b9210-45e2-44e9-8faf-1d0e9b04e997.jpeg\"  style=\"object-position:0% 0%\" width=\"2030\"\/>\u00abMade in Korea\u00bb p\u00e5 Disney+.  Foto: Disney+<\/p>\n<p class=\"_paragraph_o9xde_4 _paragraph_xtcu6_10 layout-component text-serif-m layout-normal text-serif-m layout-padded\">Mot ham st\u00e5r Jang Geon\u2011young, en utrettelig og prinsippfast aktor som fors\u00f8ker \u00e5 avdekke og stoppe Baek Ki\u2011tas korrupte virksomhet. <\/p>\n<p class=\"_paragraph_o9xde_4 _paragraph_xtcu6_10 layout-component text-serif-m layout-normal text-serif-m layout-padded\">Konflikten mellom de to utvikler seg til et intenst katt\u2011og\u2011mus-spill, preget av politiske konspirasjoner, kriminalitet og maktkamp i en turbulent historisk periode.<\/p>\n<p><img alt=\"\u00abMade in Korea\u00bb p\u00e5 Disney+.  Foto: Disney+\" class=\"_image_qp4xg_65 layout-component layout-normal\" data-fullscreen- data-track-element-type=\"Article image fullscreen\" data-track-name=\"ImageFullscreen\" decoding=\"async\" loading=\"lazy\" height=\"1322\" itemprop=\"image\"  src=\"https:\/\/www.europesays.com\/no\/wp-content\/uploads\/2026\/01\/9e011e0d-7cc1-4209-a336-6c58069e1ca5.jpeg\"  style=\"object-position:0% 0%\" width=\"1978\"\/>\u00abMade in Korea\u00bb p\u00e5 Disney+.  Foto: Disney+<\/p>\n<p class=\"_paragraph_o9xde_4 _paragraph_xtcu6_10 layout-component text-serif-m layout-normal text-serif-m layout-padded\">Serien foreg\u00e5r p\u00e5 1970-tallet, en periode preget av politisk uro, autorit\u00e6rt styre og omfattende maktkamper. <\/p>\n<p><img alt=\"\u00abMade in Korea\u00bb p\u00e5 Disney+.  Foto: Disney+\" class=\"_image_qp4xg_65 layout-component layout-normal\" data-fullscreen- data-track-element-type=\"Article image fullscreen\" data-track-name=\"ImageFullscreen\" decoding=\"async\" loading=\"lazy\" height=\"1346\" itemprop=\"image\"  src=\"https:\/\/www.europesays.com\/no\/wp-content\/uploads\/2026\/01\/9dc46ac6-0ba9-4784-ac12-4c3fc76b2d4a.jpeg\"  style=\"object-position:0% 0%\" width=\"2030\"\/>\u00abMade in Korea\u00bb p\u00e5 Disney+.  Foto: Disney+    <\/p>\n","protected":false},"excerpt":{"rendered":"\u00abAmadeus\u00bb SkyShowtime \u2013 Drama \/ Historie \u2013 Fem episoder \u00abAmadeus\u00bb er en britisk miniserie i fem deler, basert&hellip;\n","protected":false},"author":2,"featured_media":127334,"comment_status":"","ping_status":"","sticky":false,"template":"","format":"standard","meta":{"footnotes":""},"categories":[58],"tags":[374,71,220,30,28,29,8157,5288,72],"class_list":{"0":"post-127333","1":"post","2":"type-post","3":"status-publish","4":"format-standard","5":"has-post-thumbnail","7":"category-underholdning","8":"tag-disney","9":"tag-entertainment","10":"tag-netflix","11":"tag-no","12":"tag-norge","13":"tag-norway","14":"tag-serietips","15":"tag-skyshowtime","16":"tag-underholdning"},"share_on_mastodon":{"url":"https:\/\/pubeurope.com\/@no\/115826971418989840","error":""},"_links":{"self":[{"href":"https:\/\/www.europesays.com\/no\/wp-json\/wp\/v2\/posts\/127333","targetHints":{"allow":["GET"]}}],"collection":[{"href":"https:\/\/www.europesays.com\/no\/wp-json\/wp\/v2\/posts"}],"about":[{"href":"https:\/\/www.europesays.com\/no\/wp-json\/wp\/v2\/types\/post"}],"author":[{"embeddable":true,"href":"https:\/\/www.europesays.com\/no\/wp-json\/wp\/v2\/users\/2"}],"replies":[{"embeddable":true,"href":"https:\/\/www.europesays.com\/no\/wp-json\/wp\/v2\/comments?post=127333"}],"version-history":[{"count":0,"href":"https:\/\/www.europesays.com\/no\/wp-json\/wp\/v2\/posts\/127333\/revisions"}],"wp:featuredmedia":[{"embeddable":true,"href":"https:\/\/www.europesays.com\/no\/wp-json\/wp\/v2\/media\/127334"}],"wp:attachment":[{"href":"https:\/\/www.europesays.com\/no\/wp-json\/wp\/v2\/media?parent=127333"}],"wp:term":[{"taxonomy":"category","embeddable":true,"href":"https:\/\/www.europesays.com\/no\/wp-json\/wp\/v2\/categories?post=127333"},{"taxonomy":"post_tag","embeddable":true,"href":"https:\/\/www.europesays.com\/no\/wp-json\/wp\/v2\/tags?post=127333"}],"curies":[{"name":"wp","href":"https:\/\/api.w.org\/{rel}","templated":true}]}}