{"id":127335,"date":"2026-01-02T18:43:10","date_gmt":"2026-01-02T18:43:10","guid":{"rendered":"https:\/\/www.europesays.com\/no\/127335\/"},"modified":"2026-01-02T18:43:10","modified_gmt":"2026-01-02T18:43:10","slug":"islamistisk-dobbeltdrapsmann-far-erstatning-fengselet-gjorde-ham-deprimert","status":"publish","type":"post","link":"https:\/\/www.europesays.com\/no\/127335\/","title":{"rendered":"Islamistisk dobbeltdrapsmann f\u00e5r erstatning \u2013 fengselet gjorde ham \u00abdeprimert\u00bb"},"content":{"rendered":"<p><strong>En islamistisk dobbeltdrapsmann har vunnet frem i en menneskerettssak mot britiske myndigheter etter \u00e5 ha blitt satt i isolasjon i fengsel. <\/strong><\/p>\n<p>Domstolen slo fast at behandlingen krenket hans rett til privatliv, og justisminister David Lammy har godkjent b\u00e5de erstatning og dekning av omfattende advokatutgifter, skriver <a href=\"https:\/\/www.telegraph.co.uk\/news\/2026\/01\/01\/islamist-double-killer-handed-240k-david-lammy\/\" rel=\"nofollow noopener\" target=\"_blank\">The Telegraph<\/a>.<\/p>\n<p>Fuad Awale f\u00e5r 7.500 pund (ca 100.000 norske kroner) i kompensasjon, i tillegg til at staten dekker rundt 234.000 pund (over 3 millioner NOK) i juridiske kostnader.<\/p>\n<p>Awale ble plassert i en spesialenhet for landets farligste innsatte etter at han og en annen fange tok en fengselsbetjent som gissel. De truet med \u00e5 drepe betjenten dersom Storbritannia ikke l\u00f8slot hatpredikanten Abu Qatada.<\/p>\n<p><strong>Menneskerettigheter \u2013 EMK<\/strong><\/p>\n<p>Form\u00e5let med isolasjonen var \u00e5 hindre Awale i \u00e5 skade fengselsansatte og radikalisere andre innsatte. Likevel mente retten at tiltaket krenket hans rettigheter etter artikkel 8 i Den europeiske menneskerettskonvensjonen, som omfatter retten til privatliv og sosial omgang.<\/p>\n<p>Awale hevdet at manglende kontakt med andre innsatte f\u00f8rte til alvorlig depresjon.<\/p>\n<p>\u00abHan har lidd av alvorlig depresjon som f\u00f8lge av at han ble nektet kontakt med andre innsatte,\u00bb fikk retten opplyst fra mannens advokater.<\/p>\n<p>Retten ble ogs\u00e5 informert om at Awale hadde bedt om \u00e5 f\u00e5 omg\u00e5s en av de islamistiske ekstremistene bak drapet p\u00e5 soldaten Lee Rigby, men at foresp\u00f8rselen ble avsl\u00e5tt av hensyn til antiterrorarbeid.<\/p>\n<p>High Court slo likevel fast at isolasjonen innebar et inngrep i hans privatliv som var av betydelig omfang og varighet.<\/p>\n<p><strong>\u2013 En syk vits<\/strong><\/p>\n<p>Dommen har utl\u00f8st sterke reaksjoner. Skyggejustisminister Robert Jenrick (Tory) advarte om at avgj\u00f8relsen kan f\u00e5 alvorlige konsekvenser.<\/p>\n<p>\u2013 Det er en syk vits at skattebetalerne gir denne mannen 7.500 pund i erstatning og dekker en advokatregning p\u00e5 over 230.000 pund, sa Jenrick if\u00f8lge The Telegraph.<\/p>\n<p>\u2013 Dette er en dobbeltdrapsmann og ekstremist som tok en fengselsbetjent som gissel.<\/p>\n<p>Han mente dommen viser hvordan menneskerettighetsregelverket prioriterer ekstremisters rettigheter fremfor sikkerheten til fengselsbetjenter.<\/p>\n<p>Lammy har opplyst at regjeringen vurderer om lovendringer er n\u00f8dvendige for \u00e5 hindre at voldelige kriminelle bruker menneskerettighetene som hinder for \u00e5 ivareta nasjonal sikkerhet.<\/p>\n<p>Awale soner livstid for \u00e5 ha skutt to unge menn i hodet i 2011 i det en dommer beskrev som en planlagt henrettelse.<\/p>\n","protected":false},"excerpt":{"rendered":"En islamistisk dobbeltdrapsmann har vunnet frem i en menneskerettssak mot britiske myndigheter etter \u00e5 ha blitt satt i&hellip;\n","protected":false},"author":2,"featured_media":127336,"comment_status":"","ping_status":"","sticky":false,"template":"","format":"standard","meta":{"footnotes":""},"categories":[12],"tags":[20,21,24,25,15,2198,22,23,13,30,28,29,14,16,865,26,27,42,43,44,45],"class_list":{"0":"post-127335","1":"post","2":"type-post","3":"status-publish","4":"format-standard","5":"has-post-thumbnail","7":"category-verden","8":"tag-breaking-news","9":"tag-breakingnews","10":"tag-featured-news","11":"tag-featurednews","12":"tag-headlines","13":"tag-islam","14":"tag-latest-news","15":"tag-latestnews","16":"tag-news","17":"tag-no","18":"tag-norge","19":"tag-norway","20":"tag-nyheter","21":"tag-overskrifter","22":"tag-storbritannia","23":"tag-top-stories","24":"tag-topstories","25":"tag-verden","26":"tag-world","27":"tag-world-news","28":"tag-worldnews"},"share_on_mastodon":{"url":"https:\/\/pubeurope.com\/@no\/115826983128075797","error":""},"_links":{"self":[{"href":"https:\/\/www.europesays.com\/no\/wp-json\/wp\/v2\/posts\/127335","targetHints":{"allow":["GET"]}}],"collection":[{"href":"https:\/\/www.europesays.com\/no\/wp-json\/wp\/v2\/posts"}],"about":[{"href":"https:\/\/www.europesays.com\/no\/wp-json\/wp\/v2\/types\/post"}],"author":[{"embeddable":true,"href":"https:\/\/www.europesays.com\/no\/wp-json\/wp\/v2\/users\/2"}],"replies":[{"embeddable":true,"href":"https:\/\/www.europesays.com\/no\/wp-json\/wp\/v2\/comments?post=127335"}],"version-history":[{"count":0,"href":"https:\/\/www.europesays.com\/no\/wp-json\/wp\/v2\/posts\/127335\/revisions"}],"wp:featuredmedia":[{"embeddable":true,"href":"https:\/\/www.europesays.com\/no\/wp-json\/wp\/v2\/media\/127336"}],"wp:attachment":[{"href":"https:\/\/www.europesays.com\/no\/wp-json\/wp\/v2\/media?parent=127335"}],"wp:term":[{"taxonomy":"category","embeddable":true,"href":"https:\/\/www.europesays.com\/no\/wp-json\/wp\/v2\/categories?post=127335"},{"taxonomy":"post_tag","embeddable":true,"href":"https:\/\/www.europesays.com\/no\/wp-json\/wp\/v2\/tags?post=127335"}],"curies":[{"name":"wp","href":"https:\/\/api.w.org\/{rel}","templated":true}]}}