{"id":127338,"date":"2026-01-02T18:47:08","date_gmt":"2026-01-02T18:47:08","guid":{"rendered":"https:\/\/www.europesays.com\/no\/127338\/"},"modified":"2026-01-02T18:47:08","modified_gmt":"2026-01-02T18:47:08","slug":"sport-fotball-molde-enig-med-stromsgodset-om-kristensen-dahl","status":"publish","type":"post","link":"https:\/\/www.europesays.com\/no\/127338\/","title":{"rendered":"Sport, Fotball | Molde enig med Str\u00f8msgodset om Kristensen Dahl"},"content":{"rendered":"\n<p>Molde har kommet til enighet med Str\u00f8msgodset om en avtale for Fredrik Kristensen Dahl, etter det <a href=\"https:\/\/www.nettavisen.no\/molde-fk\/sportsvarsel\/eliteserien\/nettavisen-erfarer-molde-enig-med-stromsgodset-om-kristensen-dahl\/s\/5-95-2805487\" rel=\"Follow nofollow noopener\" target=\"_blank\">Nettavisen<\/a> erfarer.<\/p>\n<p><b>Drammens Tidende sitter p\u00e5 de samme opplysningene.<\/b><\/p>\n<p>Klubbene har forhandlet den siste tiden og er n\u00e5 enige om en avtale p\u00e5 rundt fem millioner kroner for 26-\u00e5ringen. Blir Kristensen Dahl enig om de personlige betingelsene vil han signere for Molde.<\/p>\n<p>I sommer fors\u00f8kte polske Lech Poznan \u00e5 kj\u00f8pe Kristensen Dahl. Moldes ferske trener Sindre Tjelmeland er fortsatt assistenttrener i den polske klubben, men kombinerer n\u00e5 rollen i de to klubbene fram til han slutter seg til Molde i mai.<\/p>\n<p>N\u00e5 \u00f8nsker han ogs\u00e5 \u00e5 hente forsvarsspilleren til sin nye klubb.<\/p>\n<p>   <img decoding=\"async\" width=\"5001\" height=\"3334\" fetchpriority=\"low\"  loading=\"lazy\"  src=\"https:\/\/www.europesays.com\/no\/wp-content\/uploads\/2026\/01\/1767379628_454_NTB_XEW5csV1Vis+%283%29.jpg\" alt=\"Kristiansand 20230623. &#10;Starts trener Sindre Tjelmeland etter fotballkampen mellom Start og Jerv p\u00e5 S\u00f8r arena i Kristiansand.&#10;Foto: Tor Erik Schr\u00f8der \/ NTB\" class=\"brick-c-cFOWSL\" style=\"--brick-image-ratio: 5001 \/ 3334;\"\/><\/p>\n<p>      VIL HA NY FORSVARSSPILLER: Sindre Tjelmeland.<br \/>\n      Foto: Tor Erik Schr\u00f8der\n    <\/p>\n<p>Klubb og spiller er n\u00e5 i sluttforhandlinger og Molde \u00f8nsker \u00e5 lande en avtale raskt for \u00e5 f\u00e5 Kristensen Dahl inn i laget<\/p>\n<p>I desember fikk ogs\u00e5 Fredrikstad akseptert et bud, men partene kom aldri til enighet om l\u00f8nnsbetingelsene og en overgang strandet den gang.<\/p>\n<p>N\u00e5 er han kun detaljer unna en overgang ti Molde istedenfor.<\/p>\n<p>Molde jobber med \u00e5 gj\u00f8re flere endringer i troppen denne vinteren. Flere spillere er ventet \u00e5 forlate klubben og et antall nye spillere vil komme inn d\u00f8rene p\u00e5 Aker Stadion i ukene fremover.<\/p>\n<p>Ingen i ledelsen i Molde eller Str\u00f8msgodset har besvart henvendelser i saken fredag.<\/p>\n<p>    Vil du se neste video?<\/p>\n<p>    <a href=\"https:\/\/www.dt.no\/sa-mye-koster-det-a-vare-idiot-pa-byen\/v\/5-57-2523888\" class=\"recommend-poster\" data-adp-clicklabel=\"video-recommend\" data-adp-clickvalue=\"poster\" rel=\"nofollow noopener\" target=\"_blank\"><br \/>\n      <img decoding=\"async\" width=\"200\" height=\"200\" loading=\"lazy\" src=\"https:\/\/www.europesays.com\/no\/wp-content\/uploads\/2026\/01\/v-i-c4de972b-ae8a-4a42-8329-e63daae192c7-1.jpg\" alt=\"\" class=\"brick-c-cFOWSL\" style=\"--brick-image-ratio: 200 \/ 200;\"\/><\/p>\n<p>S\u00e5 mye koster det \u00e5 v\u00e6re idiot p\u00e5 byen0:43<\/p>\n<p>    <\/a><\/p>\n","protected":false},"excerpt":{"rendered":"Molde har kommet til enighet med Str\u00f8msgodset om en avtale for Fredrik Kristensen Dahl, etter det Nettavisen erfarer.&hellip;\n","protected":false},"author":2,"featured_media":127339,"comment_status":"","ping_status":"","sticky":false,"template":"","format":"standard","meta":{"footnotes":""},"categories":[59],"tags":[36,92,30,28,29,83,82,1510,3325],"class_list":{"0":"post-127338","1":"post","2":"type-post","3":"status-publish","4":"format-standard","5":"has-post-thumbnail","7":"category-sport","8":"tag-art","9":"tag-fotball","10":"tag-no","11":"tag-norge","12":"tag-norway","13":"tag-sport","14":"tag-sports","15":"tag-story","16":"tag-stromsgodset"},"share_on_mastodon":{"url":"https:\/\/pubeurope.com\/@no\/115826999209475980","error":""},"_links":{"self":[{"href":"https:\/\/www.europesays.com\/no\/wp-json\/wp\/v2\/posts\/127338","targetHints":{"allow":["GET"]}}],"collection":[{"href":"https:\/\/www.europesays.com\/no\/wp-json\/wp\/v2\/posts"}],"about":[{"href":"https:\/\/www.europesays.com\/no\/wp-json\/wp\/v2\/types\/post"}],"author":[{"embeddable":true,"href":"https:\/\/www.europesays.com\/no\/wp-json\/wp\/v2\/users\/2"}],"replies":[{"embeddable":true,"href":"https:\/\/www.europesays.com\/no\/wp-json\/wp\/v2\/comments?post=127338"}],"version-history":[{"count":0,"href":"https:\/\/www.europesays.com\/no\/wp-json\/wp\/v2\/posts\/127338\/revisions"}],"wp:featuredmedia":[{"embeddable":true,"href":"https:\/\/www.europesays.com\/no\/wp-json\/wp\/v2\/media\/127339"}],"wp:attachment":[{"href":"https:\/\/www.europesays.com\/no\/wp-json\/wp\/v2\/media?parent=127338"}],"wp:term":[{"taxonomy":"category","embeddable":true,"href":"https:\/\/www.europesays.com\/no\/wp-json\/wp\/v2\/categories?post=127338"},{"taxonomy":"post_tag","embeddable":true,"href":"https:\/\/www.europesays.com\/no\/wp-json\/wp\/v2\/tags?post=127338"}],"curies":[{"name":"wp","href":"https:\/\/api.w.org\/{rel}","templated":true}]}}