{"id":127357,"date":"2026-01-02T19:06:25","date_gmt":"2026-01-02T19:06:25","guid":{"rendered":"https:\/\/www.europesays.com\/no\/127357\/"},"modified":"2026-01-02T19:06:25","modified_gmt":"2026-01-02T19:06:25","slug":"sentrum-steen-strom-brot-seg-inn-i-kontorene-til-steen-strom-tatt-tilhold-pa-toalettene","status":"publish","type":"post","link":"https:\/\/www.europesays.com\/no\/127357\/","title":{"rendered":"Sentrum, Steen &#038; Str\u00f8m | Br\u00f8t seg inn i kontorene til Steen &#038; Str\u00f8m: \u2013 Tatt tilhold p\u00e5 toalettene"},"content":{"rendered":"\n<p>\u2013 Da vekter tok runden sin p\u00e5 et bygg i tilknytning til et kj\u00f8pesenter i sentrum, fant han to personer som hadde brutt seg inn, og tatt tilhold p\u00e5 toalettene. Vi har kontroll p\u00e5 begge personene, melder operasjonsleder Gabriel Langfeldt.<\/p>\n<p>Han presiserer overfor Avisa Oslo at det ikke var selve Steen &amp; Str\u00f8m de to hadde brutt seg inn i, men et bygg i tilknytning til kj\u00f8pesenteret.<\/p>\n<p>\u2013 Det er bygget i et nabokvartal, som brukes som lager og kontorer for Steen &amp; Str\u00f8m.<\/p>\n<p>Klokka 10.48 opplyste han at politiet akkurat hadde kommet i kontakt med de to, og at motivet var uklart. <\/p>\n<p>\u2013 Det er ikke sikkert det har skjedd noe galt utover at de har tatt seg inn der, sier han.<\/p>\n<p>Klokka 11.11 meldte Langfeldt at saken har blitt anmeldt av vekteren p\u00e5 stedet.<\/p>\n<p><b>\u2013 Ingenting er stj\u00e5let eller skadet. Begge personene er bortvist av politiet.<\/b><\/p>\n<p>De mistenkte er en mann og en kvinne, som begge er i 30-\u00e5rene.<\/p>\n","protected":false},"excerpt":{"rendered":"\u2013 Da vekter tok runden sin p\u00e5 et bygg i tilknytning til et kj\u00f8pesenter i sentrum, fant han&hellip;\n","protected":false},"author":2,"featured_media":4903,"comment_status":"","ping_status":"","sticky":false,"template":"","format":"standard","meta":{"footnotes":""},"categories":[10],"tags":[36,20,21,24,25,15,3258,22,23,13,30,28,29,14,16,285,14917,1510,26,27],"class_list":{"0":"post-127357","1":"post","2":"type-post","3":"status-publish","4":"format-standard","5":"has-post-thumbnail","7":"category-norge","8":"tag-art","9":"tag-breaking-news","10":"tag-breakingnews","11":"tag-featured-news","12":"tag-featurednews","13":"tag-headlines","14":"tag-innbrudd","15":"tag-latest-news","16":"tag-latestnews","17":"tag-news","18":"tag-no","19":"tag-norge","20":"tag-norway","21":"tag-nyheter","22":"tag-overskrifter","23":"tag-sentrum","24":"tag-steen-strom","25":"tag-story","26":"tag-top-stories","27":"tag-topstories"},"share_on_mastodon":{"url":"https:\/\/pubeurope.com\/@no\/115827073619151426","error":""},"_links":{"self":[{"href":"https:\/\/www.europesays.com\/no\/wp-json\/wp\/v2\/posts\/127357","targetHints":{"allow":["GET"]}}],"collection":[{"href":"https:\/\/www.europesays.com\/no\/wp-json\/wp\/v2\/posts"}],"about":[{"href":"https:\/\/www.europesays.com\/no\/wp-json\/wp\/v2\/types\/post"}],"author":[{"embeddable":true,"href":"https:\/\/www.europesays.com\/no\/wp-json\/wp\/v2\/users\/2"}],"replies":[{"embeddable":true,"href":"https:\/\/www.europesays.com\/no\/wp-json\/wp\/v2\/comments?post=127357"}],"version-history":[{"count":0,"href":"https:\/\/www.europesays.com\/no\/wp-json\/wp\/v2\/posts\/127357\/revisions"}],"wp:featuredmedia":[{"embeddable":true,"href":"https:\/\/www.europesays.com\/no\/wp-json\/wp\/v2\/media\/4903"}],"wp:attachment":[{"href":"https:\/\/www.europesays.com\/no\/wp-json\/wp\/v2\/media?parent=127357"}],"wp:term":[{"taxonomy":"category","embeddable":true,"href":"https:\/\/www.europesays.com\/no\/wp-json\/wp\/v2\/categories?post=127357"},{"taxonomy":"post_tag","embeddable":true,"href":"https:\/\/www.europesays.com\/no\/wp-json\/wp\/v2\/tags?post=127357"}],"curies":[{"name":"wp","href":"https:\/\/api.w.org\/{rel}","templated":true}]}}