{"id":127358,"date":"2026-01-02T19:07:37","date_gmt":"2026-01-02T19:07:37","guid":{"rendered":"https:\/\/www.europesays.com\/no\/127358\/"},"modified":"2026-01-02T19:07:37","modified_gmt":"2026-01-02T19:07:37","slug":"lordag-gar-stromprisen-rett-til-vaers-i-midt-norge","status":"publish","type":"post","link":"https:\/\/www.europesays.com\/no\/127358\/","title":{"rendered":"L\u00f8rdag g\u00e5r str\u00f8mprisen rett til v\u00e6rs i Midt-Norge"},"content":{"rendered":"<p>L\u00f8rdagens snittpris per kWh er 31,1 \u00f8re h\u00f8yere enn fredag og 80,7 \u00f8re h\u00f8yere enn samme dag \u00e5ret f\u00f8r, viser tall <a href=\"https:\/\/www.hvakosterstrommen.no\" rel=\"noopener nofollow\" target=\"_blank\">fra hvakosterstrommen.no<\/a>.<\/p>\n<p>Med en minstepris p\u00e5 86,3 \u00f8re vil det l\u00f8nne seg med norgespris denne dagen. Norgespris er en fastpris p\u00e5 40 \u00f8re per kWh uten mva.<\/p>\n<p>For tre \u00e5r siden var maksprisen 1,27 kroner per kWh og snittprisen var 1,092 kroner.<\/p>\n<p>Maksprisen l\u00f8rdag p\u00e5 1,13 kroner per kWh er mellom klokken 18 og 19. Den er 15,07 \u00f8re h\u00f8yere enn fredag og 76,1 \u00f8re h\u00f8yere enn samme dag \u00e5ret f\u00f8r.<\/p>\n<p>Ser man bort fra str\u00f8mst\u00f8tten, men inkluderer moms (25 prosent), forbruksavgift (16,93 \u00f8re per kWh) og avgift til Enova (1 \u00f8re per kWh), ville maksprisen i Midt-Norge v\u00e6rt 1,64 kroner.<\/p>\n<p>90 prosent av prisen over 75 \u00f8re dekkes av str\u00f8mst\u00f8tten, og st\u00f8tten beregnes time for time. Det betyr at i den timen prisen ligger p\u00e5 1,13 kroner, dekkes 35,03 \u00f8re.<\/p>\n<p>Minsteprisen blir p\u00e5 86,3 \u00f8re per kWh mellom klokken 4 og 5 p\u00e5 natten.<\/p>\n<p>Str\u00f8mprisen i Midt-Norge er den h\u00f8yeste siden 5.desember i fjor, da den l\u00e5 p\u00e5 1 kroner og 32 \u00f8re, if\u00f8lge hvakosterstrommen.no, som f\u00f8lger norske str\u00f8mpriser.<\/p>\n<p>Norgespris<\/p>\n<p>Mye av forklaringen p\u00e5 at str\u00f8mprisen g\u00e5r opp n\u00e5, kan nok knyttes til at det er meldt flere dager med mange minusgrader. Det er likevel sjelden str\u00f8mprisen g\u00e5r s\u00e5 h\u00f8yt i Midt-Norge. Men de siste m\u00e5nedene har str\u00f8mprisen i Midt-Norge i perioder ligget langt over niv\u00e5et i fjor.<\/p>\n<p>Pris\u00f8kningen kan det v\u00e6re flere grunner til, men i tillegg til normale variasjoner i v\u00e6r og ettersp\u00f8rsel, s\u00e5 \u00e5pnet en stor kraftledning over Sognefjorden ifjor h\u00f8st, og den har flere eksperter sagt vil p\u00e5virke str\u00f8mprisene i Midt-Norge fordi Midt-Norge knyttes tettere til andre og dyrere norske str\u00f8mregioner.<\/p>\n<p>Flere eksperter har ogs\u00e5 sagt at selv str\u00f8mkunder i Midt-Norge n\u00e5 b\u00f8r vurdere Norgespris, som gir deg en fast str\u00f8mprisen gjennom hele dette \u00e5ret, p\u00e5 40 \u00f8re per kWh uten moms. Det er n\u00e5 9673 husstander og fritidsboliger i Midt-Norge med str\u00f8mpris.<\/p>\n<p>I Nord-Norge er det fortsatt ingen, men med nesten ei krone i pris per kWh i v\u00e5r nordligste prisregion ogs\u00e5 n\u00e5, kan det fort v\u00e6re at det kommer inn noen nordlendinger p\u00e5 norgspris-lista ogs\u00e5. I hele Norge er det n\u00e5 1,3 millioner str\u00f8mabonnenter med Norgespris.<\/p>\n<p><a href=\"https:\/\/www.adressa.no\/forbruker\/i\/WROQpa\/stroemoversikten\" rel=\"noopener nofollow\" target=\"_blank\">Her kan du sjekke Adresseavisens str\u00f8mkalkulator<\/a><\/p>\n<p><a href=\"https:\/\/www.mn24.no\/nyheter\/i\/Okblzw\/folk-i-midt-norge-boer-vurdere-norgespris\" rel=\"nofollow noopener\" target=\"_blank\"> <img decoding=\"async\" src=\"data:image\/gif;base64,R0lGODlhEAAJAIAAAP\/\/\/wAAACH5BAEAAAAALAAAAAAQAAkAAAIKhI+py+0Po5yUFQA7\" alt=\"\"\/>   \u2013 Folk i Midt-Norge b\u00f8r vurdere Norgespris  <\/a> <\/p>\n","protected":false},"excerpt":{"rendered":"L\u00f8rdagens snittpris per kWh er 31,1 \u00f8re h\u00f8yere enn fredag og 80,7 \u00f8re h\u00f8yere enn samme dag \u00e5ret&hellip;\n","protected":false},"author":2,"featured_media":127359,"comment_status":"","ping_status":"","sticky":false,"template":"","format":"standard","meta":{"footnotes":""},"categories":[5],"tags":[20,21,24,25,15,19,22,23,17,18,1647,13,30,28,3333,29,14,16,26,27,596],"class_list":{"0":"post-127358","1":"post","2":"type-post","3":"status-publish","4":"format-standard","5":"has-post-thumbnail","7":"category-overskrifter","8":"tag-breaking-news","9":"tag-breakingnews","10":"tag-featured-news","11":"tag-featurednews","12":"tag-headlines","13":"tag-hovedoppslag","14":"tag-latest-news","15":"tag-latestnews","16":"tag-main-news","17":"tag-mainnews","18":"tag-midt-norge","19":"tag-news","20":"tag-no","21":"tag-norge","22":"tag-norgespris","23":"tag-norway","24":"tag-nyheter","25":"tag-overskrifter","26":"tag-top-stories","27":"tag-topstories","28":"tag-trondheim"},"share_on_mastodon":{"url":"https:\/\/pubeurope.com\/@no\/115827077620400079","error":""},"_links":{"self":[{"href":"https:\/\/www.europesays.com\/no\/wp-json\/wp\/v2\/posts\/127358","targetHints":{"allow":["GET"]}}],"collection":[{"href":"https:\/\/www.europesays.com\/no\/wp-json\/wp\/v2\/posts"}],"about":[{"href":"https:\/\/www.europesays.com\/no\/wp-json\/wp\/v2\/types\/post"}],"author":[{"embeddable":true,"href":"https:\/\/www.europesays.com\/no\/wp-json\/wp\/v2\/users\/2"}],"replies":[{"embeddable":true,"href":"https:\/\/www.europesays.com\/no\/wp-json\/wp\/v2\/comments?post=127358"}],"version-history":[{"count":0,"href":"https:\/\/www.europesays.com\/no\/wp-json\/wp\/v2\/posts\/127358\/revisions"}],"wp:featuredmedia":[{"embeddable":true,"href":"https:\/\/www.europesays.com\/no\/wp-json\/wp\/v2\/media\/127359"}],"wp:attachment":[{"href":"https:\/\/www.europesays.com\/no\/wp-json\/wp\/v2\/media?parent=127358"}],"wp:term":[{"taxonomy":"category","embeddable":true,"href":"https:\/\/www.europesays.com\/no\/wp-json\/wp\/v2\/categories?post=127358"},{"taxonomy":"post_tag","embeddable":true,"href":"https:\/\/www.europesays.com\/no\/wp-json\/wp\/v2\/tags?post=127358"}],"curies":[{"name":"wp","href":"https:\/\/api.w.org\/{rel}","templated":true}]}}