{"id":127360,"date":"2026-01-02T19:08:09","date_gmt":"2026-01-02T19:08:09","guid":{"rendered":"https:\/\/www.europesays.com\/no\/127360\/"},"modified":"2026-01-02T19:08:09","modified_gmt":"2026-01-02T19:08:09","slug":"ikke-send-atte-lopere-til-ol","status":"publish","type":"post","link":"https:\/\/www.europesays.com\/no\/127360\/","title":{"rendered":"\u2013 Ikke send \u00e5tte l\u00f8pere til OL"},"content":{"rendered":"\n<p class=\"_lead_o9xde_2 _lead_xtcu6_50 layout-component text-serif-m layout-normal text-serif-l layout-component layout-wide layout-padded _wide_17hqh_1 layout-padded\">Samtidig som de norske herrel\u00f8perne kriger intenst om \u00e5 bli tatt ut til OL, har svenskene helt motsatt problem, if\u00f8lge Torgny Mogren.<\/p>\n<p><img alt=\"Edvin Anger og William Poromaa har begge vunnet i verdenscupen f\u00f8r, men denne sesongen har v\u00e6rt trist for svensk herrelangrenn. Foto: Terje Pedersen \/ NTB\" class=\"_image_qp4xg_65 layout-component layout-wide\" data-fullscreen- data-track-element-type=\"Article image fullscreen\" data-track-name=\"ImageFullscreen\" fetchpriority=\"high\" decoding=\"sync\" loading=\"eager\" height=\"2104\" itemprop=\"image\"  src=\"https:\/\/www.europesays.com\/no\/wp-content\/uploads\/2026\/01\/653299ac-ea97-4e2e-bc16-45cceb167914.png\"  style=\"object-position:0% 0%\" width=\"3156\"\/>Edvin Anger og William Poromaa har begge vunnet i verdenscupen f\u00f8r, men denne sesongen har v\u00e6rt trist for svensk herrelangrenn. Foto: Terje Pedersen \/ NTBVal di Fiemme, Italia  Oppdatert fredag 2. januar kl. 19:40    <\/p>\n<ul class=\"_list_o9xde_3 _list_64s2r_85 _unordered_o9xde_106 text-sans-m\">\n<li class=\"_item_o9xde_30\">Torgny Mogren mener at det svenske herrelandslaget i langrenn ikke har \u00e5tte l\u00f8pere som kan prestere p\u00e5 OL-niv\u00e5.<\/li>\n<li class=\"_item_o9xde_30\">Sveriges langrennssjef Anders Bystr\u00f6m avviser kritikken.<\/li>\n<li class=\"_item_o9xde_30\">Gustaf Berglund mener Mogrens uttalelse er \u00abhjerned\u00f8d\u00bb og passer best til \u00e5 legge ned langrenn i Sverige.<\/li>\n<li class=\"_item_o9xde_30\">Mogrens melding har f\u00e5tt mye oppmerksomhet b\u00e5de i det svenske laget og media. <\/li>\n<\/ul>\n<p>Vis mer <\/p>\n<p class=\"_paragraph_o9xde_4 _paragraph_xtcu6_10 layout-component text-serif-m layout-normal text-serif-m layout-padded\">Den tidligere gullvinneren i b\u00e5de OL og VM mener nemlig at niv\u00e5et i Sverige er s\u00e5 labert at de ikke b\u00f8r fylle alle \u00e5tte plassene langrennsherrene de har f\u00e5tt til lekene.<\/p>\n<p class=\"_paragraph_o9xde_4 _paragraph_xtcu6_10 layout-component text-serif-m layout-normal text-serif-m layout-padded\">\u2013 Jeg finner ikke \u00e5tte l\u00f8pere som kan prestere p\u00e5 det niv\u00e5et som kreves. Vi kan ha tre-fire stykker maks, sier Mogren if\u00f8lge svenske <a href=\"https:\/\/www.expressen.se\/sport\/langdskidor\/torgny-mogrens-attack-pa-herrlandslaget\/\" class=\"_link_o9xde_39\" rel=\"nofollow noopener\" target=\"_blank\">Expressen<\/a>.<\/p>\n<p class=\"_paragraph_o9xde_4 _paragraph_xtcu6_10 layout-component text-serif-m layout-normal text-serif-m layout-padded\">OL i Milano\/Cortina begynner 7. februar.<\/p>\n<p class=\"_paragraph_o9xde_4 _paragraph_xtcu6_10 layout-component text-serif-m layout-normal text-serif-m layout-padded\">\u2013 Vi kan kanskje ha en \u00e5ttende mann hjemme. Eller til og med to, for det er ikke langt \u00e5 dra til Val di Fiemme, legger Radiosporten-eksperten til.<\/p>\n<p><img decoding=\"async\" alt=\"Bilde av Torgny Mogren\" class=\"_image_ygndg_42\" height=\"59\" itemprop=\"image\" loading=\"lazy\"  src=\"https:\/\/www.europesays.com\/no\/wp-content\/uploads\/2026\/01\/4fa56da3-4483-4143-886c-f35310e611c1.jpeg\"  width=\"40\"\/><strong class=\"_name_ygndg_51 title-serif-xs\">Torgny Mogren<\/strong><\/p>\n<p class=\"_paragraph_o9xde_4 text-sans-m _description_ygndg_56\">Svensk skihelt<\/p>\n<p class=\"_paragraph_o9xde_4 _paragraph_xtcu6_10 layout-component text-serif-m layout-normal text-serif-m layout-padded\">Uttalelsene har skapt mange saker i svensk media. Sveriges langrennssjef Anders Bystr\u00f6m avviser kritikken. <\/p>\n<p class=\"_paragraph_o9xde_4 _paragraph_xtcu6_10 layout-component text-serif-m layout-normal text-serif-m layout-padded\">\u2013 Vi kommer ikke \u00e5 ha en medaljesjanse i alle l\u00f8p p\u00e5 herresiden, det kan vi v\u00e6re \u00e6rlige p\u00e5. Men vi trenger folk som konkurrerer der, sier Bystr\u00f6m.<\/p>\n<p class=\"_paragraph_o9xde_4 _paragraph_xtcu6_10 layout-component text-serif-m layout-normal text-serif-m layout-padded\"> Gustaf Berglund, som kjemper om en OL-plass, ser r\u00f8dt p\u00e5 Mogrens sitater.<\/p>\n<p class=\"_paragraph_o9xde_4 _paragraph_xtcu6_10 layout-component text-serif-m layout-normal text-serif-m layout-padded\">\u2013 Jeg har mye respekt for Torgny og hans karriere, men det er en hjerned\u00f8d uttalelse. Med den innstillingen kan vi bare legge ned alt langrenn i Sverige, sier Berglund til <a href=\"https:\/\/www.expressen.se\/sport\/langdskidor\/torgny-mogrens-attack-pa-herrlandslaget\/\" class=\"_link_o9xde_39\" rel=\"nofollow noopener\" target=\"_blank\">Expressen<\/a>.<\/p>\n<p><img alt=\"Gustaf Berglund er samboer med Ebba Andersson, VM-dronningen fra 2023 og 2025.   Foto: MAXIM THORE \/ Bildbyr\u00e5n\" class=\"_image_qp4xg_65 layout-component layout-normal\" data-fullscreen- data-track-element-type=\"Article image fullscreen\" data-track-name=\"ImageFullscreen\" decoding=\"async\" loading=\"lazy\" height=\"4000\" itemprop=\"image\"  src=\"https:\/\/www.europesays.com\/no\/wp-content\/uploads\/2026\/01\/29631314-2cf8-4ab9-82c9-ae57b33bfbb1.jpeg\"  style=\"object-position:0% 0%\" width=\"6000\"\/>Gustaf Berglund er samboer med Ebba Andersson, VM-dronningen fra 2023 og 2025.   Foto: MAXIM THORE \/ Bildbyr\u00e5n<\/p>\n<p class=\"_paragraph_o9xde_4 _paragraph_xtcu6_10 layout-component text-serif-m layout-normal text-serif-m layout-padded\">Foruten Edvin Anger med to pallplasser og stortalentet Alvar Myhlbacks ene pallplass har de svenske herrene for det meste v\u00e6rt listefyll i vinter.<\/p>\n<p class=\"_paragraph_o9xde_4 _paragraph_xtcu6_10 layout-component text-serif-m layout-normal text-serif-m layout-padded\">\u2013 Vi vet at det ikke har g\u00e5tt kjempebra og at Norge er mye bedre. Vi f\u00e5r h\u00f8re det hver dag av veldig mange. Men det blir ikke noe bedre at Torgny sier det, melder Myhlback. <\/p>\n<p class=\"_paragraph_o9xde_4 _paragraph_xtcu6_10 layout-component text-serif-m layout-normal text-serif-m layout-padded\">Anger innr\u00f8mmer at det svenske herrelandslaget har pratet om Mogrens steinharde beskjed.<\/p>\n<p class=\"_paragraph_o9xde_4 _paragraph_xtcu6_10 layout-component text-serif-m layout-normal text-serif-m layout-padded\">\u2013 Det er bensin og motivasjon for oss, sier Anger til VG. <\/p>\n<p class=\"_paragraph_o9xde_4 _paragraph_xtcu6_10 layout-component text-serif-m layout-normal text-serif-m layout-padded\">Men da han p\u00e5 en pressekonferanse ble utfordret p\u00e5 \u00e5 ta ut det svenske stafettlaget i kommende OL, klarte han ikke utfordringen p\u00e5 strak arm. <\/p>\n<p class=\"_paragraph_o9xde_4 _paragraph_xtcu6_10 layout-component text-serif-m layout-normal text-serif-m layout-padded\">\u2013 Jeg vet faktisk ikke &#8230;<\/p>\n<p class=\"_paragraph_o9xde_4 _paragraph_xtcu6_10 layout-component text-serif-m layout-normal text-serif-m layout-padded\">Calle Halfvarsson og Jens Burman har v\u00e6rt blant Sveriges beste herrer i en \u00e5rrekke, men slitt fryktelig denne vinteren og ikke kvalifisert seg til \u00e5 g\u00e5 verdenscup engang.<\/p>\n<p class=\"_paragraph_o9xde_4 _paragraph_xtcu6_10 layout-component text-serif-m layout-normal text-serif-m layout-padded\">\u2013 Det er litt ensomt uten av dem. De har alltid v\u00e6rt i de tre \u00e5rene jeg har g\u00e5tt verdenscup. De har v\u00e6rt en trygghet for oss. N\u00e5r de forsvinner, blir det mer press p\u00e5 oss andre. Jeg er selv blitt den som skal prestere, sier Anger. <\/p>\n<p class=\"_paragraph_o9xde_4 _paragraph_xtcu6_10 layout-component text-serif-m layout-normal text-serif-m layout-padded\"><a href=\"https:\/\/www.vg.no\/tag\/william-poromaa?utm_source=vg-article&amp;utm_medium=auto-tagger&amp;utm_campaign=0pn762\" class=\"_link_o9xde_39\" rel=\"nofollow noopener\" target=\"_blank\">William Poromaa<\/a> var den eneste utlendingen som klarte \u00e5 ta medalje p\u00e5 distanse i VM 2023 og 2025, der Norge har dominert ekstremt. Hittil i verdenscup-vinter er resultatene bekm\u00f8rke: 23, 47, 24, 68, 35 og 28.<\/p>\n<p class=\"_paragraph_o9xde_4 _paragraph_xtcu6_10 layout-component text-serif-m layout-normal text-serif-m layout-padded\">\u2013 Det kan snu fort, men det er klart at man er urolig n\u00e5r man er s\u00e5 langt unna, sier Poromaa til VG. <\/p>\n<p class=\"_paragraph_o9xde_4 _paragraph_xtcu6_10 layout-component text-serif-m layout-normal text-serif-m layout-padded\">\u2013 Hva tenker du om Mogrens utspill og oppmerksomheten det har skapt?<\/p>\n<p class=\"_paragraph_o9xde_4 _paragraph_xtcu6_10 layout-component text-serif-m layout-normal text-serif-m layout-padded\">\u2013 Jeg har ikke helt kontroll p\u00e5 det Torgny har sagt, men forst\u00e5tt at han har uttalt seg. Jeg vet ikke &#8230; Det er s\u00e5 mange folk som prater og mener, svarer Poromaa.<\/p>\n<p class=\"_paragraph_o9xde_4 _paragraph_xtcu6_10 layout-component text-serif-m layout-normal text-serif-m layout-padded\"><a href=\"https:\/\/www.vg.no\/sport\/i\/GyoXol\/program-og-sendeskjema-for-vintersport-2025-26-her-ser-du-langrenn-skiskyting-alpint-kombinert-skoeyter-og-hopp-paa-tv\" data-track-element-type=\"Link\" data-track-id=\"link:GyoXol\" class=\"_link_o9xde_39\" rel=\"nofollow noopener\" target=\"_blank\">Tour de Ski avsluttes l\u00f8rdag og s\u00f8ndag. Se programmet her.<\/a><\/p>\n<p class=\"_paragraph_o9xde_4 _paragraph_xtcu6_10 layout-component text-serif-m layout-normal text-serif-m layout-padded\"><strong class=\"_strong_o9xde_25\">De svenske herrene tok bronse under VM-stafetten i Gran\u00e5sen i fjor, spurten endte slik: <\/strong><\/p>\n","protected":false},"excerpt":{"rendered":"Samtidig som de norske herrel\u00f8perne kriger intenst om \u00e5 bli tatt ut til OL, har svenskene helt motsatt&hellip;\n","protected":false},"author":2,"featured_media":127361,"comment_status":"","ping_status":"","sticky":false,"template":"","format":"standard","meta":{"footnotes":""},"categories":[59],"tags":[8100,398,30,28,29,83,82,12662,46,399,13425],"class_list":{"0":"post-127360","1":"post","2":"type-post","3":"status-publish","4":"format-standard","5":"has-post-thumbnail","7":"category-sport","8":"tag-edvin-anger","9":"tag-langrenn","10":"tag-no","11":"tag-norge","12":"tag-norway","13":"tag-sport","14":"tag-sports","15":"tag-tour-de-ski","16":"tag-vgai","17":"tag-vintersport","18":"tag-william-poromaa"},"share_on_mastodon":{"url":"https:\/\/pubeurope.com\/@no\/115827081438120947","error":""},"_links":{"self":[{"href":"https:\/\/www.europesays.com\/no\/wp-json\/wp\/v2\/posts\/127360","targetHints":{"allow":["GET"]}}],"collection":[{"href":"https:\/\/www.europesays.com\/no\/wp-json\/wp\/v2\/posts"}],"about":[{"href":"https:\/\/www.europesays.com\/no\/wp-json\/wp\/v2\/types\/post"}],"author":[{"embeddable":true,"href":"https:\/\/www.europesays.com\/no\/wp-json\/wp\/v2\/users\/2"}],"replies":[{"embeddable":true,"href":"https:\/\/www.europesays.com\/no\/wp-json\/wp\/v2\/comments?post=127360"}],"version-history":[{"count":0,"href":"https:\/\/www.europesays.com\/no\/wp-json\/wp\/v2\/posts\/127360\/revisions"}],"wp:featuredmedia":[{"embeddable":true,"href":"https:\/\/www.europesays.com\/no\/wp-json\/wp\/v2\/media\/127361"}],"wp:attachment":[{"href":"https:\/\/www.europesays.com\/no\/wp-json\/wp\/v2\/media?parent=127360"}],"wp:term":[{"taxonomy":"category","embeddable":true,"href":"https:\/\/www.europesays.com\/no\/wp-json\/wp\/v2\/categories?post=127360"},{"taxonomy":"post_tag","embeddable":true,"href":"https:\/\/www.europesays.com\/no\/wp-json\/wp\/v2\/tags?post=127360"}],"curies":[{"name":"wp","href":"https:\/\/api.w.org\/{rel}","templated":true}]}}