{"id":127370,"date":"2026-01-02T19:18:08","date_gmt":"2026-01-02T19:18:08","guid":{"rendered":"https:\/\/www.europesays.com\/no\/127370\/"},"modified":"2026-01-02T19:18:08","modified_gmt":"2026-01-02T19:18:08","slug":"nvidia-og-amd-forventes-a-oke-gpu-prisene-betydelig-fra-og-med-denne-maneden","status":"publish","type":"post","link":"https:\/\/www.europesays.com\/no\/127370\/","title":{"rendered":"Nvidia og AMD forventes \u00e5 \u00f8ke GPU-prisene betydelig fra og med denne m\u00e5neden &#8211;"},"content":{"rendered":"<p>Vil ikke noen tenke p\u00e5 de stakkars PC-byggerne? For \u00e5 v\u00e6re helt seri\u00f8s, s\u00e5 har PC-spillkonsumenter blitt hardt rammet i det siste, takket v\u00e6re den globale minnemangelen for\u00e5rsaket av massive utvidelser i AI-sektoren. Prisen p\u00e5 RAM-minne har skutt i v\u00e6ret, og n\u00e5 ser det ut til at GPU-kostnadene kommer til \u00e5 mangedoble seg.<\/p>\n<p>Som rapportert av det koreanske utsalgsstedet <a href=\"https:\/\/mobile.newsis.com\/view\/NISX20251229_0003458273#_endPass#_PA\" target=\"_blank\" rel=\"nofollow noopener\">Newsis<\/a>, forventes det at AMD fra og med denne m\u00e5neden vil \u00f8ke GPU-prisene over hele linjen, med Nvidia som f\u00f8lger etter i februar. Det rapporteres ogs\u00e5 at GPU-prisene vil \u00f8ke hver m\u00e5ned som f\u00f8lger, noe som p\u00e5virker b\u00e5de forbrukerprodukter og de som brukes i AI-datasentre og -tjenester.<\/p>\n<p>&laquo;Den gjennomsnittlige andelen minne i den totale GPU-produksjonskostnaden har nylig oversteget 80%,&raquo; sa en kilde til Newsis. Disse kostnadene gj\u00f8r det vanskelig \u00e5 produsere GPU-er og holde dem p\u00e5 dagens prisniv\u00e5, selv om forbrukerne allerede synes at kostnadene for det nyeste og beste grafikkortet er en stor belastning for lommeboken.<\/p>\n<p>P\u00e5 nettet ser man effektene akkurat n\u00e5, ettersom Nvidia RTX 5090 GPUer blir oppdaget for priser n\u00e6r $ 4000 (via <a href=\"https:\/\/wccftech.com\/nvidia-geforce-rtx-5090-founders-edition-jumps-to-3695-usd-newegg-almost-double-msrp\/\" target=\"_blank\" rel=\"nofollow noopener\">Wccftech<\/a>), og disse kostnadene forventes bare \u00e5 stige. Selv om du ikke spruter pengene som trengs for en massiv oppgradering, vil du sannsynligvis fortsatt bruke mer enn MSRP p\u00e5 en ny GPU snart.<\/p>\n<p><img loading=\"lazy\" decoding=\"async\" id=\"img-1949023-4450483\" data-fullsize=\"\/media\/04\/nvidiartx5090_4450483b.jpg\" data-lazy=\"\" src=\"https:\/\/www.gamereactor.nohttps:\/\/www.gamereactor.no\/media\/04\/nvidiartx5090_4450483_650x.jpg\" width=\"650\" onclick=\"if (!window.__cfRLUnblockHandlers) return false; gallery_openmodal('1949023','4450483',false,'0d653c693898975020256f4d179adf9c');\" height=\"366\" alt=\"Nvidia og AMD forventes \u00e5 \u00f8ke GPU-prisene betydelig fra og med denne m\u00e5neden\" class=\"rwd_col_content lazy\" data-cf-modified-02849e6515f40b3763f343c8-=\"\"\/><\/p>\n","protected":false},"excerpt":{"rendered":"Vil ikke noen tenke p\u00e5 de stakkars PC-byggerne? For \u00e5 v\u00e6re helt seri\u00f8s, s\u00e5 har PC-spillkonsumenter blitt hardt&hellip;\n","protected":false},"author":2,"featured_media":211,"comment_status":"","ping_status":"","sticky":false,"template":"","format":"standard","meta":{"footnotes":""},"categories":[57],"tags":[30,28,29,65,63,64,66,70,69,67,68],"class_list":{"0":"post-127370","1":"post","2":"type-post","3":"status-publish","4":"format-standard","5":"has-post-thumbnail","7":"category-vitenskap-og-teknologi","8":"tag-no","9":"tag-norge","10":"tag-norway","11":"tag-science","12":"tag-science-and-technology","13":"tag-scienceandtechnology","14":"tag-technology","15":"tag-teknologi","16":"tag-vitenskap","17":"tag-vitenskap-og-teknologi","18":"tag-vitenskapteknologi"},"share_on_mastodon":{"url":"https:\/\/pubeurope.com\/@no\/115827120830628848","error":""},"_links":{"self":[{"href":"https:\/\/www.europesays.com\/no\/wp-json\/wp\/v2\/posts\/127370","targetHints":{"allow":["GET"]}}],"collection":[{"href":"https:\/\/www.europesays.com\/no\/wp-json\/wp\/v2\/posts"}],"about":[{"href":"https:\/\/www.europesays.com\/no\/wp-json\/wp\/v2\/types\/post"}],"author":[{"embeddable":true,"href":"https:\/\/www.europesays.com\/no\/wp-json\/wp\/v2\/users\/2"}],"replies":[{"embeddable":true,"href":"https:\/\/www.europesays.com\/no\/wp-json\/wp\/v2\/comments?post=127370"}],"version-history":[{"count":0,"href":"https:\/\/www.europesays.com\/no\/wp-json\/wp\/v2\/posts\/127370\/revisions"}],"wp:featuredmedia":[{"embeddable":true,"href":"https:\/\/www.europesays.com\/no\/wp-json\/wp\/v2\/media\/211"}],"wp:attachment":[{"href":"https:\/\/www.europesays.com\/no\/wp-json\/wp\/v2\/media?parent=127370"}],"wp:term":[{"taxonomy":"category","embeddable":true,"href":"https:\/\/www.europesays.com\/no\/wp-json\/wp\/v2\/categories?post=127370"},{"taxonomy":"post_tag","embeddable":true,"href":"https:\/\/www.europesays.com\/no\/wp-json\/wp\/v2\/tags?post=127370"}],"curies":[{"name":"wp","href":"https:\/\/api.w.org\/{rel}","templated":true}]}}