{"id":127387,"date":"2026-01-02T19:42:47","date_gmt":"2026-01-02T19:42:47","guid":{"rendered":"https:\/\/www.europesays.com\/no\/127387\/"},"modified":"2026-01-02T19:42:47","modified_gmt":"2026-01-02T19:42:47","slug":"svaert-mange-nodanrop","status":"publish","type":"post","link":"https:\/\/www.europesays.com\/no\/127387\/","title":{"rendered":"&#8211; Sv\u00e6rt mange n\u00f8danrop"},"content":{"rendered":"<p class=\"kicker \" style=\"\">Nytt\u00e5rsaften<\/p>\n<p>  N\u00f8detatene melder om en rekke hendelser knyttet til fyrverkeri p\u00e5 nytt\u00e5rsaften.<\/p>\n<p>\n    OSLO: Fyrverkeri over Oslo nytt\u00e5rsaften 2025\u20132026. Foto: Thomas Fure \/ NTB\n  <\/p>\n<p>Politiet i Oslo sier at de mottar sv\u00e6rt mange n\u00f8danrop som omhandler uvettig bruk av fyrverkeri.\u00a0<\/p>\n<p>&#8211; Politiet har i liten grad kapasitet til \u00e5 f\u00f8lge opp alle henvendelsene, men tilstreber \u00e5 f\u00f8lge opp hendelser hvor det framst\u00e5r som det stor fare for liv og helse, sier operasjonsleder Bjarne Pedersen.<\/p>\n<p>        <img loading=\"lazy\" decoding=\"async\" src=\"https:\/\/www.europesays.com\/no\/wp-content\/uploads\/2026\/01\/84044708.webp.webp\" width=\"980\" height=\"559\" title=\"Slik s\u00e5 det ut i Oslo sentrum noen minutter f\u00f8r midnatt nytt\u00e5rsaften. Foto: Thomas Fure \/ NTB\" alt=\"\" class=\"\" style=\"--aspect-ratio-image: 1.75; \"\/><\/p>\n<p>\n        Slik s\u00e5 det ut i Oslo sentrum noen minutter f\u00f8r midnatt nytt\u00e5rsaften. Foto: Thomas Fure \/ NTB\n    <\/p>\n<p>I Innlandet skriver operasjonsleder Haagen L\u00f8vseth at det er meldt inn flere mindre branner som f\u00f8lge av fyrverkeri rundt om i distriktet. Brannen er slukket fortl\u00f8pende av brannvesen eller andre tilstede.\u00a0<\/p>\n<p>Agder-politiet opplyser i sin logg at de har f\u00e5tt mange telefoner om uforsvarlig bruk av fyrverkeri i hele Agder, spesielt rundt midnatt. Det har kommet meldinger om folk som har skutt fyrverkeri mot folk og bygg, samt folk som har skutt opp fyrverkeri i forbudssonene i flere av byene i Agder, opplyser politiet.<\/p>\n<p>&#8211; Politiet har ikke hatt kapasitet til \u00e5 rykke ut til alle disse meldingene. Det har v\u00e6rt mye folk ute i byene. Politiet har v\u00e6rt p\u00e5 flere ordensforstyrrelser og det har blitt bortvist flere personer fra byene, opplyser operasjonsleder Ole Robert Strandhagen i politiloggen.\u00a0<\/p>\n<p>N\u00f8detatene kan generelt melde om en rekke slike hendelser landet over. Under er et knippe av meldingene som har kommet inn s\u00e5 langt.<\/p>\n<ul>\n<li class=\"lab-bodytext-line\">00:30 p\u00e5grep politiet en mann i slutten av ten\u00e5rene som skj\u00f8t fyrverkeri mot en folkemengde i Larvik sentrum.\u00a0Da patruljen tok kontakt med han gikk han fysisk til angrep mot politipatruljen.<\/li>\n<p class=\"lab-bodytext-line\">&#8211; Mannen er innsatt arrest og anmeldes for vold og trusler mot politiet, samt for \u00e5 fremsette allmennheten for fare med bruk av fyrverkeri, opplyser politiet.<\/p>\n<li class=\"lab-bodytext-line\">I Bergen har en mindre\u00e5rig gutt avfyrt fyrverkeri ombord p\u00e5 Bybanen.\u00a0<\/li>\n<p class=\"lab-bodytext-line\">&#8211;\u00a0Mye r\u00f8yk og passasjerene m\u00e5tte g\u00e5 av, mens utlufting p\u00e5gikk, opplyser politiet.<\/p>\n<li class=\"lab-bodytext-line\">I \u00c5lesund har politiet f\u00e5tt melding om en person som har skutt med fyverkeri mot personer og biler. Mannen skal ha l\u00f8pt fra stedet, skriver politiets operasjonsleder<\/li>\n<li class=\"lab-bodytext-line\">I H\u00f8nefoss rykker n\u00f8detatene ut til en brann i utem\u00f8bler og en husvegg, melder politiet. \u00c5rsaken til brannen skal v\u00e6re\u00a0fyrverkerioppskyting.\u00a0\u00a0<\/li>\n<li class=\"lab-bodytext-line\">\n<p>I Mandal ble en person kj\u00f8rt til legevakt etter at fyrverkeri eksploderte i h\u00e5nden.<\/p>\n<p>&#8211; Vedkommende fikk skader i fingrene og ble fraktet til legevakt for behandling, opplyser operasjonsleder Ole Robert Strandhagen i Agder politidistrikt.<\/p>\n<\/li>\n<li class=\"lab-bodytext-line\">I Bergen skriver politiet at en ung mann skj\u00f8t fyrverkeri mot forbipasserende.\u00a0Ingen ble skadd og den unge mannen ble bortvist fra sentrum.<\/li>\n<li class=\"lab-bodytext-line\">Ogs\u00e5 i Bergen har politiet f\u00e5tt melding om at noen har knust et vindu p\u00e5 Lynghaug skole og skutt fyrverkeri inn.\u00a0<br \/>&#8211; Gjerningspersonen(e) var forsvunnet da brannvesenet kom til skolen. Mye r\u00f8yk, ingen flammer. Politiet oppretter sak, opplyser operasjonsleder Morten Rebnord.<\/li>\n<li class=\"lab-bodytext-line\">I Kristiansand fikk politiet melding om at det ble skutt fyrverkeri fra en bil som kj\u00f8rte s\u00f8rover p\u00e5 riksvei 9. Politiet stanset bilen, men personene i bilen kunne fortelle at de ikke hadde noe kjennskap til oppskytingen.\u00a0<\/li>\n<p class=\"lab-bodytext-line\">&#8211; Fyrverkeri som de hadde med seg i bilen blir inndratt, skriver operasjonsleder Ole Robert Strandhagen.<\/p>\n<li class=\"lab-bodytext-line\">I Sandnes melder politiets operasjonsleder Helene Rygg Ims at ungdommer skal ha kastet fyrverkeri i s\u00f8ppelcontainere tilh\u00f8rende en barnehage. <br \/>&#8211;\u00a0 Brannen raskt slukket og det er ikke funnet de som kastet fyrverkeriet, skriver hun i en melding.<\/li>\n<li class=\"lab-bodytext-line\">I Arendal sentrum fikk politiet melding om en sl\u00e5sskamp p\u00e5 et utested klokka 01.06. En person sl\u00e5tt i hodet med en flaske. Det ble s\u00f8kt etter gjerningsmannen, men han ble ikke funnet.\u00a0<\/li>\n<li class=\"lab-bodytext-line\">I Kristiansand sentrum ble en kvinne p\u00e5grepet og satt i arrest klokka\u00a0\u00a001.37, da hun sparket etter polititjenestepersonene. Hun var tidligere bortvist fra sentrum, men etterkom ikke dette.\u00a0<\/li>\n<li class=\"lab-bodytext-line\">Klokka 02.25 ble det i Kristiansand meldt om to sl\u00e5sskamper p\u00e5 et utested i sentrum. Det ble innbrakt en person fra hver av sl\u00e5sskampene &#8211; begge blir if\u00f8lge politiet anmeldt for ordensforstyrrelse.\u00a0<\/li>\n<li class=\"lab-bodytext-line\">I Mandal sentrum fikk politiet lokka 03.15 melding om en person som var sl\u00e5tt og sparket av flere personer p\u00e5 tur hjem fra byen.\u00a0<\/li>\n<li class=\"lab-bodytext-line\">I Kristiansand ble en person innbragt for hindring av politiet klokka 03.16, da han sperret veien for en politibil samt slo i politibilen.<\/li>\n<\/ul>\n<p>Politiet ber publikum vise hensyn og f\u00f8lge gjeldende regler for bruk av fyrverkeri.<\/p>\n<p>I Oslo er det forbudt \u00e5 sende opp fyrverkeri innenfor Ring 2, samt i trehusomr\u00e5dene p\u00e5 V\u00e5lerenga og Kampen.<\/p>\n","protected":false},"excerpt":{"rendered":"Nytt\u00e5rsaften N\u00f8detatene melder om en rekke hendelser knyttet til fyrverkeri p\u00e5 nytt\u00e5rsaften. OSLO: Fyrverkeri over Oslo nytt\u00e5rsaften 2025\u20132026.&hellip;\n","protected":false},"author":2,"featured_media":127388,"comment_status":"","ping_status":"","sticky":false,"template":"","format":"standard","meta":{"footnotes":""},"categories":[5],"tags":[20,21,24,25,15,19,2539,22,23,17,18,13,30,28,29,14,16,26,27],"class_list":{"0":"post-127387","1":"post","2":"type-post","3":"status-publish","4":"format-standard","5":"has-post-thumbnail","7":"category-overskrifter","8":"tag-breaking-news","9":"tag-breakingnews","10":"tag-featured-news","11":"tag-featurednews","12":"tag-headlines","13":"tag-hovedoppslag","14":"tag-innenriks","15":"tag-latest-news","16":"tag-latestnews","17":"tag-main-news","18":"tag-mainnews","19":"tag-news","20":"tag-no","21":"tag-norge","22":"tag-norway","23":"tag-nyheter","24":"tag-overskrifter","25":"tag-top-stories","26":"tag-topstories"},"share_on_mastodon":{"url":"https:\/\/pubeurope.com\/@no\/115827215198278068","error":""},"_links":{"self":[{"href":"https:\/\/www.europesays.com\/no\/wp-json\/wp\/v2\/posts\/127387","targetHints":{"allow":["GET"]}}],"collection":[{"href":"https:\/\/www.europesays.com\/no\/wp-json\/wp\/v2\/posts"}],"about":[{"href":"https:\/\/www.europesays.com\/no\/wp-json\/wp\/v2\/types\/post"}],"author":[{"embeddable":true,"href":"https:\/\/www.europesays.com\/no\/wp-json\/wp\/v2\/users\/2"}],"replies":[{"embeddable":true,"href":"https:\/\/www.europesays.com\/no\/wp-json\/wp\/v2\/comments?post=127387"}],"version-history":[{"count":0,"href":"https:\/\/www.europesays.com\/no\/wp-json\/wp\/v2\/posts\/127387\/revisions"}],"wp:featuredmedia":[{"embeddable":true,"href":"https:\/\/www.europesays.com\/no\/wp-json\/wp\/v2\/media\/127388"}],"wp:attachment":[{"href":"https:\/\/www.europesays.com\/no\/wp-json\/wp\/v2\/media?parent=127387"}],"wp:term":[{"taxonomy":"category","embeddable":true,"href":"https:\/\/www.europesays.com\/no\/wp-json\/wp\/v2\/categories?post=127387"},{"taxonomy":"post_tag","embeddable":true,"href":"https:\/\/www.europesays.com\/no\/wp-json\/wp\/v2\/tags?post=127387"}],"curies":[{"name":"wp","href":"https:\/\/api.w.org\/{rel}","templated":true}]}}