{"id":127391,"date":"2026-01-02T19:44:15","date_gmt":"2026-01-02T19:44:15","guid":{"rendered":"https:\/\/www.europesays.com\/no\/127391\/"},"modified":"2026-01-02T19:44:15","modified_gmt":"2026-01-02T19:44:15","slug":"brigitte-bardots-dod-norsk-bestevenninne-i-sorg","status":"publish","type":"post","link":"https:\/\/www.europesays.com\/no\/127391\/","title":{"rendered":"Brigitte Bardots d\u00f8d: Norsk bestevenninne i sorg"},"content":{"rendered":"<p class=\"kicker \" style=\"\">Mistet besteveninnen:\u00a0<\/p>\n<p>  Rett f\u00f8r nytt\u00e5r kom den tunge beskjeden om at en av filmhistoriens st\u00f8rste legender var d\u00f8d. Nyheten har preget hennes norske bestevenninne sv\u00e6rt hardt.<\/p>\n<p>\n    GODE MINNER: \u2013 I sitt eget 70-\u00e5rslag kastet Brigitte stokken, og s\u00e5 danset vi p\u00e5 bordene, har norske Edna Fallao fortalt Se og H\u00f8r. Her er hun og Brigitte Bardot p\u00e5 en middag hjemme p\u00e5 Ednas restaurant. Foto: Privat\n  <\/p>\n<p> For noen dager siden kom nyheten om at rebellen og skuespiller-legenden <a href=\"https:\/\/www.seher.no\/kjendis\/skuepilleren-er-dod\/83742751\" rel=\"nofollow noopener\" target=\"_blank\">Brigitte Bardot var d\u00f8d<\/a>, 91 \u00e5r gammel.<\/p>\n<p>    <a itemprop=\"url\" href=\"https:\/\/www.seher.no\/kjendis\/gjenforent-deler-gladnyhet\/84049368\" rel=\"nofollow noopener\" target=\"_blank\"><\/p>\n<p>        <img loading=\"lazy\" decoding=\"async\" src=\"https:\/\/www.europesays.com\/no\/wp-content\/uploads\/2026\/01\/1767383049_363_84049440.webp.webp\" width=\"980\" height=\"441\" title=\"Gjenforent: Deler gladnyhet\" alt=\"\" class=\"lazyload\" style=\"--aspect-ratio-image: 2.22; \"\/><\/p>\n<p>        Gjenforent: Deler gladnyhet<\/p>\n<p>    <\/a><\/p>\n<p>D\u00f8dsfallet har g\u00e5tt sv\u00e6rt hardt inn p\u00e5 Bardots norske bestevenninne gjennom 60 \u00e5r, jetsett-personligheten Edna Fallao (92).<\/p>\n<p>De to damene fant tonen umiddelbart f\u00f8rste gang de m\u00f8ttes i franske Saint-Tropez og ganske raskt ble de bestevenninner. <\/p>\n<p>        <img loading=\"lazy\" decoding=\"async\" src=\"https:\/\/www.europesays.com\/no\/wp-content\/uploads\/2026\/01\/84049617.webp.webp\" width=\"686\" height=\"1023\" title=\"SEX-SYMBOL: Brigitte slo gjennom som skuespiller da hun var 21 \u00e5r i filmen \u00abOg Gud skapte kvinnen\u00bb. Noen av hennes mest kjente filmer var \u00abBabette g\u00e5r i krig\u00bb og den Oscar-nominerte \u00abSannheten\u00bb.\" alt=\"\" class=\"\" style=\"--aspect-ratio-image: 0.67; \"\/><\/p>\n<p>\n        SEX-SYMBOL: Brigitte slo gjennom som skuespiller da hun var 21 \u00e5r i filmen \u00abOg Gud skapte kvinnen\u00bb. Noen av hennes mest kjente filmer var \u00abBabette g\u00e5r i krig\u00bb og den Oscar-nominerte \u00abSannheten\u00bb.\n    <\/p>\n<p> Ikke forberedt\t<\/p>\n<p>&#8211; Jeg har gr\u00e5tt i flere dager, sier Edna til Se og H\u00f8r p\u00e5 telefon fra sin ber\u00f8mte strandrestaurant L\u2019Esquinade i Saint-Tropez.<\/p>\n<p>&#8211; Jeg visste at hun var d\u00e5rlig. Men at vi skulle miste henne s\u00e5 fort var jeg ikke forberedt p\u00e5, sier Edna. <\/p>\n<p>    <a itemprop=\"url\" href=\"https:\/\/www.seher.no\/sterke-historier\/vi-hadde-ikke-planlagt-doden\/84034922\" rel=\"nofollow noopener\" target=\"_blank\"><\/p>\n<p>        <img loading=\"lazy\" decoding=\"async\" src=\"https:\/\/www.europesays.com\/no\/wp-content\/uploads\/2026\/01\/84034926.webp.webp\" width=\"980\" height=\"441\" title=\"- Vi hadde ikke planlagt d\u00f8den\" alt=\"\" class=\"lazyload\" style=\"--aspect-ratio-image: 2.22; \"\/><\/p>\n<p>        &#8211; Vi hadde ikke planlagt d\u00f8den<\/p>\n<p>    <\/a><\/p>\n<p> I oktober ble det satt ut falske rykter fra en fransk influenser om at Brigitte var d\u00f8d. Men 91-\u00e5ringen slo raskt og hardt tilbake. <\/p>\n<p>\u00abJeg vet ikke hvilken idiot som startet denne falske nyheten om min d\u00f8d, men vit at jeg har det bra. Og jeg har ikke tenkt \u00e5 gi meg\u00bb, skrev den franske legenden p\u00e5 sosiale medier. <\/p>\n<p>        <img loading=\"lazy\" decoding=\"async\" src=\"https:\/\/www.europesays.com\/no\/wp-content\/uploads\/2026\/01\/84049621.webp.webp\" width=\"686\" height=\"446\" title=\"OVER 60 \u00c5R: Edna og Brigitte var venner i over 60 \u00e5r. Her spiser de middag sammen p\u00e5 Ednas resturant. Foto: Privat\" alt=\"\" class=\"\" style=\"--aspect-ratio-image: 1.54; \"\/><\/p>\n<p>\n        OVER 60 \u00c5R: Edna og Brigitte var venner i over 60 \u00e5r. Her spiser de middag sammen p\u00e5 Ednas resturant. Foto: Privat\n    <\/p>\n<p> Ryktene startet etter at Brigitte kort tid f\u00f8r hadde blitt innlagt p\u00e5 sykehus, og operert p\u00e5 grunn av alvorlig sykdom. <\/p>\n<p class=\"font-weight-bold m-font-weight-bold\" data-lab-font_weight=\"font-weight-bold\">Men rett f\u00f8r nytt\u00e5r var nyheten om d\u00f8dsfallet alts\u00e5 sann. <\/p>\n<p>Virkelighet\t<\/p>\n<p>&#8211; Vi pleide \u00e5 feire alle bursdager sammen, senest min 90-\u00e5rsdag her p\u00e5 stranden i Saint-Tropez, sier Edna til Se og H\u00f8r. <\/p>\n<p>        Kronprinsessen \u00e5pner opp i NRK-programmet \u00ab\u00c5ret med kongefamilien\u00bb. Video: NRK. Reporter: Mariel Sand Nwosu\/Dagbladet TV<\/p>\n<p>&#8211; Men i fjor var hun syk, og kunne ikke komme. Og i det siste har jeg ikke f\u00e5tt tak i henne, fordi hun var innlagt p\u00e5 sykehus. Nei, dette er s\u00e5 trist. Hun var en fantastisk varm og trofast venn \u2013 og hun satte s\u00e5 pris p\u00e5 barna mine ogs\u00e5. <\/p>\n<p>        <img loading=\"lazy\" decoding=\"async\" src=\"https:\/\/www.europesays.com\/no\/wp-content\/uploads\/2026\/01\/84049623.webp.webp\" width=\"686\" height=\"947\" title=\"SPEKTAKUL\u00c6RT LIV: Brigitte Bardot var gift fire ganger og etterlater seg ett barn. Allerede som 15-\u00e5ring slo hun gjennom som modell p\u00e5 forsiden av magasinet \u00abElle\u00bb. Hun var ogs\u00e5 sanger, og engasjerte seg i dyrevern. Foto: NTB\" alt=\"\" class=\"\" style=\"--aspect-ratio-image: 0.72; \"\/><\/p>\n<p>\n        SPEKTAKUL\u00c6RT LIV: Brigitte Bardot var gift fire ganger og etterlater seg ett barn. Allerede som 15-\u00e5ring slo hun gjennom som modell p\u00e5 forsiden av magasinet \u00abElle\u00bb. Hun var ogs\u00e5 sanger, og engasjerte seg i dyrevern. Foto: NTB\n    <\/p>\n<p> If\u00f8lge nyhetsbyr\u00e5et AFP skal Brigitte Bardot gravlegges i Saint-Tropez denne uken.\u00a0<\/p>\n<p>En rekke stjerner er ventet til seremonien, og trolig skal ogs\u00e5 Frankrikes president Emmanuel Macron (48), som nylig hyllet Bardot som en \u00ablegende\u00bb, delta.\u00a0<\/p>\n<p>    <a itemprop=\"url\" href=\"https:\/\/www.seher.no\/kjendis\/kjendisdatteren-funnet-dod\/84047141\" rel=\"nofollow noopener\" target=\"_blank\"><\/p>\n<p>        <img loading=\"lazy\" decoding=\"async\" src=\"https:\/\/www.europesays.com\/no\/wp-content\/uploads\/2026\/01\/1767383055_425_84047074.webp.webp\" width=\"147\" height=\"98\" title=\"Kjendisdatteren funnet d\u00f8d\" alt=\"\" class=\"lazyload\" style=\"--aspect-ratio-image: 1.50; \"\/><\/p>\n<p>        Kjendisdatteren funnet d\u00f8d<\/p>\n<p>    <\/a><\/p>\n<p> Edna har bestemt seg for \u00e5 v\u00e6re til stede for \u00e5 ta et siste farvel med sin kj\u00e6re venninne.<\/p>\n<p>&#8211; Jeg gruer meg veldig, men skal selvf\u00f8lgelig delta i begravelsen. Det blir veldig tungt. Jeg har selv v\u00e6rt p\u00e5 sykehus nylig, og er ikke helt i form, avslutter Bardots norske bestevenninne ettertenksomt.<\/p>\n","protected":false},"excerpt":{"rendered":"Mistet besteveninnen:\u00a0 Rett f\u00f8r nytt\u00e5r kom den tunge beskjeden om at en av filmhistoriens st\u00f8rste legender var d\u00f8d.&hellip;\n","protected":false},"author":2,"featured_media":127392,"comment_status":"","ping_status":"","sticky":false,"template":"","format":"standard","meta":{"footnotes":""},"categories":[58],"tags":[9775,71,479,30,28,29,72],"class_list":{"0":"post-127391","1":"post","2":"type-post","3":"status-publish","4":"format-standard","5":"has-post-thumbnail","7":"category-underholdning","8":"tag-brigitte-bardot","9":"tag-entertainment","10":"tag-kjendis","11":"tag-no","12":"tag-norge","13":"tag-norway","14":"tag-underholdning"},"share_on_mastodon":{"url":"https:\/\/pubeurope.com\/@no\/115827222988835984","error":""},"_links":{"self":[{"href":"https:\/\/www.europesays.com\/no\/wp-json\/wp\/v2\/posts\/127391","targetHints":{"allow":["GET"]}}],"collection":[{"href":"https:\/\/www.europesays.com\/no\/wp-json\/wp\/v2\/posts"}],"about":[{"href":"https:\/\/www.europesays.com\/no\/wp-json\/wp\/v2\/types\/post"}],"author":[{"embeddable":true,"href":"https:\/\/www.europesays.com\/no\/wp-json\/wp\/v2\/users\/2"}],"replies":[{"embeddable":true,"href":"https:\/\/www.europesays.com\/no\/wp-json\/wp\/v2\/comments?post=127391"}],"version-history":[{"count":0,"href":"https:\/\/www.europesays.com\/no\/wp-json\/wp\/v2\/posts\/127391\/revisions"}],"wp:featuredmedia":[{"embeddable":true,"href":"https:\/\/www.europesays.com\/no\/wp-json\/wp\/v2\/media\/127392"}],"wp:attachment":[{"href":"https:\/\/www.europesays.com\/no\/wp-json\/wp\/v2\/media?parent=127391"}],"wp:term":[{"taxonomy":"category","embeddable":true,"href":"https:\/\/www.europesays.com\/no\/wp-json\/wp\/v2\/categories?post=127391"},{"taxonomy":"post_tag","embeddable":true,"href":"https:\/\/www.europesays.com\/no\/wp-json\/wp\/v2\/tags?post=127391"}],"curies":[{"name":"wp","href":"https:\/\/api.w.org\/{rel}","templated":true}]}}