{"id":127410,"date":"2026-01-02T20:20:10","date_gmt":"2026-01-02T20:20:10","guid":{"rendered":"https:\/\/www.europesays.com\/no\/127410\/"},"modified":"2026-01-02T20:20:10","modified_gmt":"2026-01-02T20:20:10","slug":"sport-ishockey-isen-i-badekaret-smeltet-enormt-viktig-for-oss","status":"publish","type":"post","link":"https:\/\/www.europesays.com\/no\/127410\/","title":{"rendered":"Sport, Ishockey | Isen i \u00abBadekaret\u00bb smeltet: \u2013 Enormt viktig for oss"},"content":{"rendered":"\n<p>Da TIF Vikings U16-lag skulle i gang med sesongen igjen etter julepausen, dukket det opp et problem. Isen i \u00abBadekaret\u00bb var plutselig borte.<\/p>\n<p>\u2013 Vi fikk beskjed om at hallen ville v\u00e6re stengt i minst halvannen uke, sier lagets trener, Erik Nilsen.<\/p>\n<p>\u2013 Vi visste at minst to, kanskje fire, kamper ville bli ber\u00f8rt, i tillegg til treningene. Da var det bare \u00e5 kaste seg p\u00e5 telefonen for \u00e5 finne l\u00f8sninger, sier Nilsen.<\/p>\n<p>  <a href=\"https:\/\/www.ba.no\/5-8-3115810\" class=\"related-teaser has-image default-story-teaser article--c-eRUmMG article--c-eRUmMG-jKCPdD-design-default\" rel=\"nofollow noopener\" target=\"_blank\"><\/p>\n<p>    <img decoding=\"async\" loading=\"lazy\"  src=\"https:\/\/www.europesays.com\/no\/wp-content\/uploads\/2026\/01\/bb40fae6-a3e8-4079-8f23-2cf4323dd922.jpeg\" alt=\"\" class=\"brick-c-cFOWSL\" style=\"\"\/><\/p>\n<p>\n            Les ogs\u00e5<\/p>\n<p>              F\u00f8ler seg d\u00f8mt p\u00e5 historikk: \u2013 Det har \u00f8delagt v\u00e5re karrierer\n        <\/p>\n<p>  <\/a><br \/>\n  Kunne blitt dyrt<\/p>\n<p>For Tuva R\u00f8rvik Mohr, Marinah Nilsen og Amalie Rugtvedt, kom frykten for at planene i romjulen skulle falle i grus.<\/p>\n<p>\u2013 Vi trenger \u00e5 ha isen her, det er like viktig som at de som spiller fotball har baner \u00e5 spille p\u00e5. Vi var usikre p\u00e5 om vi fikk spilt i det hele tatt. Det er mange andre lag som ogs\u00e5 trenger istiden, sier Nilsen.<\/p>\n<p>Jentene er vant til \u00e5 m\u00e5tte flytte fra hall til hall, men det er Bergenshallen som er deres hjemmebane. Som for alle idrettslag betyr tilh\u00f8righeten mye. De forteller at det \u00e5 flytte kampene har praktiske konsekvenser.<\/p>\n<p>\u2013 Vi trives bedre her. Det er flere ting som gj\u00f8r det vanskelig andre steder, sier de.<\/p>\n<p>   <img decoding=\"async\" width=\"5335\" height=\"3554\" fetchpriority=\"low\"  loading=\"lazy\"  src=\"https:\/\/www.europesays.com\/no\/wp-content\/uploads\/2026\/01\/1590.jpg\" alt=\"Isen i Bergenshallen er vekke grunnet tekniske problemer\" class=\"brick-c-cFOWSL\" style=\"--brick-image-ratio: 5335 \/ 3554;\"\/><\/p>\n<p>      Fredag var det hektisk aktivitet for \u00e5 f\u00e5 isen p\u00e5 plass igjen.<br \/>\n      Foto: Emil Weatherhead Breistein\n    <\/p>\n<p>Til slutt l\u00f8ste det seg. Etter hektisk telefonvirksomhet fra klubben, ble kampene l\u00f8rdag og s\u00f8ndag flyttet til Iskanten.<\/p>\n<p>\u2013 TIF Viking var allerede p\u00e5 ballen da vi fikk bekreftet at isen var borte. Martin skal ha mye ros for at han tok seg tid midt i ferien til \u00e5 organisere istid p\u00e5 Iskanten, og for dialogen med Ski.<\/p>\n<p>Nilsen forteller at avlysning kunne blitt dyrt.<\/p>\n<p>\u2013 Vi hadde st\u00e5tt med et voldsomt \u00f8konomisk ansvar overfor Ski om vi ikke fikk det til. Flybillettene deres var jo allerede bestilt, sier han.<\/p>\n<p>  <a href=\"https:\/\/www.ba.no\/5-8-3239175\" class=\"related-teaser has-image default-story-teaser article--c-eRUmMG article--c-eRUmMG-jKCPdD-design-default\" rel=\"nofollow noopener\" target=\"_blank\"><\/p>\n<p>    <img decoding=\"async\" loading=\"lazy\"  src=\"https:\/\/www.europesays.com\/no\/wp-content\/uploads\/2026\/01\/IMG_1436.jpg\" alt=\"\" class=\"brick-c-cFOWSL\" style=\"\"\/><\/p>\n<p>\n            Les ogs\u00e5<\/p>\n<p>              Mistet \u00abhele\u00bb laget. N\u00e5 stormer juniorene mot opprykk.\n        <\/p>\n<p>  <\/a><br \/>\n  F\u00f8ler seg nedprioritert<\/p>\n<p>Til slutt fikk de flyttet kampene relativt raskt. I stedet for Badekaret, skulle kampene spilles p\u00e5 Iskanten. <\/p>\n<p>\u2013 Det er vi vant til, vi er kloke av skade. Vi vet at dersom vi skal f\u00e5 noe gjort, m\u00e5 vi gj\u00f8re det selv.<\/p>\n<p>Med et begrenset antall haller i byen, er det knapt nok istid til \u00e5 f\u00e5 kabalen til \u00e5 g\u00e5 opp som det er. Da en av byens f\u00e5 isflater gikk ned for telling, kunne det fort blitt katastrofalt.<\/p>\n<p>\u2013 Hadde det vart lenger, hadde det v\u00e6rt helt krise. Man finner l\u00f8sninger, men de er ofte ikke ideelle. Det er enormt s\u00e5rbart for utviklingen av en idrett i Norges nest st\u00f8rste by, som absolutt b\u00f8r klare \u00e5 utvikle lag som henger med i toppen.<\/p>\n<p>Jentene p\u00e5 laget frykter at n\u00e5r det har skjedd \u00e9n gang, kan det skje igjen.<\/p>\n<p>\u2013 Det er alltid en mulighet for det. Det har skjedd i andre haller vi har bes\u00f8kt, men vi er redde for at det kan skje igjen.<\/p>\n<p>   <img decoding=\"async\" width=\"8256\" height=\"5504\" fetchpriority=\"low\"  loading=\"lazy\"  src=\"https:\/\/www.europesays.com\/no\/wp-content\/uploads\/2026\/01\/EH8_0345_Redigert.jpg\" alt=\"Isanlegget i Bergenshallen har stoppet og isen skl v\u00e6re smeltet. Det medf\u00e6rer at Viking sitt jentelag m\u00e5 flytte ishockey-kampene sine. &#10;&#10;\" class=\"brick-c-cFOWSL\" style=\"--brick-image-ratio: 8256 \/ 5504;\"\/><\/p>\n<p>      Denne beskjeden m\u00f8tte laget i Bergenshallen.<br \/>\n      Foto: EIRIK HAGES\u00c6TER\n    <\/p>\n<p>Selv f\u00f8ler de at kommunen ikke bryr seg om dem.<\/p>\n<p>\u2013 Det virker som de bryr seg mer om andre idretter og andre ting enn oss. At de ikke tar oss like mye p\u00e5 alvor, siden det rammer f\u00e6rre. Men for oss betyr det alt, selv om det ikke g\u00e5r ut over like mange som det hadde gjort om det hadde skjedd med en fotballbane.<\/p>\n<p>Alle tre begynte med hockey etter at fedrene, som selv spilte, tok dem med i ishallen. Det er ingen tvil om hva sporten betyr for dem.<\/p>\n<p>\u2013 Det betyr alt, egentlig. Det er alt vi driver med, s\u00e5 det er enormt viktig for oss.<\/p>\n<p>\u00c5rsaken<\/p>\n<p>Idrettsdirekt\u00f8r i Bergen kommune, Torbj\u00f8rn Iversen, forklarer at \u00e5rsaken var en sikkerhetsventil som slo seg av.<\/p>\n<p>\u2013 Utjevningstanken har en sikkerhetsventil som skal sl\u00e5 seg inn dersom det for eksempel blir for h\u00f8yt trykk. Den har tr\u00f8blet over tid, og her var det den som slo seg av, sier han.<\/p>\n<p>Uhellet skjedde f\u00f8rste juledag, men feilen ble f\u00f8rst oppdaget ved en sjekk rundt klokken 09 2. juledag. Tidligere har kommunen hatt stikkvakter for \u00e5 sjekke anlegget i perioder det har v\u00e6rt stengt, men i v\u00e5r ble ordningen avsluttet.<\/p>\n<p>\u2013 Tidligere har vi hatt vakter fra 08 til 10, men selv med dem p\u00e5 jobb hadde ikke isen blitt reddet, siden det skjedde rundt klokken 16, p\u00e5peker Iversen.<\/p>\n<p>Arbeidet med \u00e5 legge ny is medf\u00f8rer ekstra kostnader, hovedsakelig knyttet til bemanning.<\/p>\n<p>\u2013 Det er full sving der fra i dag, og fullt trykk gjennom helgen. Det blir merket opp, malt sirkler og lagt reklame f\u00f8r isen bygges fra mandag. Det jobbes to skift, og kveldsvakten er doblet, s\u00e5 vi m\u00e5 ha inn ekstra folk.<\/p>\n<p>   <img decoding=\"async\" width=\"7827\" height=\"4937\" fetchpriority=\"low\"  loading=\"lazy\"  src=\"https:\/\/www.europesays.com\/no\/wp-content\/uploads\/2026\/01\/EH8_0312_Redigert.jpg\" alt=\"Isanlegget i Bergenshallen har stoppet og isen skl v\u00e6re smeltet. Det medf\u00e6rer at Viking sitt jentelag m\u00e5 flytte ishockey-kampene sine. &#10;&#10;Reklameseilet som skal ligge i isen ligger like innenfor inngangsd\u00f8ren. \" class=\"brick-c-cFOWSL\" style=\"--brick-image-ratio: 7827 \/ 4937;\"\/><\/p>\n<p>      Reklameseilene ligger klare i hallen.<br \/>\n      Foto: EIRIK HAGES\u00c6TER\n    <\/p>\n<p>N\u00f8yaktig hvor mye dette vil koste er forel\u00f8pig usikkert, men kritikken om at ishockey blir nedprioritert sammenlignet med andre idretter, er han ikke enig i.<\/p>\n<p>\u2013 Vi prioriterer det akkurat like h\u00f8yt som all annen aktivitet. I l\u00f8pet av et \u00e5r er Bergenshallen et av idrettsanleggene vi har bredest bemanning p\u00e5, og vi \u00f8nsker selvf\u00f8lgelig at alle skal f\u00e5 s\u00e5 gode forhold som mulig. I de ni \u00e5rene jeg har jobbet i Idrettsetaten, har det v\u00e6rt sv\u00e6rt lite nedetid i Bergenshallen til tross for utdatert og gammelt anlegg, s\u00e5 jeg vil skryte av jobben de ansatte gj\u00f8r der.<\/p>\n<p>Iversen understreker at m\u00e5let er at alle idretter skal ha s\u00e5 gode anlegg som mulig hele tiden, men at uforutsette ting skjer.<\/p>\n<p>\u2013 De eldre anleggene er selvf\u00f8lgelig mer rammet enn de nyere, men b\u00e5de innenfor ishockey, sv\u00f8mming og andre idretter m\u00e5 man noen ganger dessverre stenge ned p\u00e5 grunn av tekniske utfordringer.<\/p>\n<p>  <a href=\"https:\/\/www.ba.no\/5-8-3222531\" class=\"related-teaser has-image default-story-teaser article--c-eRUmMG article--c-eRUmMG-jKCPdD-design-default\" rel=\"nofollow noopener\" target=\"_blank\"><\/p>\n<p>    <img decoding=\"async\" loading=\"lazy\"  src=\"https:\/\/www.europesays.com\/no\/wp-content\/uploads\/2026\/01\/12+%282%29.jpg\" alt=\"\" class=\"brick-c-cFOWSL\" style=\"\"\/><\/p>\n<p>\n            Les ogs\u00e5<\/p>\n<p>              Bestemte seg for \u00e5 realisere dr\u00f8mmen: \u2013 Vil ble best i Bergen\n        <\/p>\n<p>  <\/a><\/p>\n","protected":false},"excerpt":{"rendered":"Da TIF Vikings U16-lag skulle i gang med sesongen igjen etter julepausen, dukket det opp et problem. Isen&hellip;\n","protected":false},"author":2,"featured_media":127411,"comment_status":"","ping_status":"","sticky":false,"template":"","format":"standard","meta":{"footnotes":""},"categories":[59],"tags":[36,14918,977,30,28,29,83,82,1510,11033],"class_list":{"0":"post-127410","1":"post","2":"type-post","3":"status-publish","4":"format-standard","5":"has-post-thumbnail","7":"category-sport","8":"tag-art","9":"tag-bergenshallen","10":"tag-ishockey","11":"tag-no","12":"tag-norge","13":"tag-norway","14":"tag-sport","15":"tag-sports","16":"tag-story","17":"tag-tif-viking"},"share_on_mastodon":{"url":"https:\/\/pubeurope.com\/@no\/115827364567461815","error":""},"_links":{"self":[{"href":"https:\/\/www.europesays.com\/no\/wp-json\/wp\/v2\/posts\/127410","targetHints":{"allow":["GET"]}}],"collection":[{"href":"https:\/\/www.europesays.com\/no\/wp-json\/wp\/v2\/posts"}],"about":[{"href":"https:\/\/www.europesays.com\/no\/wp-json\/wp\/v2\/types\/post"}],"author":[{"embeddable":true,"href":"https:\/\/www.europesays.com\/no\/wp-json\/wp\/v2\/users\/2"}],"replies":[{"embeddable":true,"href":"https:\/\/www.europesays.com\/no\/wp-json\/wp\/v2\/comments?post=127410"}],"version-history":[{"count":0,"href":"https:\/\/www.europesays.com\/no\/wp-json\/wp\/v2\/posts\/127410\/revisions"}],"wp:featuredmedia":[{"embeddable":true,"href":"https:\/\/www.europesays.com\/no\/wp-json\/wp\/v2\/media\/127411"}],"wp:attachment":[{"href":"https:\/\/www.europesays.com\/no\/wp-json\/wp\/v2\/media?parent=127410"}],"wp:term":[{"taxonomy":"category","embeddable":true,"href":"https:\/\/www.europesays.com\/no\/wp-json\/wp\/v2\/categories?post=127410"},{"taxonomy":"post_tag","embeddable":true,"href":"https:\/\/www.europesays.com\/no\/wp-json\/wp\/v2\/tags?post=127410"}],"curies":[{"name":"wp","href":"https:\/\/api.w.org\/{rel}","templated":true}]}}