{"id":127419,"date":"2026-01-02T20:35:13","date_gmt":"2026-01-02T20:35:13","guid":{"rendered":"https:\/\/www.europesays.com\/no\/127419\/"},"modified":"2026-01-02T20:35:13","modified_gmt":"2026-01-02T20:35:13","slug":"fokus-pa-teater-og-privatliv","status":"publish","type":"post","link":"https:\/\/www.europesays.com\/no\/127419\/","title":{"rendered":"Fokus p\u00e5 teater og privatliv"},"content":{"rendered":"<p class=\"kicker \" style=\"\">Paul Mescal:<\/p>\n<p>  Den irske skuespilleren er klar for en pause fra rampelyset.<\/p>\n<p>\n    AKTIV: Paul Mescal har hatt en rekke store filmroller de siste \u00e5rene. Foto: David Parry\/NTB\n  <\/p>\n<p id=\"text\" class=\"svelte-1bgec1z\">I samarbeid med<\/p>\n<p>     <img decoding=\"async\" src=\"https:\/\/www.europesays.com\/no\/wp-content\/uploads\/2025\/12\/fishermansFriend.png\" alt=\"kommersiell logo\" class=\"svelte-1bgec1z\"\/>          <\/p>\n<p>Etter en lengre periode med store roller i filmer som \u00abAftersun\u00bb, \u00abGladiator II\u00bb og den kommende Oscar-aktuelle \u00abHamnet\u00bb, opplyser n\u00e5 Paul Mescal (29) at det kan bli mindre \u00e5 se av ham i nye filmer fremover.<\/p>\n<p>    <a itemprop=\"url\" href=\"https:\/\/www.seher.no\/kjendis\/setter-fart-pa-bruddryktene\/82554416\" rel=\"nofollow noopener\" target=\"_blank\"><\/p>\n<p>        <img loading=\"lazy\" decoding=\"async\" src=\"https:\/\/www.europesays.com\/no\/wp-content\/uploads\/2026\/01\/82555760.webp.webp\" width=\"980\" height=\"441\" title=\"Setter fart p\u00e5 bruddryktene\" alt=\"\" class=\"lazyload\" style=\"--aspect-ratio-image: 2.22; \"\/><\/p>\n<p>        Setter fart p\u00e5 bruddryktene<\/p>\n<p>    <\/a><\/p>\n<p>&#8211; Jeg er fem eller seks \u00e5r inn i dette n\u00e5, og jeg f\u00f8ler meg veldig heldig. Men jeg l\u00e6rer ogs\u00e5 at jeg ikke tror jeg kan fortsette \u00e5 gj\u00f8re det like mye, forteller han til <a href=\"https:\/\/www.theguardian.com\/film\/2026\/jan\/02\/i-dont-want-to-resent-the-thing-i-love-paul-mescal-and-josh-oconnor-on-romance-rationing-and-retirement\" rel=\"nofollow noopener\" target=\"_blank\">The Guardian<\/a>.<\/p>\n<p>        \u00abHELT PERFEKT\u00bb: Influenser Alexandra Joner tar oss med bak i kulissene og kommer med en avsl\u00f8ring fra settet. Video: R\u00f8d L\u00f8per<\/p>\n<p>29-\u00e5ringen gir uttrykk for at han n\u00e5 m\u00e5 begynne \u00e5 roe ned tempoet og prioritere annerledes. Det betyr ikke n\u00f8dvendigvis f\u00e6rre roller, men at han m\u00e5 v\u00e6re mer bevisst p\u00e5 hvilke prosjekter han tar p\u00e5 seg.<\/p>\n<p>&#8211; Filmer som \u00abThe History of Sound\u00bb tar mer ut av \u00abbr\u00f8nnen\u00bb. Du kan ikke fortsette \u00e5 g\u00e5 tilbake og forvente \u00e5 konsekvent levere noe du er stolt av, sier han.<\/p>\n<p>    <a itemprop=\"url\" href=\"https:\/\/www.seher.no\/kjendis\/stjernespekket-oppmote\/81678033\" rel=\"nofollow noopener\" target=\"_blank\"><\/p>\n<p>        <img loading=\"lazy\" decoding=\"async\" src=\"https:\/\/www.europesays.com\/no\/wp-content\/uploads\/2026\/01\/81678309.webp.webp\" width=\"980\" height=\"441\" title=\"Stjernespekket oppm\u00f8te\" alt=\"\" class=\"lazyload\" style=\"--aspect-ratio-image: 2.22; \"\/><\/p>\n<p>        Stjernespekket oppm\u00f8te<\/p>\n<p>    <\/a><\/p>\n<p>Mescal r\u00f8per ogs\u00e5 at han savner \u00e5 st\u00e5 p\u00e5 scenen og kan tenke seg \u00e5 fokusere p\u00e5 teater i et par \u00e5r. I tillegg nevner han at han har andre prioriteringer i privatlivet som han gjerne vil ta seg av &#8211; uten at han peker p\u00e5 noe spesifikt.<\/p>\n<p>        <img loading=\"lazy\" decoding=\"async\" src=\"https:\/\/www.europesays.com\/no\/wp-content\/uploads\/2026\/01\/84049046.webp.webp\" width=\"667\" height=\"447\" title=\"HOVEDROLLE: Paul Mescal spilte nylig William Shakespeare i filmen \u00abHamnet\u00bb fra 2025. Foto: Marion Curtis\/StarPix for Focus Features\/Shutterstock\/NTB\" alt=\"\" class=\"\" style=\"--aspect-ratio-image: 1.49; \"\/><\/p>\n<p>\n        HOVEDROLLE: Paul Mescal spilte nylig William Shakespeare i filmen \u00abHamnet\u00bb fra 2025. Foto: Marion Curtis\/StarPix for Focus Features\/Shutterstock\/NTB\n    <\/p>\n<p>Skuespilleren slo f\u00f8rst gjennom i BBC-serien \u00abNormal People\u00bb i 2020. N\u00e5 for tiden promoterer han filmen \u00abHamnet\u00bb, som ble lansert i november 2025 der Mescal spiller William Shakespeare.<\/p>\n<p>        REALITY-FORTID: \u00abFlukten fra Bolivia\u00bb-skuespilleren r\u00f8per hvordan deltakelsen i det popul\u00e6re realityprogrammet landet henne dr\u00f8mmerollen. Reporter: Sanne Holt. Video: \u00abFlukten fra Bolivia\u00bb\/ TV 2\/ Celine N\u00e6ss Andreassen\/ R\u00f8d L\u00f8per<\/p>\n<p>Etter endt promotering har han et m\u00e5l om \u00e5 holde lav profil frem til 2028. Da skal han spille Paul McCartney i Sam Mendes&#8217; \u00abBeatles\u00bb-filmer.<\/p>\n<p>    <a itemprop=\"url\" href=\"https:\/\/www.seher.no\/kjendis\/skal-ha-havnet-i-trekantdrama\/78125773\" rel=\"nofollow noopener\" target=\"_blank\"><\/p>\n<p>        <img loading=\"lazy\" decoding=\"async\" src=\"https:\/\/www.europesays.com\/no\/wp-content\/uploads\/2026\/01\/78126185.webp.webp\" width=\"980\" height=\"441\" title=\"Skal ha havnet i trekantdrama\" alt=\"\" class=\"lazyload\" style=\"--aspect-ratio-image: 2.22; \"\/><\/p>\n<p>        Skal ha havnet i trekantdrama<\/p>\n<p>    <\/a><\/p>\n<p>&#8211; N\u00e5r jeg er ferdig med \u00e5 promotere den, h\u00e5per jeg ingen f\u00e5r se meg f\u00f8r 2028 n\u00e5r jeg gj\u00f8r Beatles. Folk f\u00e5r en pause fra meg og jeg f\u00e5r en pause fra dem, sier han.<\/p>\n","protected":false},"excerpt":{"rendered":"Paul Mescal: Den irske skuespilleren er klar for en pause fra rampelyset. AKTIV: Paul Mescal har hatt en&hellip;\n","protected":false},"author":2,"featured_media":127420,"comment_status":"","ping_status":"","sticky":false,"template":"","format":"standard","meta":{"footnotes":""},"categories":[58],"tags":[71,479,2543,30,28,29,14919,14309,72],"class_list":{"0":"post-127419","1":"post","2":"type-post","3":"status-publish","4":"format-standard","5":"has-post-thumbnail","7":"category-underholdning","8":"tag-entertainment","9":"tag-kjendis","10":"tag-kjendisdesken","11":"tag-no","12":"tag-norge","13":"tag-norway","14":"tag-paul-mescal","15":"tag-pause","16":"tag-underholdning"},"share_on_mastodon":{"url":"https:\/\/pubeurope.com\/@no\/115827423520477349","error":""},"_links":{"self":[{"href":"https:\/\/www.europesays.com\/no\/wp-json\/wp\/v2\/posts\/127419","targetHints":{"allow":["GET"]}}],"collection":[{"href":"https:\/\/www.europesays.com\/no\/wp-json\/wp\/v2\/posts"}],"about":[{"href":"https:\/\/www.europesays.com\/no\/wp-json\/wp\/v2\/types\/post"}],"author":[{"embeddable":true,"href":"https:\/\/www.europesays.com\/no\/wp-json\/wp\/v2\/users\/2"}],"replies":[{"embeddable":true,"href":"https:\/\/www.europesays.com\/no\/wp-json\/wp\/v2\/comments?post=127419"}],"version-history":[{"count":0,"href":"https:\/\/www.europesays.com\/no\/wp-json\/wp\/v2\/posts\/127419\/revisions"}],"wp:featuredmedia":[{"embeddable":true,"href":"https:\/\/www.europesays.com\/no\/wp-json\/wp\/v2\/media\/127420"}],"wp:attachment":[{"href":"https:\/\/www.europesays.com\/no\/wp-json\/wp\/v2\/media?parent=127419"}],"wp:term":[{"taxonomy":"category","embeddable":true,"href":"https:\/\/www.europesays.com\/no\/wp-json\/wp\/v2\/categories?post=127419"},{"taxonomy":"post_tag","embeddable":true,"href":"https:\/\/www.europesays.com\/no\/wp-json\/wp\/v2\/tags?post=127419"}],"curies":[{"name":"wp","href":"https:\/\/api.w.org\/{rel}","templated":true}]}}