{"id":12743,"date":"2025-08-20T00:59:08","date_gmt":"2025-08-20T00:59:08","guid":{"rendered":"https:\/\/www.europesays.com\/no\/12743\/"},"modified":"2025-08-20T00:59:08","modified_gmt":"2025-08-20T00:59:08","slug":"slik-romte-djevelen-i-ozark-fra-fengselet","status":"publish","type":"post","link":"https:\/\/www.europesays.com\/no\/12743\/","title":{"rendered":"Slik r\u00f8mte \u00abDjevelen i Ozark\u00bb fra fengselet"},"content":{"rendered":"\n<p class=\"_lead_1bvmi_2 _lead_xtcu6_50 layout-component text-serif-m layout-normal text-serif-l layout-component layout-wide layout-padded _wide_17hqh_1 layout-padded\">Lurte fengselsvaktene med tusj og kj\u00f8kkenforkle.<\/p>\n<p><img alt=\"Den tidligere politisjefen like etter at han ble funnet og p\u00e5grepet.  Foto: Fengselsvesenet i Arkansas \/ AP\" class=\"_image_qp4xg_65 layout-component layout-wide\" data-fullscreen- data-track-element-type=\"Article image fullscreen\" data-track-name=\"ImageFullscreen\" fetchpriority=\"high\" decoding=\"sync\" loading=\"eager\" height=\"2000\" itemprop=\"image\"  src=\"https:\/\/www.europesays.com\/no\/wp-content\/uploads\/2025\/08\/9f7411e8-7c8c-4a94-a045-88134a983a2b\"  style=\"object-position:0% 0%\" width=\"3000\"\/>Den tidligere politisjefen like etter at han ble funnet og p\u00e5grepet.  Foto: Fengselsvesenet i Arkansas \/ AP<\/p>\n<ul aria-hidden=\"true\" class=\"_images_1y6fe_106\">\n<li><a class=\"_link_1y6fe_111\" href=\"https:\/\/www.vg.no\/forfatter\/einar-torkelsen\" style=\"z-index:1\" title=\"Einar Torkelsen\" rel=\"nofollow noopener\" target=\"_blank\"><img alt=\"Bilde av Einar Torkelsen\" class=\"_image_1y6fe_88\" fetchpriority=\"low\" loading=\"lazy\" decoding=\"async\" itemprop=\"image\"  src=\"https:\/\/www.europesays.com\/no\/wp-content\/uploads\/2025\/08\/1755651548_900_f6016772-ddbc-43d2-b733-41afc7cc9046\"  width=\"480\"\/><\/a><\/li>\n<\/ul>\n<p> Oppdatert onsdag 20. august kl. 02:11     <\/p>\n<p class=\"_paragraph_1bvmi_4 _paragraph_xtcu6_10 layout-component text-serif-m layout-normal text-serif-m layout-padded\">Grant Hardin er en tidligere politisjef i <a href=\"https:\/\/www.vg.no\/tag\/usa?utm_source=vg-article&amp;utm_medium=auto-tagger&amp;utm_campaign=EyG613\" class=\"_link_1bvmi_39\" rel=\"nofollow noopener\" target=\"_blank\">USA<\/a> som er d\u00f8mt for drap og voldtekt. <\/p>\n<p class=\"_paragraph_1bvmi_4 _paragraph_xtcu6_10 layout-component text-serif-m layout-normal text-serif-m layout-padded\">I slutten av mai i \u00e5r r\u00f8mte han fra fengselet der han sonet, i Calico Rock i delstaten Arkansas.<\/p>\n<p class=\"_paragraph_1bvmi_4 _paragraph_xtcu6_10 layout-component text-serif-m layout-normal text-serif-m layout-padded\">Hardin klarte \u00e5 lure fengselsbetjentene og fluktet midt p\u00e5 dagen i en improvisert politiuniform.<\/p>\n<p class=\"_paragraph_1bvmi_4 _paragraph_xtcu6_10 layout-component text-serif-m layout-normal text-serif-m layout-padded\">Han planla flukten i et halvt \u00e5r, if\u00f8lge en fersk gransking fra fengselsvesenet. Det skriver <a href=\"https:\/\/www.nbcnews.com\/news\/us-news\/devil-ozarks-used-sharpie-kitchen-aprons-empty-food-can-craft-disguise-rcna225857\" class=\"_link_1bvmi_39\" rel=\"nofollow noopener\" target=\"_blank\">NBC<\/a>. <\/p>\n<p>Spaserte ut av fengselet<\/p>\n<p class=\"_paragraph_1bvmi_4 _paragraph_xtcu6_10 layout-component text-serif-m layout-normal text-serif-m layout-padded\">Hardin lagde den improviserte uniformen ved \u00e5 farge kl\u00e6rne sine svarte med tusjer han klarte \u00e5 plukke med seg i fengselet. Et av plaggene var en hvit T-skjorte, som han farget rundt slik at det sto \u00abpoliti\u00bb p\u00e5 den. <\/p>\n<p class=\"_paragraph_1bvmi_4 _paragraph_xtcu6_10 layout-component text-serif-m layout-normal text-serif-m layout-padded\">Han brukte svarte kj\u00f8kkenforkl\u00e6r fra fengselskj\u00f8kkenet til \u00e5 lage det som lignet p\u00e5 en skuddsikker vest. Harden brukte i tillegg en hermetikkboks til \u00e5 forme et falskt politiskilt.<\/p>\n<p><img alt=\"Skjermbilde av en overv\u00e5kningsvideo som viser Hardin under flukten i fengselet.   Foto: Politiet i Stone county\" class=\"_image_qp4xg_65 layout-component layout-normal\" data-fullscreen- data-track-element-type=\"Article image fullscreen\" data-track-name=\"ImageFullscreen\" decoding=\"async\" loading=\"lazy\" height=\"772\" itemprop=\"image\"  src=\"https:\/\/www.europesays.com\/no\/wp-content\/uploads\/2025\/08\/952d56c3-aa8b-4265-9682-404fee2801d8\"  style=\"object-position:0% 0%\" width=\"750\"\/>Skjermbilde av en overv\u00e5kningsvideo som viser Hardin under flukten i fengselet.   Foto: Politiet i Stone county<\/p>\n<p class=\"_paragraph_1bvmi_4 _paragraph_xtcu6_10 layout-component text-serif-m layout-normal text-serif-m layout-padded\">P\u00e5 fluktdagen klarte Hardin \u00e5 bare spasere ut av fengselet. Han ba en vakt om \u00e5 \u00e5pne porten og slippe ham ut. Vakten ba ikke om \u00e5 f\u00e5 se ID, if\u00f8lge granskingen. <\/p>\n<p>Intens politijakt<\/p>\n<p class=\"_paragraph_1bvmi_4 _paragraph_xtcu6_10 layout-component text-serif-m layout-normal text-serif-m layout-padded\">Hardin var p\u00e5 r\u00f8mmen i nesten to uker, f\u00f8r han eventuelt ble funnet og p\u00e5grepet 6. juni i en intens politijakt. <\/p>\n<p class=\"_paragraph_1bvmi_4 _paragraph_xtcu6_10 layout-component text-serif-m layout-normal text-serif-m layout-padded\">Han befant seg da i en skog bare noen kilometer unna fengselet. <\/p>\n<p><img alt=\"Politiet kontrollerer en bil under jakten p\u00e5 Hardin i mai.  Foto: Nicholas Ingram \/ AP \/ NTB\" class=\"_image_qp4xg_65 layout-component layout-normal\" data-fullscreen- data-track-element-type=\"Article image fullscreen\" data-track-name=\"ImageFullscreen\" decoding=\"async\" loading=\"lazy\" height=\"2081\" itemprop=\"image\"  src=\"https:\/\/www.europesays.com\/no\/wp-content\/uploads\/2025\/08\/9654cdae-7a81-408d-8df6-eaa9f1ceb398\"  style=\"object-position:0% 0%\" width=\"2913\"\/>Politiet kontrollerer en bil under jakten p\u00e5 Hardin i mai.  Foto: Nicholas Ingram \/ AP \/ NTB<\/p>\n<p class=\"_paragraph_1bvmi_4 _paragraph_xtcu6_10 layout-component text-serif-m layout-normal text-serif-m layout-padded\">N\u00e5 er han tilbake i et nytt fengsel for \u00e5 sone draps- og voldtektsdommen. <\/p>\n<p class=\"_paragraph_1bvmi_4 _paragraph_xtcu6_10 layout-component text-serif-m layout-normal text-serif-m layout-padded\">Han er i tillegg tiltalt for fengselsflukten. En rettssak er ventet \u00e5 begynne i november. <\/p>\n<p class=\"_paragraph_1bvmi_4 _paragraph_xtcu6_10 layout-component text-serif-m layout-normal text-serif-m layout-padded\">Hardin nekter straffskyld, if\u00f8lge NBC. <\/p>\n<p class=\"_paragraph_1bvmi_4 _paragraph_xtcu6_10 layout-component text-serif-m layout-normal text-serif-m layout-padded\">Hardin ble f\u00f8rste gang d\u00f8mt i 2017 for \u00e5 ha skutt og drept en 59 \u00e5r gammel mann i Garfield i Arkansas. Han erkjente straffskyld for drapet, og ble d\u00f8mt til \u00e5 sone 30 \u00e5r i fengsel. <\/p>\n<p class=\"_paragraph_1bvmi_4 _paragraph_xtcu6_10 layout-component text-serif-m layout-normal text-serif-m layout-padded\">To \u00e5r senere ble han d\u00f8mt for \u00e5 ha voldtatt en barneskolel\u00e6rer i et klasserom i 2019. Fengselsdommen ble forlenget med 50 \u00e5r. <\/p>\n<p class=\"_paragraph_1bvmi_4 _paragraph_xtcu6_10 layout-component text-serif-m layout-normal text-serif-m layout-padded\">I 2023 publiserte HBO Max dokumentaren \u00abDjevelen i Ozark\u00bb, som omhandler Hardin og saken mot ham. <\/p>\n","protected":false},"excerpt":{"rendered":"Lurte fengselsvaktene med tusj og kj\u00f8kkenforkle. Den tidligere politisjefen like etter at han ble funnet og p\u00e5grepet. Foto:&hellip;\n","protected":false},"author":2,"featured_media":12744,"comment_status":"","ping_status":"","sticky":false,"template":"","format":"standard","meta":{"footnotes":""},"categories":[12],"tags":[20,21,24,25,2507,15,148,22,23,13,30,28,29,14,16,26,27,50,42,43,44,45],"class_list":{"0":"post-12743","1":"post","2":"type-post","3":"status-publish","4":"format-standard","5":"has-post-thumbnail","7":"category-verden","8":"tag-breaking-news","9":"tag-breakingnews","10":"tag-featured-news","11":"tag-featurednews","12":"tag-fengsel","13":"tag-headlines","14":"tag-kriminalitet","15":"tag-latest-news","16":"tag-latestnews","17":"tag-news","18":"tag-no","19":"tag-norge","20":"tag-norway","21":"tag-nyheter","22":"tag-overskrifter","23":"tag-top-stories","24":"tag-topstories","25":"tag-usa","26":"tag-verden","27":"tag-world","28":"tag-world-news","29":"tag-worldnews"},"share_on_mastodon":{"url":"","error":""},"_links":{"self":[{"href":"https:\/\/www.europesays.com\/no\/wp-json\/wp\/v2\/posts\/12743","targetHints":{"allow":["GET"]}}],"collection":[{"href":"https:\/\/www.europesays.com\/no\/wp-json\/wp\/v2\/posts"}],"about":[{"href":"https:\/\/www.europesays.com\/no\/wp-json\/wp\/v2\/types\/post"}],"author":[{"embeddable":true,"href":"https:\/\/www.europesays.com\/no\/wp-json\/wp\/v2\/users\/2"}],"replies":[{"embeddable":true,"href":"https:\/\/www.europesays.com\/no\/wp-json\/wp\/v2\/comments?post=12743"}],"version-history":[{"count":0,"href":"https:\/\/www.europesays.com\/no\/wp-json\/wp\/v2\/posts\/12743\/revisions"}],"wp:featuredmedia":[{"embeddable":true,"href":"https:\/\/www.europesays.com\/no\/wp-json\/wp\/v2\/media\/12744"}],"wp:attachment":[{"href":"https:\/\/www.europesays.com\/no\/wp-json\/wp\/v2\/media?parent=12743"}],"wp:term":[{"taxonomy":"category","embeddable":true,"href":"https:\/\/www.europesays.com\/no\/wp-json\/wp\/v2\/categories?post=12743"},{"taxonomy":"post_tag","embeddable":true,"href":"https:\/\/www.europesays.com\/no\/wp-json\/wp\/v2\/tags?post=12743"}],"curies":[{"name":"wp","href":"https:\/\/api.w.org\/{rel}","templated":true}]}}