{"id":127435,"date":"2026-01-02T21:01:19","date_gmt":"2026-01-02T21:01:19","guid":{"rendered":"https:\/\/www.europesays.com\/no\/127435\/"},"modified":"2026-01-02T21:01:19","modified_gmt":"2026-01-02T21:01:19","slug":"vaer-vinter-vi-gar-inn-i-en-kuldeperiode-men-hvis-du-liker-a-ga-pa-ski-burde-du-kanskje-bo-et-annet-sted-enn-sarpsborg","status":"publish","type":"post","link":"https:\/\/www.europesays.com\/no\/127435\/","title":{"rendered":"V\u00e6r, Vinter | \u2013 Vi g\u00e5r inn i en kuldeperiode, men hvis du liker \u00e5 g\u00e5 p\u00e5 ski burde du kanskje bo et annet sted enn Sarpsborg"},"content":{"rendered":"\n<p>Fredag formiddag er det fem-seks minusgrader i Sarpsborg. Med en sur nordavind p\u00e5 kj\u00f8pet, er den f\u00f8lte temperaturen rundt 14 minusgrader, if\u00f8lge yr.no.<\/p>\n<p>I tillegg har det kommet et fint hvitt lag med sn\u00f8 i morgentimene. Etter en forholdsvis mild og gr\u00f8nn jul, kom v\u00e6romslaget br\u00e5tt og brutalt natt til fredag. Og den kalde perioden vi er inne i n\u00e5, kommer til \u00e5 vare en stund.<\/p>\n<p>\u2013 L\u00f8rdag starter med litt nordavind, f\u00f8r den roer seg utover dagen. Da blir det ikke fullt s\u00e5 kaldt. B\u00e5de l\u00f8rdag og s\u00f8ndag blir det skyet. Men til uka klarner det opp, og da blir det kaldt, forteller statsmeteorolog Eldbj\u00f8rg Moxnes. Hun ansl\u00e5r en temperatur p\u00e5 mellom ti og femten minusgrader b\u00e5de p\u00e5 natta og dagtid neste uke.<\/p>\n<p>\u2013 Sola kommer neppe til \u00e5 varme s\u00e6rlig mye p\u00e5 dagtid, sier Moxnes.<\/p>\n<p>Kuldeperioden vi er inne i kommer i hvert fall til \u00e5 vare fram til midten av januar. Det blir t\u00f8rre og kalde dager framover.<\/p>\n<p>Den lille sn\u00f8en vi har f\u00e5tt blir trolig den eneste p\u00e5 en stund. S\u00e5 vi m\u00e5 trolig sette v\u00e5r lit til kunstsn\u00f8en dersom du kl\u00f8r etter \u00e5 teste ski og akebrett.<\/p>\n<p>\u2013 Hvis du er typen som liker \u00e5 g\u00e5 p\u00e5 ski, burde du kanskje bo et annet sted enn Sarpsborg. Men dere f\u00e5r fine forhold for sk\u00f8yter, sier meteorologen.<\/p>\n<p>    Vil du se neste video?<\/p>\n<p>    <a href=\"https:\/\/www.sa.no\/nyttarsaften-fra-torvet\/v\/5-46-1936748\" class=\"recommend-poster\" data-adp-clicklabel=\"video-recommend\" data-adp-clickvalue=\"poster\" rel=\"nofollow noopener\" target=\"_blank\"><br \/>\n      <img decoding=\"async\" width=\"200\" height=\"200\" loading=\"lazy\" src=\"https:\/\/www.europesays.com\/no\/wp-content\/uploads\/2026\/01\/v-i-f0b34e7e-8a45-456b-875e-859032deb213-1.jpg\" alt=\"\" class=\"brick-c-cFOWSL\" style=\"--brick-image-ratio: 200 \/ 200;\"\/><\/p>\n<p>Nytt\u00e5rsaften fra torvet0:26<\/p>\n<p>    <\/a><\/p>\n<p>        I fjor ga fysioterapeut Tommy Aasli oss disse tipsene. N\u00e5 er det igjen sn\u00f8v\u00e6r. Pass p\u00e5 ryggen.<\/p>\n<p>  <a href=\"https:\/\/www.sa.no\/5-46-1936235\" class=\"related-teaser has-image default-story-teaser article--c-eRUmMG article--c-eRUmMG-jKCPdD-design-default\" rel=\"nofollow noopener\" target=\"_blank\"><\/p>\n<p>    <img decoding=\"async\" loading=\"lazy\"  src=\"https:\/\/www.europesays.com\/no\/wp-content\/uploads\/2026\/01\/5_46_1564026_0195_JMA_221223JulestemningSarpsborg_lr.jpg\" alt=\"\" class=\"brick-c-cFOWSL\" style=\"\"\/><\/p>\n<p>\n            Les ogs\u00e5<\/p>\n<p>              N\u00e5 kommer vinterens f\u00f8rste sn\u00f8fall\n        <\/p>\n<p>  <\/a><\/p>\n","protected":false},"excerpt":{"rendered":"Fredag formiddag er det fem-seks minusgrader i Sarpsborg. Med en sur nordavind p\u00e5 kj\u00f8pet, er den f\u00f8lte temperaturen&hellip;\n","protected":false},"author":2,"featured_media":127436,"comment_status":"","ping_status":"","sticky":false,"template":"","format":"standard","meta":{"footnotes":""},"categories":[10],"tags":[36,20,21,24,25,15,14920,22,23,13,30,28,29,14,16,3650,1510,26,27,553,6263],"class_list":{"0":"post-127435","1":"post","2":"type-post","3":"status-publish","4":"format-standard","5":"has-post-thumbnail","7":"category-norge","8":"tag-art","9":"tag-breaking-news","10":"tag-breakingnews","11":"tag-featured-news","12":"tag-featurednews","13":"tag-headlines","14":"tag-kuldegrader","15":"tag-latest-news","16":"tag-latestnews","17":"tag-news","18":"tag-no","19":"tag-norge","20":"tag-norway","21":"tag-nyheter","22":"tag-overskrifter","23":"tag-ski","24":"tag-story","25":"tag-top-stories","26":"tag-topstories","27":"tag-vaer","28":"tag-vinter"},"share_on_mastodon":{"url":"https:\/\/pubeurope.com\/@no\/115827525767821785","error":""},"_links":{"self":[{"href":"https:\/\/www.europesays.com\/no\/wp-json\/wp\/v2\/posts\/127435","targetHints":{"allow":["GET"]}}],"collection":[{"href":"https:\/\/www.europesays.com\/no\/wp-json\/wp\/v2\/posts"}],"about":[{"href":"https:\/\/www.europesays.com\/no\/wp-json\/wp\/v2\/types\/post"}],"author":[{"embeddable":true,"href":"https:\/\/www.europesays.com\/no\/wp-json\/wp\/v2\/users\/2"}],"replies":[{"embeddable":true,"href":"https:\/\/www.europesays.com\/no\/wp-json\/wp\/v2\/comments?post=127435"}],"version-history":[{"count":0,"href":"https:\/\/www.europesays.com\/no\/wp-json\/wp\/v2\/posts\/127435\/revisions"}],"wp:featuredmedia":[{"embeddable":true,"href":"https:\/\/www.europesays.com\/no\/wp-json\/wp\/v2\/media\/127436"}],"wp:attachment":[{"href":"https:\/\/www.europesays.com\/no\/wp-json\/wp\/v2\/media?parent=127435"}],"wp:term":[{"taxonomy":"category","embeddable":true,"href":"https:\/\/www.europesays.com\/no\/wp-json\/wp\/v2\/categories?post=127435"},{"taxonomy":"post_tag","embeddable":true,"href":"https:\/\/www.europesays.com\/no\/wp-json\/wp\/v2\/tags?post=127435"}],"curies":[{"name":"wp","href":"https:\/\/api.w.org\/{rel}","templated":true}]}}