{"id":127442,"date":"2026-01-02T21:09:07","date_gmt":"2026-01-02T21:09:07","guid":{"rendered":"https:\/\/www.europesays.com\/no\/127442\/"},"modified":"2026-01-02T21:09:07","modified_gmt":"2026-01-02T21:09:07","slug":"mannen-pa-loftet-fvn-no","status":"publish","type":"post","link":"https:\/\/www.europesays.com\/no\/127442\/","title":{"rendered":"Mannen p\u00e5 loftet &#8211; fvn.no"},"content":{"rendered":"<p>Forrige Neste <img decoding=\"async\" src=\"data:image\/gif;base64,R0lGODlhEAAJAIAAAP\/\/\/wAAACH5BAEAAAAALAAAAAAQAAkAAAIKhI+py+0Po5yUFQA7\" alt=\"\"\/> <\/p>\n<p> Mariann er bekymret for mannen som bor i etasjen over henne, men opplever at ingen tar henne p\u00e5 alvor. <\/p>\n<p><img decoding=\"async\" src=\"data:image\/gif;base64,R0lGODlhEAAJAIAAAP\/\/\/wAAACH5BAEAAAAALAAAAAAQAAkAAAIKhI+py+0Po5yUFQA7\" alt=\"\"\/> <\/p>\n<p> \u2013 Jeg f\u00f8lte at jeg var den eneste som sto og ropte om at han ikke var frisk. <\/p>\n<p><img decoding=\"async\" src=\"data:image\/gif;base64,R0lGODlhEAAJAIAAAP\/\/\/wAAACH5BAEAAAAALAAAAAAQAAkAAAIKhI+py+0Po5yUFQA7\" alt=\"\"\/>  En velkledd mann flytter h\u00f8sten 2017 inn p\u00e5 loftet i den hvite villaen til Mariann Sletten.<\/p>\n<p>\u00abDet er ikke noe vondt i han\u00bb, har hun f\u00e5tt h\u00f8re om den nye leieboeren.<\/p>\n<p>Ute i den store hagen drikker de ofte kaffe sammen, og snakker om musikk, forteller Mariann.<\/p>\n<p>Hun f\u00f8ler seg heldig som har f\u00e5tt en s\u00e5 hyggelig leieboer.<\/p>\n<p><strong>Helt til han en tidlig morgen banker p\u00e5 d\u00f8ren.<\/strong><\/p>\n","protected":false},"excerpt":{"rendered":"Forrige Neste Mariann er bekymret for mannen som bor i etasjen over henne, men opplever at ingen tar&hellip;\n","protected":false},"author":2,"featured_media":127443,"comment_status":"","ping_status":"","sticky":false,"template":"","format":"standard","meta":{"footnotes":""},"categories":[5],"tags":[13919,5832,1253,20,21,377,24,25,15,19,22,23,17,18,13,30,28,29,14,16,11633,5458,26,27],"class_list":{"0":"post-127442","1":"post","2":"type-post","3":"status-publish","4":"format-standard","5":"has-post-thumbnail","7":"category-overskrifter","8":"tag-agder-lagmannsrett","9":"tag-agder-tingrett","10":"tag-arendal","11":"tag-breaking-news","12":"tag-breakingnews","13":"tag-drap","14":"tag-featured-news","15":"tag-featurednews","16":"tag-headlines","17":"tag-hovedoppslag","18":"tag-latest-news","19":"tag-latestnews","20":"tag-main-news","21":"tag-mainnews","22":"tag-news","23":"tag-no","24":"tag-norge","25":"tag-norway","26":"tag-nyheter","27":"tag-overskrifter","28":"tag-psykisk-helsevern","29":"tag-statsforvalteren","30":"tag-top-stories","31":"tag-topstories"},"share_on_mastodon":{"url":"https:\/\/pubeurope.com\/@no\/115827557145884398","error":""},"_links":{"self":[{"href":"https:\/\/www.europesays.com\/no\/wp-json\/wp\/v2\/posts\/127442","targetHints":{"allow":["GET"]}}],"collection":[{"href":"https:\/\/www.europesays.com\/no\/wp-json\/wp\/v2\/posts"}],"about":[{"href":"https:\/\/www.europesays.com\/no\/wp-json\/wp\/v2\/types\/post"}],"author":[{"embeddable":true,"href":"https:\/\/www.europesays.com\/no\/wp-json\/wp\/v2\/users\/2"}],"replies":[{"embeddable":true,"href":"https:\/\/www.europesays.com\/no\/wp-json\/wp\/v2\/comments?post=127442"}],"version-history":[{"count":0,"href":"https:\/\/www.europesays.com\/no\/wp-json\/wp\/v2\/posts\/127442\/revisions"}],"wp:featuredmedia":[{"embeddable":true,"href":"https:\/\/www.europesays.com\/no\/wp-json\/wp\/v2\/media\/127443"}],"wp:attachment":[{"href":"https:\/\/www.europesays.com\/no\/wp-json\/wp\/v2\/media?parent=127442"}],"wp:term":[{"taxonomy":"category","embeddable":true,"href":"https:\/\/www.europesays.com\/no\/wp-json\/wp\/v2\/categories?post=127442"},{"taxonomy":"post_tag","embeddable":true,"href":"https:\/\/www.europesays.com\/no\/wp-json\/wp\/v2\/tags?post=127442"}],"curies":[{"name":"wp","href":"https:\/\/api.w.org\/{rel}","templated":true}]}}