{"id":127446,"date":"2026-01-02T21:14:09","date_gmt":"2026-01-02T21:14:09","guid":{"rendered":"https:\/\/www.europesays.com\/no\/127446\/"},"modified":"2026-01-02T21:14:09","modified_gmt":"2026-01-02T21:14:09","slug":"gikk-pa-jobb-etter-drapet","status":"publish","type":"post","link":"https:\/\/www.europesays.com\/no\/127446\/","title":{"rendered":"Gikk p\u00e5 jobb etter drapet"},"content":{"rendered":"\n<ul class=\"_list_o9xde_3 _list_64s2r_85 _unordered_o9xde_106 text-sans-m\">\n<li class=\"_item_o9xde_30\">Svensk 26-\u00e5ring er siktet for drap p\u00e5 ung kvinne i R\u00f6nninge.<\/li>\n<li class=\"_item_o9xde_30\">Siktede, Vilma Andersson, er tidligere straffet for kidnapping og besittelse av overgrepsbilder av barn.<\/li>\n<li class=\"_item_o9xde_30\">Andersson nekter for drapet, men innr\u00f8mmer likskjending.<\/li>\n<li class=\"_item_o9xde_30\">Innsamling til den drepte kvinnens familie har samlet over 2,5 millioner kroner.<\/li>\n<\/ul>\n<p>Vis mer <\/p>\n<p class=\"_paragraph_o9xde_4 _paragraph_xtcu6_10 layout-component text-serif-m layout-normal text-serif-m layout-padded\">Drapet har vakt stor sorg og sinne i <a href=\"https:\/\/www.vg.no\/tag\/sverige?utm_source=vg-article&amp;utm_medium=auto-tagger&amp;utm_campaign=8pmoj1\" class=\"_link_o9xde_39\" rel=\"nofollow noopener\" target=\"_blank\">Sverige<\/a>, og en <a href=\"https:\/\/www.vg.no\/nyheter\/i\/GxGqBx\/drapet-i-ronninge-har-samlet-inn-over-en-million-til-de-etterlatte\" data-track-element-type=\"Link\" data-track-id=\"link:GxGqBx\" class=\"_link_o9xde_39\" rel=\"nofollow noopener\" target=\"_blank\">innsamling til den drepte kvinnens familie<\/a> har s\u00e5 langt f\u00e5tt inn over 2,5 millioner kroner. <\/p>\n<p class=\"_paragraph_o9xde_4 _paragraph_xtcu6_10 layout-component text-serif-m layout-normal text-serif-m layout-padded\"><strong class=\"_strong_o9xde_25\">De siste dagene har det kommet nye opplysninger om den siktede 26-\u00e5ringen Vilma Andersson. <\/strong><\/p>\n<p class=\"_paragraph_o9xde_4 _paragraph_xtcu6_10 layout-component text-serif-m layout-normal text-serif-m layout-padded\">Andersson het opprinnelig Robin, og har byttet navn flere ganger de siste \u00e5rene, skriver svenske aviser.<\/p>\n<p class=\"_paragraph_o9xde_4 _paragraph_xtcu6_10 layout-component text-serif-m layout-normal text-serif-m layout-padded\">Selv om han for tiden bruker et kvinnenavn, har han ikke byttet juridisk kj\u00f8nn og st\u00e5r oppf\u00f8rt som mann i det svenske folkeregisteret. Derfor omtaler vi Vilma med pronomenet \u00abhan.\u00bb<\/p>\n<p class=\"_paragraph_o9xde_4 _paragraph_xtcu6_10 layout-component text-serif-m layout-normal text-serif-m layout-padded\">Det var natt til andre juledag at en 25 \u00e5r gammel kvinne <a href=\"https:\/\/www.vg.no\/nyheter\/i\/OkpmvO\/forsvinningssak-ryster-sverige-kvinne-25-funnet-doed\" data-track-element-type=\"Link\" data-track-id=\"link:OkpmvO\" class=\"_link_o9xde_39\" rel=\"nofollow noopener\" target=\"_blank\">forsvant fra togstasjonen i R\u00f6nninge<\/a>. <\/p>\n<p><img alt=\"Forsvant fra togstasjonen i R\u00f6nninge.   Foto: Nils Petter Nilsson\/TT \/ TT Nyhetsbyr\u00e5n \/ NTB\" class=\"_image_qp4xg_65 layout-component layout-normal\" data-fullscreen- data-track-element-type=\"Article image fullscreen\" data-track-name=\"ImageFullscreen\" decoding=\"async\" loading=\"lazy\" height=\"5464\" itemprop=\"image\"  src=\"https:\/\/www.europesays.com\/no\/wp-content\/uploads\/2026\/01\/36f0f3b6-095a-47f3-b132-edbe3a27da62.png\"  style=\"object-position:0% 0%\" width=\"8192\"\/>Forsvant fra togstasjonen i R\u00f6nninge.   Foto: Nils Petter Nilsson\/TT \/ TT Nyhetsbyr\u00e5n \/ NTB<\/p>\n<p class=\"_paragraph_o9xde_4 _paragraph_xtcu6_10 layout-component text-serif-m layout-normal text-serif-m layout-padded\">Det ble satt i gang en omfattende leteaksjon, og i s\u00f8ket ble det blant annet funnet strips som var bundet sammen som h\u00e5ndjern og en hammer. <\/p>\n<p class=\"_paragraph_o9xde_4 _paragraph_xtcu6_10 layout-component text-serif-m layout-normal text-serif-m layout-padded\">P\u00e5 dette materialet fant politiet DNA-spor som knyttet Andersson til saken.<\/p>\n<p>Tilst\u00e5r likskjending <\/p>\n<p class=\"_paragraph_o9xde_4 _paragraph_xtcu6_10 layout-component text-serif-m layout-normal text-serif-m layout-padded\">Etter ti timers spaning ble Andersson tatt p\u00e5 fersk gjerning mens han var i ferd med \u00e5 grave ned den unge kvinnens kroppsdeler i et skogholt seks mil fra togstasjonen.<\/p>\n<p class=\"_paragraph_o9xde_4 _paragraph_xtcu6_10 layout-component text-serif-m layout-normal text-serif-m layout-padded\">Han ble siktet for drap og det svenskene kaller \u00abgrov gravfridsbrott\u00bb det vil si likskjending, eller respektl\u00f8s omgang med lik.<\/p>\n<p><img alt=\"P\u00e5 torget i R\u00f6nninge har mange lagt ned blomster og tent lys.   Foto: Anders Wiklund\/TT \/ TT Nyhetsbyr\u00e5n \/ NTB\" class=\"_image_qp4xg_65 layout-component layout-normal\" data-fullscreen- data-track-element-type=\"Article image fullscreen\" data-track-name=\"ImageFullscreen\" decoding=\"async\" loading=\"lazy\" height=\"5504\" itemprop=\"image\"  src=\"https:\/\/www.europesays.com\/no\/wp-content\/uploads\/2026\/01\/6595899c-e1c7-478c-962f-a1c02e3c978c.png\"  style=\"object-position:0% 0%\" width=\"8256\"\/>P\u00e5 torget i R\u00f6nninge har mange lagt ned blomster og tent lys.   Foto: Anders Wiklund\/TT \/ TT Nyhetsbyr\u00e5n \/ NTB<\/p>\n<p class=\"_paragraph_o9xde_4 _paragraph_xtcu6_10 layout-component text-serif-m layout-normal text-serif-m layout-padded\"><strong class=\"_strong_o9xde_25\">Andersson har erkjent at det var den forsvunne kvinnens kroppsdeler han gravde ned, men nekter for \u00e5 ha drept henne.<\/strong><\/p>\n<p class=\"_paragraph_o9xde_4 _paragraph_xtcu6_10 layout-component text-serif-m layout-normal text-serif-m layout-padded\">If\u00f8lge p\u00e5talemyndigheten tyder alt p\u00e5 at Andersson valgte sitt offer tilfeldig og at han og kvinnen ikke kjente hverandre.<\/p>\n<p>D\u00f8mt for kidnappingsfors\u00f8k <\/p>\n<p class=\"_paragraph_o9xde_4 _paragraph_xtcu6_10 layout-component text-serif-m layout-normal text-serif-m layout-padded\">Svensk politi har god kjennskap til Andersson fra tiden f\u00f8r han endret navn til Vilma og het Robin.<\/p>\n<p class=\"_paragraph_o9xde_4 _paragraph_xtcu6_10 layout-component text-serif-m layout-normal text-serif-m layout-padded\">I 2019 ble Andersson d\u00f8mt til fengsel i to \u00e5r og fire m\u00e5neder for kidnappingsfors\u00f8k og besittelse av grove overgepsbilder av barn. <\/p>\n<p class=\"_paragraph_o9xde_4 _paragraph_xtcu6_10 layout-component text-serif-m layout-normal text-serif-m layout-padded\">Da <a href=\"https:\/\/www.vg.no\/nyheter\/i\/L4Aq7J\/drapsmistenkt-mann-i-salem-i-sverige-tidligere-doemt-for-kidnappingsforsoek-45-aaring-loeslatt\" data-track-element-type=\"Link\" data-track-id=\"link:L4Aq7J\" class=\"_link_o9xde_39\" rel=\"nofollow noopener\" target=\"_blank\">hadde han fors\u00f8kt \u00e5 kidnappe en 10 \u00e5r gammel jente<\/a> p\u00e5 Eker\u00f6 utenfor Stockholm.<\/p>\n<p class=\"_paragraph_o9xde_4 _paragraph_xtcu6_10 layout-component text-serif-m layout-normal text-serif-m layout-padded\">Han kom kj\u00f8rende med en sort maske over ansiktet, stanset ved to sm\u00e5 s\u00f8stre, og fikk dratt den ene inn i bilen. <\/p>\n<p class=\"_paragraph_o9xde_4 _paragraph_xtcu6_10 layout-component text-serif-m layout-normal text-serif-m layout-padded\">10-\u00e5ringen klarte \u00e5 \u00e5pne en bakd\u00f8r og smette unna.<\/p>\n<p class=\"_paragraph_o9xde_4 _paragraph_xtcu6_10 layout-component text-serif-m layout-normal text-serif-m layout-padded\">I forbindelse med denne saken ble det avsl\u00f8rt at PC-en hans inneholdt titusenvis av filmer og bilder av grove overgrep av barn og en mengde bilder av d\u00f8de og nakne kvinnekropper. <\/p>\n<p class=\"_paragraph_o9xde_4 _paragraph_xtcu6_10 layout-component text-serif-m layout-normal text-serif-m layout-padded\">I den rettspsykiatriske unders\u00f8kelsen i 2019 het det at \u00abden bakenforliggende drivkraften til gjerningen synes \u00e5 v\u00e6re hans seksuelle interesse for barn og d\u00f8d\u00bb skriver <a href=\"https:\/\/www.expressen.se\/kronikorer\/fredrik-sjoshult\/sexuellt-intresse-for-barn-och-dod\/\" class=\"_link_o9xde_39\" rel=\"nofollow noopener\" target=\"_blank\">Expressen<\/a>. <\/p>\n<p class=\"_paragraph_o9xde_4 _paragraph_xtcu6_10 layout-component text-serif-m layout-normal text-serif-m layout-padded\">Under soningen var Robin innblandet i flere konflikter med ansatte og innsatte i fengselet, if\u00f8lge <a href=\"https:\/\/omni.se\/stokig-fangelsetid-for-den-mordmisstankte-varnades-for-hot-mot-tjansteman\/a\/Pd9m97?utm_source=chatgpt.com\" class=\"_link_o9xde_39\" rel=\"nofollow noopener\" target=\"_blank\">Omni. <\/a>Den svenske kriminalomsorgen dokumenterte flere tilfeller av sl\u00e5sskamper og trusler. <\/p>\n<p class=\"_paragraph_o9xde_4 _paragraph_xtcu6_10 layout-component text-serif-m layout-normal text-serif-m layout-padded\">Det toppet seg da Andersson fikk avslag p\u00e5 en s\u00f8knad om \u00e5 sone under lavere sikkerhetsregime, og han truet han med \u00e5 skyte ansatte.<\/p>\n<p class=\"_paragraph_o9xde_4 _paragraph_xtcu6_10 layout-component text-serif-m layout-normal text-serif-m layout-padded\">Det endte med at han ble tvunget til \u00e5 bytte fengsel.<\/p>\n<p>Dr\u00f8mmen<\/p>\n<p class=\"_paragraph_o9xde_4 _paragraph_xtcu6_10 layout-component text-serif-m layout-normal text-serif-m layout-padded\">I avh\u00f8r i 2019 fortalte den da 19 \u00e5r gamle Robin om seg selv:<\/p>\n<p class=\"_paragraph_o9xde_4 _paragraph_xtcu6_10 layout-component text-serif-m layout-normal text-serif-m layout-padded\">Han likte \u00e5 fiske og \u00e5 henge med kompiser. <\/p>\n<p class=\"_paragraph_o9xde_4 _paragraph_xtcu6_10 layout-component text-serif-m layout-normal text-serif-m layout-padded\">Det siste \u00e5ret hadde han jobbet p\u00e5 en bensinstasjon.<\/p>\n<p class=\"_paragraph_o9xde_4 _paragraph_xtcu6_10 layout-component text-serif-m layout-normal text-serif-m layout-padded\">Fremtidsplanen var \u00e5 ta flysertifikat eller s\u00f8ke p\u00e5 politih\u00f8yskolen, skriver <a href=\"https:\/\/www.aftonbladet.se\/nyheter\/a\/y53y3E\/vilma-andersson-sa-sag-hans-liv-ut-innan-kidnappningsmordet-i-ronninge?utm_source=chatgpt.com\" class=\"_link_o9xde_39\" rel=\"nofollow noopener\" target=\"_blank\">Aftonbladet.<\/a><\/p>\n<p><img alt=\"Foto: Anders Wiklund\/TT \/ TT Nyhetsbyr\u00e5n \/ NTB\" class=\"_image_qp4xg_65 layout-component layout-normal\" data-fullscreen- data-track-element-type=\"Article image fullscreen\" data-track-name=\"ImageFullscreen\" decoding=\"async\" loading=\"lazy\" height=\"5504\" itemprop=\"image\"  src=\"https:\/\/www.europesays.com\/no\/wp-content\/uploads\/2026\/01\/1942b674-cdda-4df3-9ba1-e474b6b26b54.png\"  style=\"object-position:0% 0%\" width=\"8256\"\/>Foto: Anders Wiklund\/TT \/ TT Nyhetsbyr\u00e5n \/ NTB<\/p>\n<p class=\"_paragraph_o9xde_4 _paragraph_xtcu6_10 layout-component text-serif-m layout-normal text-serif-m layout-padded\">Etter soningen av dommen for kidnappingsfors\u00f8ket, tok han utdannelse som lastebilsj\u00e5f\u00f8r.<\/p>\n<p class=\"_paragraph_o9xde_4 _paragraph_xtcu6_10 layout-component text-serif-m layout-normal text-serif-m layout-padded\">P\u00e5 Linkedin har han oppf\u00f8rt jobber for flere transportselskaper.<\/p>\n<p class=\"_paragraph_o9xde_4 _paragraph_xtcu6_10 layout-component text-serif-m layout-normal text-serif-m layout-padded\">Den siste jobben var for en mat-grossist, der han kj\u00f8rte ut ferske r\u00e5varer til kafeer og restauranter i Stockholm.<\/p>\n<p class=\"_paragraph_o9xde_4 _paragraph_xtcu6_10 layout-component text-serif-m layout-normal text-serif-m layout-padded\">Andersson har blant annet levert varer til puben Kloster p\u00e5 S\u00f6dermalm i over ett \u00e5r.<\/p>\n<p class=\"_paragraph_o9xde_4 _paragraph_xtcu6_10 layout-component text-serif-m layout-normal text-serif-m layout-padded\"><strong class=\"_strong_o9xde_25\">\u2013 Jeg kan ikke tro det. Det er et stort sjokk, sier Ahmet \u00d6zdemir, som driver puben, til Aftonbladet.<\/strong><\/p>\n<p class=\"_paragraph_o9xde_4 _paragraph_xtcu6_10 layout-component text-serif-m layout-normal text-serif-m layout-padded\">Han har m\u00f8tt siktede mange ganger, og omtaler 26-\u00e5ringen konsekvent som \u00abhun\u00bb.<\/p>\n<p class=\"_paragraph_o9xde_4 _paragraph_xtcu6_10 layout-component text-serif-m layout-normal text-serif-m layout-padded\">\u2013 Hun var alltid trivelig mot oss. Og jobbet veldig hardt, jeg skr\u00f8t av henne flere ganger. Vi visste at noe ikke stemte, men ikke p\u00e5 denne m\u00e5ten.<\/p>\n<p class=\"_paragraph_o9xde_4 _paragraph_xtcu6_10 layout-component text-serif-m layout-normal text-serif-m layout-padded\">Dagen etter at den 25 \u00e5r gamle kvinnen <a href=\"https:\/\/www.vg.no\/nyheter\/i\/OkpmvO\/forsvinningssak-ryster-sverige-kvinne-25-funnet-doed\" data-track-element-type=\"Link\" data-track-id=\"link:OkpmvO\" class=\"_link_o9xde_39\" rel=\"nofollow noopener\" target=\"_blank\">ble bortf\u00f8rt fra pendlertogstasjonen i R\u00f6nninge utenfor Stockholm,<\/a> gikk han p\u00e5 jobb som vanlig. <\/p>\n<p><img alt=\"Politiet satte i gang en omfattende leteaksjon etter 25-\u00e5ringen f\u00f8r hun ble funnet drept.   Foto: Nils Petter Nilsson\/TT \/ TT Nyhetsbyr\u00e5n \/ NTB\" class=\"_image_qp4xg_65 layout-component layout-normal\" data-fullscreen- data-track-element-type=\"Article image fullscreen\" data-track-name=\"ImageFullscreen\" decoding=\"async\" loading=\"lazy\" height=\"5464\" itemprop=\"image\"  src=\"https:\/\/www.europesays.com\/no\/wp-content\/uploads\/2026\/01\/0e4aaa54-8644-4dac-b580-e79bf5fa7aa3.png\"  style=\"object-position:0% 0%\" width=\"8192\"\/>Politiet satte i gang en omfattende leteaksjon etter 25-\u00e5ringen f\u00f8r hun ble funnet drept.   Foto: Nils Petter Nilsson\/TT \/ TT Nyhetsbyr\u00e5n \/ NTB<\/p>\n<p class=\"_paragraph_o9xde_4 _paragraph_xtcu6_10 layout-component text-serif-m layout-normal text-serif-m layout-padded\">P\u00e5 det tidspunktet svensk politi knyttet ham til DNA-spor fra omr\u00e5det hvor den unge kvinnen forsvant, hadde 26-\u00e5ringen akkurat levert frukt og gr\u00f8nnsaker til en kaf\u00e9 i Stockholm, skriver <a href=\"https:\/\/www.aftonbladet.se\/nyheter\/a\/Okp1aw\/sag-vilma-andersson-leverera-mat-till-kafe-efter-mordet\" class=\"_link_o9xde_39\" rel=\"nofollow noopener\" target=\"_blank\">Aftonbladet.<\/a><\/p>\n<p class=\"_paragraph_o9xde_4 _paragraph_xtcu6_10 layout-component text-serif-m layout-normal text-serif-m layout-padded\"><a href=\"https:\/\/www.expressen.se\/nyheter\/sverige\/orden-om-vilma-andersson-valdigt-speciell\/\" class=\"_link_o9xde_39\" rel=\"nofollow noopener\" target=\"_blank\">Expressen<\/a> har snakket med flere av Anderssons tidligere arbeidskollegaer. og klassekamerater. <\/p>\n<p class=\"_paragraph_o9xde_4 _paragraph_xtcu6_10 layout-component text-serif-m layout-normal text-serif-m layout-padded\">Han beskrives som \u00aben veldig spesiell person\u00bb av folk som har kjent ham.<\/p>\n<p class=\"_paragraph_o9xde_4 _paragraph_xtcu6_10 layout-component text-serif-m layout-normal text-serif-m layout-padded\">\u2013 Det var veldlig vanskelig \u00e5 si til ham hva han skulle gj\u00f8re, og det var ikke s\u00e5 lett \u00e5 snakke med ham n\u00e5r man fors\u00f8kte. Han h\u00f8rte liksom ikke etter, sier en tidligere kollega til Expressen.<\/p>\n<p>Drapsofferet Wilma<\/p>\n<p class=\"_paragraph_o9xde_4 _paragraph_xtcu6_10 layout-component text-serif-m layout-normal text-serif-m layout-padded\">Navnet \u00abVilma Andersson\u00bb som Robin bruker i dag, er et kjent navn for svensk politi. <\/p>\n<p class=\"_paragraph_o9xde_4 _paragraph_xtcu6_10 layout-component text-serif-m layout-normal text-serif-m layout-padded\">Ikke som kriminell, men som drapsoffer.<\/p>\n<p class=\"_paragraph_o9xde_4 _paragraph_xtcu6_10 layout-component text-serif-m layout-normal text-serif-m layout-padded\">I 2019 forsvant 17 \u00e5r gamle Wilma Andersson fra Uddevalla. To uker senere ble hun funnet drept, og <a href=\"https:\/\/www.vg.no\/nyheter\/i\/opjV67\/ekskjaeresten-doemt-til-livstid-for-drapet-paa-wilma\" data-track-element-type=\"Link\" data-track-id=\"link:opjV67\" class=\"_link_o9xde_39\" rel=\"nofollow noopener\" target=\"_blank\">ekskj\u00e6resten ble d\u00f8mt til livstid for drap og likskjending.<\/a><\/p>\n<p class=\"_paragraph_o9xde_4 _paragraph_xtcu6_10 layout-component text-serif-m layout-normal text-serif-m layout-padded\">N\u00e5 er mannen som kaller seg Vilma Andersson i dag, siktet for n\u00f8yaktig det samme som ekskj\u00e6resten til Wilma Andersson ble d\u00f8mt for i 2020: Mord og grovt gravfrisbrott.<\/p>\n","protected":false},"excerpt":{"rendered":"Svensk 26-\u00e5ring er siktet for drap p\u00e5 ung kvinne i R\u00f6nninge. Siktede, Vilma Andersson, er tidligere straffet for&hellip;\n","protected":false},"author":2,"featured_media":127447,"comment_status":"","ping_status":"","sticky":false,"template":"","format":"standard","meta":{"footnotes":""},"categories":[12],"tags":[20,21,24,25,15,22,23,13,30,28,29,14,16,1359,26,27,42,46,43,44,45],"class_list":{"0":"post-127446","1":"post","2":"type-post","3":"status-publish","4":"format-standard","5":"has-post-thumbnail","7":"category-verden","8":"tag-breaking-news","9":"tag-breakingnews","10":"tag-featured-news","11":"tag-featurednews","12":"tag-headlines","13":"tag-latest-news","14":"tag-latestnews","15":"tag-news","16":"tag-no","17":"tag-norge","18":"tag-norway","19":"tag-nyheter","20":"tag-overskrifter","21":"tag-sverige","22":"tag-top-stories","23":"tag-topstories","24":"tag-verden","25":"tag-vgai","26":"tag-world","27":"tag-world-news","28":"tag-worldnews"},"share_on_mastodon":{"url":"https:\/\/pubeurope.com\/@no\/115827577188800826","error":""},"_links":{"self":[{"href":"https:\/\/www.europesays.com\/no\/wp-json\/wp\/v2\/posts\/127446","targetHints":{"allow":["GET"]}}],"collection":[{"href":"https:\/\/www.europesays.com\/no\/wp-json\/wp\/v2\/posts"}],"about":[{"href":"https:\/\/www.europesays.com\/no\/wp-json\/wp\/v2\/types\/post"}],"author":[{"embeddable":true,"href":"https:\/\/www.europesays.com\/no\/wp-json\/wp\/v2\/users\/2"}],"replies":[{"embeddable":true,"href":"https:\/\/www.europesays.com\/no\/wp-json\/wp\/v2\/comments?post=127446"}],"version-history":[{"count":0,"href":"https:\/\/www.europesays.com\/no\/wp-json\/wp\/v2\/posts\/127446\/revisions"}],"wp:featuredmedia":[{"embeddable":true,"href":"https:\/\/www.europesays.com\/no\/wp-json\/wp\/v2\/media\/127447"}],"wp:attachment":[{"href":"https:\/\/www.europesays.com\/no\/wp-json\/wp\/v2\/media?parent=127446"}],"wp:term":[{"taxonomy":"category","embeddable":true,"href":"https:\/\/www.europesays.com\/no\/wp-json\/wp\/v2\/categories?post=127446"},{"taxonomy":"post_tag","embeddable":true,"href":"https:\/\/www.europesays.com\/no\/wp-json\/wp\/v2\/tags?post=127446"}],"curies":[{"name":"wp","href":"https:\/\/api.w.org\/{rel}","templated":true}]}}