{"id":127451,"date":"2026-01-02T21:24:45","date_gmt":"2026-01-02T21:24:45","guid":{"rendered":"https:\/\/www.europesays.com\/no\/127451\/"},"modified":"2026-01-02T21:24:45","modified_gmt":"2026-01-02T21:24:45","slug":"naeringsliv-ny-jobb-har-fatt-ny-jobb-i-kina-litt-storre-enn-averoy-og-oksenvagen","status":"publish","type":"post","link":"https:\/\/www.europesays.com\/no\/127451\/","title":{"rendered":"N\u00e6ringsliv, Ny jobb | Har f\u00e5tt ny jobb i Kina: \u2013 Litt st\u00f8rre enn Aver\u00f8y og \u00d8ksenv\u00e5gen"},"content":{"rendered":"\n<p>\u2013 Litt st\u00f8rre enn Aver\u00f8y og \u00d8ksenv\u00e5gen, men et like viktig knutepunkt for maritim bransje, sier han om sitt nye bosted.<\/p>\n<p>Aver\u00f8yingen skiftet nylig arbeidsplass fra Brunvolls lokaler i Molde til Shanghai i Kina. Der blir han selskapets f\u00f8rste medarbeider med fast arbeidssted utenfor Norges grenser.<\/p>\n<p>\u2013 Da jeg fikk muligheten til \u00e5 reise fra Norge og Aver\u00f8y til Shanghai for v\u00e6re Brunvolls f\u00f8rste fulltidsmedarbeider utenlands, var det bare \u00e5 pakke bagen, sier Nils Arne \u00d8ksenv\u00e5g om flyttingen til <a href=\"https:\/\/www.kystens.no\/nyheter\/flytter-fra-averoy-til-kina-for-a-hanke-inn-kontrakter-i-hundremillioner-klassen\/2-1-1874093\" rel=\"Follow nofollow noopener\" target=\"_blank\">Kystens N\u00e6ringsliv<\/a>.<\/p>\n<p>Der har han n\u00e5 f\u00e5tt rollen som Brunvolls salgssjef for hele Asia. I f\u00f8rste omgang har han skrevet under en ett\u00e5rskontakt, men planen er at han skal v\u00e6re der i tre-fire \u00e5r.<\/p>\n<p>Mens han har flyttet \u00f8stover, han familien blitt hjemme p\u00e5 Aver\u00f8y.<\/p>\n<p>\u2013 Vi m\u00e5 starte en plass, dette er nytt for meg og dette er nytt for Brunvoll. Vi m\u00e5 komme i gang, s\u00e5 tar vi det derifra, s\u00e5 f\u00e5r vi se om familien kommer etter hvert, sier han til <a href=\"https:\/\/www.kystens.no\/nyheter\/flytter-fra-averoy-til-kina-for-a-hanke-inn-kontrakter-i-hundremillioner-klassen\/2-1-1874093\" rel=\"Follow nofollow noopener\" target=\"_blank\">Kystens N\u00e6ringsliv<\/a>.<\/p>\n<p>Skal reise Asia rundt<\/p>\n<p>Tidligere har Brunvoll hatt et agentkontor i Shanghai som har jobbet med salg og service for bedriften. Siden 1994 har det v\u00e6rt Tecway International Marine, som er ledet av Andrew Liu.<\/p>\n<p>\u00d8ksenv\u00e5g presiserer at han nye rolle ikke er \u00e5 erstatte agentene, men \u00e5 v\u00e6re til stede og st\u00f8tte sine kollegaer p\u00e5 alle mulige m\u00e5ter.<\/p>\n<p>\u2013 Jeg kommer fortsatt til \u00e5 holde jevnlig kontakt med hovedkontoret i Molde. De blir ikke helt kvitt meg, selv om jeg er p\u00e5 andre siden av kloden, sier han.<\/p>\n<p>Selv om basen er i Shanghai, er det som sagt Asia som blir hans nye arbeidsomr\u00e5de. Han f\u00e5r n\u00e5 ansvar for salg i b\u00e5de Kina, Singapore, Vietnam og Korea.<\/p>\n<p>\u2013 Det blir en god del reiser. Men ikke minst blir det en spennende reise inn i en helt ny kultur. B\u00e5de privat, men ogs\u00e5 i hvordan man skal selge produktene, sier han.<\/p>\n<p>Vil ta ekstra markedsandeler<\/p>\n<p>En annen oppgave i den nye rollen blir \u00e5 st\u00f8tte Tecway International Marine tettere i salgsarbeidet, bygge relasjoner til kinesiske verft og europeiske rederier i Kina, samt f\u00f8lge opp p\u00e5g\u00e5ende prosjekter.<\/p>\n<p>\u2013 S\u00e5 blir det ogs\u00e5 min jobb \u00e5 s\u00f8rge for at vi tar noen ekstra markedsandeler mens jeg er her nede ogs\u00e5, sier han til <a href=\"https:\/\/www.kystens.no\/nyheter\/flytter-fra-averoy-til-kina-for-a-hanke-inn-kontrakter-i-hundremillioner-klassen\/2-1-1874093\" rel=\"Follow nofollow noopener\" target=\"_blank\">Kystens N\u00e6ringsliv<\/a>.<\/p>\n<p>Og kanskje kan han bidra til at en allerede solid omsetning blir enda st\u00f8rre for Brunvoll AS. Regnskapstallene fra 2024 viser at Molde-selskapet omsatte for over 1,3 mrd. kroner mens driftsresultatet endte p\u00e5 nesten 130 millioner kroner.<\/p>\n<p>  <a href=\"https:\/\/www.tk.no\/5-51-1780456\" class=\"related-teaser has-image default-story-teaser article--c-eRUmMG article--c-eRUmMG-jKCPdD-design-default\" rel=\"nofollow noopener\" target=\"_blank\"><\/p>\n<p>    <img decoding=\"async\" loading=\"lazy\"  src=\"https:\/\/www.europesays.com\/no\/wp-content\/uploads\/2026\/01\/DSC_2181.jpg\" alt=\"\" class=\"brick-c-cFOWSL\" style=\"\"\/><\/p>\n<p>\n            Les ogs\u00e5<\/p>\n<p>              60 \u00e5rs drift i Kristiansund: \u2013 Det har v\u00e6rt litt av en reise\n        <\/p>\n<p>  <\/a><\/p>\n<p>  <a href=\"https:\/\/www.tk.no\/5-51-1791393\" class=\"related-teaser has-image default-story-teaser article--c-eRUmMG article--c-eRUmMG-jKCPdD-design-default\" rel=\"nofollow noopener\" target=\"_blank\"><\/p>\n<p>    <img decoding=\"async\" loading=\"lazy\"  src=\"https:\/\/www.europesays.com\/no\/wp-content\/uploads\/2026\/01\/Olav+og+Amin+3.jpg\" alt=\"\" class=\"brick-c-cFOWSL\" style=\"\"\/><\/p>\n<p>\n            Les ogs\u00e5<\/p>\n<p>              Var lagkamerater i KBK \u2013 n\u00e5 er de partnere i nytt selskap\n        <\/p>\n<p>  <\/a><\/p>\n<p>  <a href=\"https:\/\/www.tk.no\/5-51-1789465\" class=\"related-teaser has-image default-story-teaser article--c-eRUmMG article--c-eRUmMG-jKCPdD-design-default\" rel=\"nofollow noopener\" target=\"_blank\"><\/p>\n<p>    <img decoding=\"async\" loading=\"lazy\"  src=\"https:\/\/www.europesays.com\/no\/wp-content\/uploads\/2026\/01\/DSC00607.JPG\" alt=\"\" class=\"brick-c-cFOWSL\" style=\"\"\/><\/p>\n<p>\n            Les ogs\u00e5<\/p>\n<p>              Arnfinn er ny banksjef (63): \u2013 Nesten som \u00e5 v\u00e6re fotballtrener\n        <\/p>\n<p>  <\/a><\/p>\n","protected":false},"excerpt":{"rendered":"\u2013 Litt st\u00f8rre enn Aver\u00f8y og \u00d8ksenv\u00e5gen, men et like viktig knutepunkt for maritim bransje, sier han om&hellip;\n","protected":false},"author":2,"featured_media":127452,"comment_status":"","ping_status":"","sticky":false,"template":"","format":"standard","meta":{"footnotes":""},"categories":[56],"tags":[36,297,60,61,413,14922,62,30,28,29,2665,1510],"class_list":{"0":"post-127451","1":"post","2":"type-post","3":"status-publish","4":"format-standard","5":"has-post-thumbnail","7":"category-naeringsliv","8":"tag-art","9":"tag-averoy","10":"tag-business","11":"tag-economy","12":"tag-kina","13":"tag-maritim-industri","14":"tag-naeringsliv","15":"tag-no","16":"tag-norge","17":"tag-norway","18":"tag-ny-jobb","19":"tag-story"},"share_on_mastodon":{"url":"https:\/\/pubeurope.com\/@no\/115827616275539882","error":""},"_links":{"self":[{"href":"https:\/\/www.europesays.com\/no\/wp-json\/wp\/v2\/posts\/127451","targetHints":{"allow":["GET"]}}],"collection":[{"href":"https:\/\/www.europesays.com\/no\/wp-json\/wp\/v2\/posts"}],"about":[{"href":"https:\/\/www.europesays.com\/no\/wp-json\/wp\/v2\/types\/post"}],"author":[{"embeddable":true,"href":"https:\/\/www.europesays.com\/no\/wp-json\/wp\/v2\/users\/2"}],"replies":[{"embeddable":true,"href":"https:\/\/www.europesays.com\/no\/wp-json\/wp\/v2\/comments?post=127451"}],"version-history":[{"count":0,"href":"https:\/\/www.europesays.com\/no\/wp-json\/wp\/v2\/posts\/127451\/revisions"}],"wp:featuredmedia":[{"embeddable":true,"href":"https:\/\/www.europesays.com\/no\/wp-json\/wp\/v2\/media\/127452"}],"wp:attachment":[{"href":"https:\/\/www.europesays.com\/no\/wp-json\/wp\/v2\/media?parent=127451"}],"wp:term":[{"taxonomy":"category","embeddable":true,"href":"https:\/\/www.europesays.com\/no\/wp-json\/wp\/v2\/categories?post=127451"},{"taxonomy":"post_tag","embeddable":true,"href":"https:\/\/www.europesays.com\/no\/wp-json\/wp\/v2\/tags?post=127451"}],"curies":[{"name":"wp","href":"https:\/\/api.w.org\/{rel}","templated":true}]}}