{"id":127455,"date":"2026-01-02T21:26:10","date_gmt":"2026-01-02T21:26:10","guid":{"rendered":"https:\/\/www.europesays.com\/no\/127455\/"},"modified":"2026-01-02T21:26:10","modified_gmt":"2026-01-02T21:26:10","slug":"sprengkulde-pa-vei-her-meldes-det-25-minusgrader-fvn-no","status":"publish","type":"post","link":"https:\/\/www.europesays.com\/no\/127455\/","title":{"rendered":"(+) Sprengkulde p\u00e5 vei \u2013 her meldes det 25 minusgrader &#8211; fvn.no"},"content":{"rendered":"<ol>\n<li><a href=\"https:\/\/news.google.com\/rss\/articles\/CBMilwFBVV95cUxPN09BTlN6aDQxNnN2blk0UmhOOTJ1VmlydXp0allqRTFtYlhFQ2dpT2dSenZZaUM0T01KMW5qeV9NcUhOSWdraGNKZlk1VjF6UXdHS2NUeDJNUXBMQ3Jpc0xhdzhYVnIwSnUtWEpPaElPWDBuelZfV1prQTRubmFwQUZtaHZpT0wzVElNdzU2M1I2cHNFaWVF?oc=5\" target=\"_blank\" rel=\"nofollow noopener\">(+) Sprengkulde p\u00e5 vei \u2013 her meldes det 25 minusgrader<\/a>&nbsp;&nbsp;fvn.no<\/li>\n<li><a href=\"https:\/\/news.google.com\/rss\/articles\/CBMiYkFVX3lxTE1PazNfSU15SDl0UXlNSmI3SU1NTzNjZ3NIR3pTbU0zRHFoWVFFUjFqT1kwSHhSWWgtRW9GbmliM251alNQZDdKNFhDYVpNY2RUNlFTRFhMNXUwNExCMFdUTWVR?oc=5\" target=\"_blank\" rel=\"nofollow noopener\">N\u00e5 kommer kulden!<\/a>&nbsp;&nbsp;VG<\/li>\n<li><a href=\"https:\/\/news.google.com\/rss\/articles\/CBMidkFVX3lxTE5hRk5KdGJzVUtEYmpUMzRETjZGbWRDU3R0eVRUcjctYWF6YnR3UG5wbFoxaUh3cHNsTjVjR09vYUdqNmZXN1FBU2dUYWtnXzlXY3hEOGRFX3RzNGxaMTdhcjc5RUJhRUN4Y3IzZVZCcldselhrd1E?oc=5\" target=\"_blank\" rel=\"nofollow noopener\">&#8211; Kaldere enn i fryseboksen<\/a>&nbsp;&nbsp;Dagbladet<\/li>\n<li><a href=\"https:\/\/news.google.com\/rss\/articles\/CBMingFBVV95cUxQdzlqSGdrU1J2cm04NGFreTVPdlZjVkZHRmFYV3NVTUwxckM4TDJiX0hMYm9fbDctOFdjNEtjY1Vidl9oTjRrMzEwTFFiRHo5dUlCOU93dWRtUmZUbU1RQmdsRzNJRnZWRE5lS0hEeFlnYl8zNTA4Qi10SkZaZUJzZU9EdFdoWXE0cE93anBzWVRhX3NmcDN2X1FlRkhSQQ?oc=5\" target=\"_blank\" rel=\"nofollow noopener\">N\u00e5 kommer sprengkulden: Her meldes det 25 minusgrader<\/a>&nbsp;&nbsp;agderposten.no<\/li>\n<li><a href=\"https:\/\/news.google.com\/rss\/articles\/CBMisgFBVV95cUxQQUNXZDJucmFJSWwya0FJeFBHNVlLc0pBRlpsaTctZlExZzBhSWpUTDNIU1BPV1E0TGxTOXFYT1cxNURHemNUYklzSE9nVU5HR3U3cERvZjR4ZkFiV0o0QlhOQjVUTWZmbVlrVzRWdVdNMkVfNlI0NXM3VVJwMUJCYTd6VTBuSnVRdjh0OVlqcmpCVWRSR1RsYTJ0bTlJZ0J4SUJNTkF0NFdrM0pfclJfREFn?oc=5\" target=\"_blank\" rel=\"nofollow noopener\">V\u00e6r, Sol\u00f8r | Kan bli bikkjekaldt flere steder: \u2013 M\u00e5 v\u00e6re forberedt p\u00e5 \u00e5 kle seg bedre<\/a>&nbsp;&nbsp;\u00d8stlendingen<\/li>\n<\/ol>\n","protected":false},"excerpt":{"rendered":"(+) Sprengkulde p\u00e5 vei \u2013 her meldes det 25 minusgrader&nbsp;&nbsp;fvn.no N\u00e5 kommer kulden!&nbsp;&nbsp;VG &#8211; Kaldere enn i fryseboksen&nbsp;&nbsp;Dagbladet&hellip;\n","protected":false},"author":2,"featured_media":127456,"comment_status":"","ping_status":"","sticky":false,"template":"","format":"standard","meta":{"footnotes":""},"categories":[10],"tags":[20,21,24,25,15,11056,22,23,1202,13,30,28,29,14,16,6527,26,27,553,101],"class_list":{"0":"post-127455","1":"post","2":"type-post","3":"status-publish","4":"format-standard","5":"has-post-thumbnail","7":"category-norge","8":"tag-breaking-news","9":"tag-breakingnews","10":"tag-featured-news","11":"tag-featurednews","12":"tag-headlines","13":"tag-hovden","14":"tag-latest-news","15":"tag-latestnews","16":"tag-meteorologisk-institutt","17":"tag-news","18":"tag-no","19":"tag-norge","20":"tag-norway","21":"tag-nyheter","22":"tag-overskrifter","23":"tag-sno","24":"tag-top-stories","25":"tag-topstories","26":"tag-vaer","27":"tag-vaermelding"},"share_on_mastodon":{"url":"https:\/\/pubeurope.com\/@no\/115827624192947798","error":""},"_links":{"self":[{"href":"https:\/\/www.europesays.com\/no\/wp-json\/wp\/v2\/posts\/127455","targetHints":{"allow":["GET"]}}],"collection":[{"href":"https:\/\/www.europesays.com\/no\/wp-json\/wp\/v2\/posts"}],"about":[{"href":"https:\/\/www.europesays.com\/no\/wp-json\/wp\/v2\/types\/post"}],"author":[{"embeddable":true,"href":"https:\/\/www.europesays.com\/no\/wp-json\/wp\/v2\/users\/2"}],"replies":[{"embeddable":true,"href":"https:\/\/www.europesays.com\/no\/wp-json\/wp\/v2\/comments?post=127455"}],"version-history":[{"count":0,"href":"https:\/\/www.europesays.com\/no\/wp-json\/wp\/v2\/posts\/127455\/revisions"}],"wp:featuredmedia":[{"embeddable":true,"href":"https:\/\/www.europesays.com\/no\/wp-json\/wp\/v2\/media\/127456"}],"wp:attachment":[{"href":"https:\/\/www.europesays.com\/no\/wp-json\/wp\/v2\/media?parent=127455"}],"wp:term":[{"taxonomy":"category","embeddable":true,"href":"https:\/\/www.europesays.com\/no\/wp-json\/wp\/v2\/categories?post=127455"},{"taxonomy":"post_tag","embeddable":true,"href":"https:\/\/www.europesays.com\/no\/wp-json\/wp\/v2\/tags?post=127455"}],"curies":[{"name":"wp","href":"https:\/\/api.w.org\/{rel}","templated":true}]}}