{"id":127457,"date":"2026-01-02T21:27:10","date_gmt":"2026-01-02T21:27:10","guid":{"rendered":"https:\/\/www.europesays.com\/no\/127457\/"},"modified":"2026-01-02T21:27:10","modified_gmt":"2026-01-02T21:27:10","slug":"mesternes-mester-nrk-gjor-endringer-etter-kritikk","status":"publish","type":"post","link":"https:\/\/www.europesays.com\/no\/127457\/","title":{"rendered":"\u00abMesternes mester\u00bb: NRK gj\u00f8r endringer etter kritikk:"},"content":{"rendered":"<p>        Saken oppsummert<\/p>\n<p>Kritikken raste i fjor mot NRK og den s\u00e5kalte nattesten i \u00abMesternes mester\u00bb.<\/p>\n<ul>\n<li>Deltakerne skal n\u00e5 balansere en kule i et glassr\u00f8r i stedet for \u00e5 gripe lyssabler.<\/li>\n<li>Produsenten sier endringen er gjort av redaksjonelle hensyn.<\/li>\n<li>En av deltakerne synes at produksjonen gjorde s\u00e5 bra jobb med den nye nattesten.<\/li>\n<\/ul>\n<p class=\"italic ai-disclaimer\" data-lab-italic=\"italic\">Oppsummeringen er laget med kunstig intelligens (KI) fra OpenAI. Innholdet er kvalitetssikret av TV 2s journalister. <a target=\"_blank\" href=\"https:\/\/hjelp.tv2.no\/info\/artikkel\/slik-jobber-vi-med-ki-i-tv-2\" title=\"Les om hvordan vi jobber med KI\" rel=\"nofollow noopener\">Les om hvordan vi jobber med KI<\/a><\/p>\n<p>I fjor <a href=\"https:\/\/www.tv2.no\/underholdning\/seerne-raste-na-krever-flere-endring\/17454710\/\" rel=\"nofollow noopener\" target=\"_blank\">haglet kritikken mot NRK-programmet \u00abMesternes mester\u00bb<\/a> da flere mente at den tradisjonelle nattesten var urettferdig.\u00a0<\/p>\n<p>Flere mente at h\u00f8ydeforskjellen p\u00e5 de ulike deltakerne ga en betydelig fordel i utslagskonkurransen.\u00a0<\/p>\n<p>Men n\u00e5 har NRK tatt grep.\u00a0<\/p>\n<p>I \u00e5rets sesong av det popul\u00e6re TV-programmet skal ikke deltakerne lenger gripe fast i fallende lyssabler.\u00a0<\/p>\n<p>De skal derimot balansere hver sin kule i et glassr\u00f8r, hvor det gjelder \u00e5 holde balansen lengst mulig.\u00a0<\/p>\n<p>        <img class=\"image__img lazyload\" itemprop=\"image\" title=\"Foto: Tonje Jakobsen, Nordisk Banijay\/NRK\" alt=\"NY NATTEST: I den nye nattesten skal deltakerne konkurrere om \u00e5 balansere hver sin kule i et glassr\u00f8r, lengst mulig. N\u00e5r en deltaker har mistet kulen tre ganger, m\u00e5 hen forlate konkurransen. Foto: Tonje Jakobsen, Nordisk Banijay\/NRK\" width=\"978\" height=\"551\" bad-src=\"https:\/\/www.europesays.com\/no\/wp-content\/uploads\/2026\/01\/18423328.webp.jpeg\" fetchpriority=\"auto\" \/><\/p>\n<p>      NY NATTEST: I den nye nattesten skal deltakerne konkurrere om \u00e5 balansere hver sin kule i et glassr\u00f8r, lengst mulig. N\u00e5r en deltaker har mistet kulen tre ganger, m\u00e5 hen forlate konkurransen.<br \/>\n         Foto: Tonje Jakobsen, Nordisk Banijay\/NRK<\/p>\n<p>Derfor endret de konkurransen<\/p>\n<p>TV 2 har spurt NRK om fjor\u00e5rets kritikk er \u00e5rsaken til denne endringen.\u00a0<\/p>\n<p>Produsent i Nordisk Banijay, Thor Arne Ulveraker, skriver f\u00f8lgende i en epost til TV 2:<\/p>\n<p class=\"bold m-bold\" data-lab-font_weight=\"bold\">\u2013 Nattesten har med jevne mellomrom v\u00e6rt byttet ut og noen fra tidligere sesonger har blitt hentet frem i senere sesonger. Vi f\u00f8lte at det var modent for et bytte n\u00e5, etter en rekke sesonger med lyssablene. Det er alts\u00e5 redaksjonelle hensyn som ligger til grunn.<\/p>\n<p class=\"italic m-italic\" data-lab-italic=\"italic\">\u2013 Er den nye nattesten mer rettferdig en fjor\u00e5rets utslagskonkurranse?\u00a0<\/p>\n<p>\u2013 Lyssablene har v\u00e6rt en rettferdig\u00a0\u00f8velse sett fra redaksjonens st\u00e5sted, ved at det er fokus og reaksjonsevne som er avgj\u00f8rende for utfallet.\u00a0Den nye nattesten er utviklet med bakgrunn i samme premiss som tidligere, at det skal v\u00e6re mulig for alle deltakere \u00e5 vinne uavhengig av fysikk og kj\u00f8nn, sier Ulveraker.\u00a0<\/p>\n<p>Produsenten tror at den nye nattesten kommer til \u00e5 bli v\u00e6rende i de kommende sesongene.\u00a0<\/p>\n<p>\u2013 Deltakerne syntes den var fantastisk spennende, sier han.<\/p>\n<p>\u2013 S\u00e5 rettferdig som mulig<\/p>\n<p>Og hva synes deltakerne om den nye utslagskonkurransen?<\/p>\n<p> \u2013 Jeg synes at produksjonen gjorde s\u00e5 bra jobb som de kan for \u00e5 f\u00e5 en slik test s\u00e5 rettferdig som mulig i \u00e5r, sier deltaker Ayla \u00c5gren (32) til TV 2.\u00a0<\/p>\n<p>        <img class=\"image__img lazyload\" itemprop=\"image\" title=\"Foto: Tonje Jakobsen \/ Nordisk Banijay \/ NRK\" alt=\"DELTAKER: Ayla \u00c5gren er en av \u00e5rets deltakere i \u00abMesternes mester\u00bb. Foto: Tonje Jakobsen \/ Nordisk Banijay \/ NRK\" width=\"675\" height=\"379\" bad-src=\"https:\/\/www.europesays.com\/no\/wp-content\/uploads\/2026\/01\/18425903.webp.jpeg\" fetchpriority=\"auto\" \/><\/p>\n<p>      DELTAKER: Ayla \u00c5gren er en av \u00e5rets deltakere i \u00abMesternes mester\u00bb.<br \/>\n         Foto: Tonje Jakobsen \/ Nordisk Banijay \/ NRK<\/p>\n<p>\u2013 Personlig har jeg alltid likt den \u00abklassiske\u00bb nattesten fra en seers perspektiv, og synes det var en spenning i det. S\u00e5 jeg gleder meg til \u00e5 se hvordan den nye testen kommer fram p\u00e5 TV for jobben som har blitt lagt ned bak denne endringen er stor, legger hun til.\u00a0<\/p>\n<p>\u00c5gren er en av de f\u00f8rste deltakerne som f\u00e5r testet den nye versjon av nattesten i fredagens episode av NRK-programmet.\u00a0<\/p>\n<p>Og etter en intens konkurranse mot Daniel-Andr\u00e9 Tande (31) er det til slutt sistnevnte som g\u00e5r seirende ut og f\u00e5r fortsette i TV-programmet.\u00a0<\/p>\n","protected":false},"excerpt":{"rendered":"Saken oppsummert Kritikken raste i fjor mot NRK og den s\u00e5kalte nattesten i \u00abMesternes mester\u00bb. Deltakerne skal n\u00e5&hellip;\n","protected":false},"author":2,"featured_media":127458,"comment_status":"","ping_status":"","sticky":false,"template":"","format":"standard","meta":{"footnotes":""},"categories":[5],"tags":[20,21,24,25,15,19,22,23,17,18,13,30,28,29,14,16,26,27],"class_list":{"0":"post-127457","1":"post","2":"type-post","3":"status-publish","4":"format-standard","5":"has-post-thumbnail","7":"category-overskrifter","8":"tag-breaking-news","9":"tag-breakingnews","10":"tag-featured-news","11":"tag-featurednews","12":"tag-headlines","13":"tag-hovedoppslag","14":"tag-latest-news","15":"tag-latestnews","16":"tag-main-news","17":"tag-mainnews","18":"tag-news","19":"tag-no","20":"tag-norge","21":"tag-norway","22":"tag-nyheter","23":"tag-overskrifter","24":"tag-top-stories","25":"tag-topstories"},"share_on_mastodon":{"url":"https:\/\/pubeurope.com\/@no\/115827627986456234","error":""},"_links":{"self":[{"href":"https:\/\/www.europesays.com\/no\/wp-json\/wp\/v2\/posts\/127457","targetHints":{"allow":["GET"]}}],"collection":[{"href":"https:\/\/www.europesays.com\/no\/wp-json\/wp\/v2\/posts"}],"about":[{"href":"https:\/\/www.europesays.com\/no\/wp-json\/wp\/v2\/types\/post"}],"author":[{"embeddable":true,"href":"https:\/\/www.europesays.com\/no\/wp-json\/wp\/v2\/users\/2"}],"replies":[{"embeddable":true,"href":"https:\/\/www.europesays.com\/no\/wp-json\/wp\/v2\/comments?post=127457"}],"version-history":[{"count":0,"href":"https:\/\/www.europesays.com\/no\/wp-json\/wp\/v2\/posts\/127457\/revisions"}],"wp:featuredmedia":[{"embeddable":true,"href":"https:\/\/www.europesays.com\/no\/wp-json\/wp\/v2\/media\/127458"}],"wp:attachment":[{"href":"https:\/\/www.europesays.com\/no\/wp-json\/wp\/v2\/media?parent=127457"}],"wp:term":[{"taxonomy":"category","embeddable":true,"href":"https:\/\/www.europesays.com\/no\/wp-json\/wp\/v2\/categories?post=127457"},{"taxonomy":"post_tag","embeddable":true,"href":"https:\/\/www.europesays.com\/no\/wp-json\/wp\/v2\/tags?post=127457"}],"curies":[{"name":"wp","href":"https:\/\/api.w.org\/{rel}","templated":true}]}}