{"id":127461,"date":"2026-01-02T21:34:18","date_gmt":"2026-01-02T21:34:18","guid":{"rendered":"https:\/\/www.europesays.com\/no\/127461\/"},"modified":"2026-01-02T21:34:18","modified_gmt":"2026-01-02T21:34:18","slug":"mann-i-20-arene-siktet-for-drapsforsok-etter-voldshendelse-i-oslo","status":"publish","type":"post","link":"https:\/\/www.europesays.com\/no\/127461\/","title":{"rendered":"Mann i 20-\u00e5rene siktet for drapsfors\u00f8k etter voldshendelse i Oslo"},"content":{"rendered":"<p class=\"extendedContent hyperion-css-eyn926\" data-test-tag=\"lead-text\">En mann i 20-\u00e5rene er siktet for drapsfors\u00f8k etter at en mann i 50-\u00e5rene ble angrepet med en saks p\u00e5 D\u00e6lenenga i Oslo fredag.<\/p>\n<p class=\"paywall hyperion-css-1j42uic\">Politiet meldte f\u00f8rst om voldshendelse like etter klokken 16 fredag ettermiddag.<\/p>\n<p class=\"paywall hyperion-css-1j42uic\">Meldingen gikk f\u00f8rst ut p\u00e5 at noen var stukket med kniv, men det viste seg at mannen var angrepet med en saks.<\/p>\n<p class=\"paywall hyperion-css-1j42uic\"> \u2013 Det er alvorligheten i bruken av saksen som gj\u00f8r at det kodes som drapsfors\u00f8k. Saksen er stukket mot et sted hvor alvorlige skader m\u00e5 p\u00e5regnes, sier operasjonsleder Tor Gr\u00f8ttum i Oslo politidistrikt til <a aria-label=\"TV 2\" class=\"breaking-short hyperion-css-1raymq9\" href=\"https:\/\/www.tv2.no\/direkte\/jpybz\/siste-nytt\/6957f9a6ed527f725905a153\/mann-i-20arene-siktet-for-drapsforsok-etter-voldshendelse-i-oslo\" target=\"_blank\" rel=\"noopener nofollow noreferrer\" data-test-tag=\"external-link\">TV 2<\/a>.<\/p>\n<p class=\"paywall hyperion-css-1j42uic\">Mannen i 50-\u00e5rene fikk kuttskader i en arm, men ble ikke alvorlig skadet, opplyser politiet.<\/p>\n<p class=\"paywall hyperion-css-1j42uic\">\u2013 Vi gjennomf\u00f8rer avh\u00f8r og oppretter sak, skriver politiet i politiloggen.<\/p>\n","protected":false},"excerpt":{"rendered":"En mann i 20-\u00e5rene er siktet for drapsfors\u00f8k etter at en mann i 50-\u00e5rene ble angrepet med en&hellip;\n","protected":false},"author":2,"featured_media":914,"comment_status":"","ping_status":"","sticky":false,"template":"","format":"standard","meta":{"footnotes":""},"categories":[10],"tags":[20,21,24,25,15,22,23,13,30,28,29,14,16,26,27],"class_list":{"0":"post-127461","1":"post","2":"type-post","3":"status-publish","4":"format-standard","5":"has-post-thumbnail","7":"category-norge","8":"tag-breaking-news","9":"tag-breakingnews","10":"tag-featured-news","11":"tag-featurednews","12":"tag-headlines","13":"tag-latest-news","14":"tag-latestnews","15":"tag-news","16":"tag-no","17":"tag-norge","18":"tag-norway","19":"tag-nyheter","20":"tag-overskrifter","21":"tag-top-stories","22":"tag-topstories"},"share_on_mastodon":{"url":"https:\/\/pubeurope.com\/@no\/115827655677031682","error":""},"_links":{"self":[{"href":"https:\/\/www.europesays.com\/no\/wp-json\/wp\/v2\/posts\/127461","targetHints":{"allow":["GET"]}}],"collection":[{"href":"https:\/\/www.europesays.com\/no\/wp-json\/wp\/v2\/posts"}],"about":[{"href":"https:\/\/www.europesays.com\/no\/wp-json\/wp\/v2\/types\/post"}],"author":[{"embeddable":true,"href":"https:\/\/www.europesays.com\/no\/wp-json\/wp\/v2\/users\/2"}],"replies":[{"embeddable":true,"href":"https:\/\/www.europesays.com\/no\/wp-json\/wp\/v2\/comments?post=127461"}],"version-history":[{"count":0,"href":"https:\/\/www.europesays.com\/no\/wp-json\/wp\/v2\/posts\/127461\/revisions"}],"wp:featuredmedia":[{"embeddable":true,"href":"https:\/\/www.europesays.com\/no\/wp-json\/wp\/v2\/media\/914"}],"wp:attachment":[{"href":"https:\/\/www.europesays.com\/no\/wp-json\/wp\/v2\/media?parent=127461"}],"wp:term":[{"taxonomy":"category","embeddable":true,"href":"https:\/\/www.europesays.com\/no\/wp-json\/wp\/v2\/categories?post=127461"},{"taxonomy":"post_tag","embeddable":true,"href":"https:\/\/www.europesays.com\/no\/wp-json\/wp\/v2\/tags?post=127461"}],"curies":[{"name":"wp","href":"https:\/\/api.w.org\/{rel}","templated":true}]}}