{"id":127462,"date":"2026-01-02T21:35:44","date_gmt":"2026-01-02T21:35:44","guid":{"rendered":"https:\/\/www.europesays.com\/no\/127462\/"},"modified":"2026-01-02T21:35:44","modified_gmt":"2026-01-02T21:35:44","slug":"flere-historiske-vaerrekorder-satt-nrk-nordland","status":"publish","type":"post","link":"https:\/\/www.europesays.com\/no\/127462\/","title":{"rendered":"Flere historiske v\u00e6rrekorder satt \u2013 NRK Nordland"},"content":{"rendered":"<p>V\u00e6r\u00e5ret 2025 startet i januar med varmegrader der hestehov spratt opp i Nord-Norge \u2013 til <a href=\"https:\/\/www.nrk.no\/nordland\/hestehoven-blomstrer-tidlig-i-ar-1.17214530\" ec-id=\"pp:article:1.17214530\" ec-name=\"overraskelse for b\u00e5de turg\u00e5ere og botanikere.\" rel=\"nofollow noopener\" target=\"_blank\">overraskelse for b\u00e5de turg\u00e5ere og botanikere.<\/a><\/p>\n<p>\u2013 2025 var et kontrastfylt \u00e5r. Kontrastene var st\u00f8rst i nord, sier Elin Lundstad, klimaforsker ved Meteorologisk institutt til NRK.<\/p>\n<p><img decoding=\"async\"   src=\"data:image\/gif;base64,R0lGODlhAQABAIAAAAAAAP\/\/\/yH5BAEAAAAALAAAAAABAAEAAAIBRAA7\" loading=\"eager\" alt=\"En knopp med hestehov i begynnende blomst mellom gammelt l\u00f8v fra fjor\u00e5rets h\u00f8st.\" title=\"Foto: Susanne Skj\u00e5stad Lysvold \/ NRK\"\/><\/p>\n<p class=\"\">Hestehoven blomstret allerede i januar p\u00e5 Skaug utenfor Bod\u00f8.<\/p>\n<p>Foto: Susanne Skj\u00e5stad Lysvold \/ NRK<\/p>\n<p>Man kan trygt sl\u00e5 fast at \u00e5rets f\u00f8rste vinterm\u00e5neder ble en \u00abjo-jo-vinter\u00bb, der streng kulde raskt ble avl\u00f8st av milde perioder med regn.<\/p>\n<p>Aldri f\u00f8r har man m\u00e5lt mer nedb\u00f8r i en seksm\u00e5nedersperiode, slo meteorologene fast i april.<\/p>\n<p>Slo 82 \u00e5r gammel rekord<\/p>\n<p>\u2013 Fra perioden oktober 2024 til og med mars 2025 har det kommet mer nedb\u00f8r enn noen gang m\u00e5lt i Nord-Norge, slo klimaforsker Jostein Mamen ved Meteorologisk institutt fast.<\/p>\n<p>P\u00e5 V\u00e6rvarslingen i Troms\u00f8 hadde man aldri m\u00e5lt mer nedb\u00f8r i mars m\u00e5ned f\u00f8r, med 208,6 mm<\/p>\n<p><strong>Dermed overgikk man den 82 \u00e5r gamle rekorden p\u00e5 199,7 mm fra 1943.<\/strong><\/p>\n<p>I Bod\u00f8 v\u00e5knet innbyggerne til et merkelig v\u00e6rfenomen 5. februar. Kraftig vind og sn\u00f8fall i l\u00f8pet av natten hadde f\u00f8rt til at <a href=\"https:\/\/www.nrk.no\/nordland\/kolonnekjoring_-vanskelige-kjoreforhold-og-stengte-veier-1.17253138\" ec-id=\"pp:article:1.17253138\" ec-name=\"meterh\u00f8ye sn\u00f8skavler skapte tr\u00f8bbel.\" rel=\"nofollow noopener\" target=\"_blank\">meterh\u00f8ye sn\u00f8skavler skapte tr\u00f8bbel.<\/a><\/p>\n<p><img decoding=\"async\"   src=\"data:image\/gif;base64,R0lGODlhAQABAIAAAAAAAP\/\/\/yH5BAEAAAAALAAAAAABAAEAAAIBRAA7\" loading=\"eager\" alt=\"Masse sn\u00f8 utenfor Arkaden\/Radisson Blu i Bod\u00f8\" title=\"Foto: Irina Eide, Bod\u00f8 bydrift \/ NRK\"\/><\/p>\n<p class=\"\">Slik s\u00e5 det ut utenfor inngangspartiet foran Radisson-hotellet i Bod\u00f8 natt til 5. februar. <\/p>\n<p>Foto: Irina Eide, Bod\u00f8 bydrift \/ NRK<\/p>\n<p>Varmere enn i Barcelona<\/p>\n<p>V\u00e6ret skifter fort.<\/p>\n<p>To dager senere ble det satt nye varmerekorder for februar langs hele kysten av Nord-Norge. Aller varmest var det i Lyngen i Troms med 12,1 grader.<\/p>\n<p>P\u00e5 m\u00e5lestasjonen i And\u00f8y, lengst nord i Nordland ble det m\u00e5lt 9,5 varmegrader \u2013 ogs\u00e5 det varmerekord.<\/p>\n<p>Til sammenlikning var det 9,2 grader i Barcelona samme natt.<\/p>\n<p>\u2013 Temperaturene i nord er like varmt som en middels sommerdag, <a href=\"https:\/\/www.nrk.no\/nordland\/varmerekorder-i-nord-norge-i-natt_-_-som-en-middels-sommerdag-1.17257949\" ec-id=\"pp:article:1.17257949\" ec-name=\"uttalte vakthavende meteorolog H\u00e5vard Thorset.\" rel=\"nofollow noopener\" target=\"_blank\">uttalte vakthavende meteorolog H\u00e5vard Thorset.<\/a><\/p>\n<p>Varmerekorder i mars<\/p>\n<p>Ogs\u00e5 i mars ble det satt varmerekord i Nord-Norge. Det ble satt over 20 rekorder for maksimumstemperatur og 10 rekorder for h\u00f8yeste m\u00e5nedstemperatur.<\/p>\n<p>Varmest var det ved S\u00f8rkjosen lufthavn i Troms m\u00e5lte 14,4 grader 23. mars. Stasjonen hadde selv den gamle rekorden med 13,0 grader fra 16.03.2015.<\/p>\n<p>Historisk heteb\u00f8lge<\/p>\n<p>Etter en kald start p\u00e5 sommeren flere steder, kom \u00abtidenes\u00bb heteb\u00f8lge i starten av juli.<\/p>\n<p>M\u00e5neden endte som en av de aller varmeste julim\u00e5nedene meteorologene har registrert i Norge.<\/p>\n<p>Totalt var det mer enn 140 stasjoner som registrerte heteb\u00f8lge. Ogs\u00e5 Sverige og Finland hadde heteb\u00f8lge i samme periode.<strong> <\/strong><\/p>\n<p><img decoding=\"async\"   src=\"data:image\/gif;base64,R0lGODlhAQABAIAAAAAAAP\/\/\/yH5BAEAAAAALAAAAAABAAEAAAIBRAA7\" loading=\"eager\" alt=\"Fleire er ute og nyter sola i sommervarmen i Bod\u00f8 i Nordland \" title=\"Foto: Brynjar Mangor Myrtveit Osgjerd \/ NRK\"\/><\/p>\n<p class=\"\">HETEB\u00d8LGE I NORD: Br\u00f8nn\u00f8ysund m\u00e5lte 32,8 grader p\u00e5 det meste. <\/p>\n<p>Foto: Brynjar Mangor Myrtveit Osgjerd \/ NRK<\/p>\n<p><strong>\u2013 Det spesielle med denne heteb\u00f8lgen var at det var varmt over et stort omr\u00e5de og i lang tid \u2013 hele 14-dager, sa klimaforsker Karianne \u00d8demark til NRK i august.<\/strong><\/p>\n<p>Sommerens heteb\u00f8lge i Norge, Sverige og Finland ble gjort ti ganger mer sannsynlig p\u00e5 grunn av de menneskeskapte klimaendringene, mener klimaforskerne.\n<\/p>\n<ul class=\"dhpg__gallery__list\">\n<li class=\"dhpg__gallery__listItem\"><img alt=\"Elin Lundstad har en gladmelding til nordlendingene\"  width=\"2400\" height=\"2400\" loading=\"lazy\"\/>Klimaforsker Elin Lundstad, Meteorologisk institutt<\/li>\n<\/ul>\n<p>\u2013 Nord-Norge ligger i en region som opplever arktisk forsterkning, der temperaturen \u00f8ker raskere enn det globale gjennomsnittet. Denne dynamikken skjer fordi refleksjonen fra is og sn\u00f8 reduseres, hav og land varmes opp, og atmosf\u00e6ren tar opp mer energi. Dette gir en klar bakgrunn for at ogs\u00e5 nordlige m\u00e5lestasjoner ser mer varme, senere vintre og mildere h\u00f8ster og v\u00e5rer, forklarer Elin Lundstad.<\/p>\n<p>Historisk tropenatt<\/p>\n<p>Selv om kalenderen viste september, bar ikke sommeren over.<\/p>\n<p><strong>If\u00f8lge <a href=\"https:\/\/www.met.no\/nyhetsarkiv\/rekordvarm-september-i-nord-noreg\" ec-id=\"https:\/\/www.met.no\/nyhetsarkiv\/rekordvarm-september-i-nord-noreg\" ec-name=\"met.no\" rel=\"nofollow noopener\" target=\"_blank\">met.no<\/a> endte h\u00f8sten 2025 opp med \u00e5 bli den sjuende varmeste h\u00f8stsesongen vi har hatt siden m\u00e5lingene startet i 1901.<\/strong><\/p>\n<p>Det som var spesielt i nord var at sommervarmen strakte seg inn i h\u00f8stsesongen, konkluderte klimaforsker Hans Olav Hygen i <a href=\"https:\/\/www.met.no\/nyhetsarkiv\/rekordvarm-september-i-nord-noreg\" ec-id=\"https:\/\/www.met.no\/nyhetsarkiv\/rekordvarm-september-i-nord-noreg\" ec-name=\"met.no.\" rel=\"nofollow noopener\" target=\"_blank\">met.no. <\/a><\/p>\n<p>Fra grensen til Tr\u00f8ndelag og nordover var september det som meteorologene omtaler som <a href=\"https:\/\/www.met.no\/nyhetsarkiv\/rekordvarm-september-i-nord-noreg\" ec-id=\"https:\/\/www.met.no\/nyhetsarkiv\/rekordvarm-september-i-nord-noreg\" ec-name=\"\u00abekstremt varm\u00bb.\" rel=\"nofollow noopener\" target=\"_blank\">\u00abekstremt varm\u00bb. <\/a><\/p>\n<p><strong>Over 80 stasjoner satte rekord for varmeste september, de fleste i Nord-Norge.<\/strong><\/p>\n<p>B\u00e5de V\u00e6rnes i Tr\u00f8ndelag og Bardufoss i Troms satte rekord for tallet p\u00e5 nordiske sommerdager med 15 og 10 dager i september. Det vil si dager med en maksimumstemperatur over 20 grader.<\/p>\n<p>12. september ble det m\u00e5lt tropenatt p\u00e5 Reip\u00e5 i Mel\u00f8y p\u00e5 Helgeland, noe som markerte en ny milep\u00e6l.<\/p>\n<p><strong>I Nord-Norge har det aldri blitt m\u00e5lt tropenatt s\u00e5 sent p\u00e5 \u00e5ret.<\/strong><\/p>\n<p><img decoding=\"async\"   src=\"data:image\/gif;base64,R0lGODlhAQABAIAAAAAAAP\/\/\/yH5BAEAAAAALAAAAAABAAEAAAIBRAA7\" loading=\"eager\" alt=\"Sol og fint v\u00e6r\" title=\"Foto: Sondre Skjelvik\"\/><\/p>\n<p class=\"\">Temperaturen i oktober endte nesten to grader over normalen. Aldri f\u00f8r er det registrert en s\u00e5 lang periode med gjennomsnittstemperatur over normalen. Her fra Nordland. <\/p>\n<p>Foto: Sondre Skjelvik<\/p>\n<p>Temperaturen i oktober endte nesten to grader over normalen. Aldri f\u00f8r er det registrert en s\u00e5 lang periode med <a href=\"https:\/\/www.nrk.no\/nordland\/meteorologene_-18-maneder-pa-rad-over-normalen-1.17638703\" ec-id=\"pp:article:1.17638703\" ec-name=\"gjennomsnittstemperatur over normalen.\" rel=\"nofollow noopener\" target=\"_blank\">gjennomsnittstemperatur over normalen.<\/a><\/p>\n<p>Unormalt varm desember<\/p>\n<p>\u00c5rets desember har s\u00e5 langt v\u00e6rt unormal varm, med et landsgjennomsnitt p\u00e5 3,1 grader over normalen.<\/p>\n<p>Spesielt Oslo og Bergen har <a href=\"https:\/\/www.nrk.no\/nyheter\/varmeste-forjulstid-noensinne-i-oslo-og-bergen-1.17704657\" ec-id=\"pp:article:1.17704657\" ec-name=\"hatt den varmeste f\u00f8rjulstida noensinne.\" rel=\"nofollow noopener\" target=\"_blank\">hatt den varmeste f\u00f8rjulstida noensinne.<\/a><\/p>\n<p>Mer uvanlig er n\u00e6r tosifrede temperaturer i Nord-Norge i jula.<\/p>\n<p>Men denne jula opplevde ogs\u00e5 den nordlige landsdelen en usedvanlig varm h\u00f8ytid.<\/p>\n<p>If\u00f8lge <a href=\"https:\/\/www.met.no\/nyhetsarkiv\/vinteren-blir-kortere-i-hele-landet\" ec-id=\"https:\/\/www.met.no\/nyhetsarkiv\/vinteren-blir-kortere-i-hele-landet\" ec-name=\"Met.no\" rel=\"nofollow noopener\" target=\"_blank\">Met.no<\/a> har klimaendringene f\u00f8rt til kortere vintersesong i Norge.<\/p>\n<p>Vinteren blir kortere b\u00e5de i s\u00f8r og i nord.<\/p>\n<p>    \u2190<\/p>\n<ul data-scroll-container=\"\" role=\"list\">\n<li><img alt=\"Hans Cosson-Eide, redaksjonsleder for klima og teknologi.\"  width=\"3840\" height=\"962\" loading=\"lazy\"\/>Derfor blir Europa varmere\n<p>Heteb\u00f8lgene i Europa kommer oftere, varer lengre, og n\u00e5r h\u00f8yere temperaturer enn f\u00f8r.<\/p>\n<p>Forskerne er n\u00e5 tydelige p\u00e5 at dette i stor grad skyldes menneskeskapte klimagassutslipp.<\/p>\n<p>Sveip for \u00e5 lese mer om hvordan sommerne har endret seg, og hva vi kan gj\u00f8re med det.<\/p>\n<\/li>\n<li><img alt=\"En mann kj\u00f8ler seg ned med vann fra en fontene i Spania.\"  width=\"3840\" height=\"2160\" loading=\"lazy\"\/>\n<p>\n        AP\n      <\/p>\n<p>S\u00e5 mye varmere har det blitt<\/p>\n<p>Sannsynligheten for heteb\u00f8lger i verden er nesten tre ganger s\u00e5 stor n\u00e5, som den var f\u00f8r den industrielle revolusjonen.<\/p>\n<p>Store deler av Europa har de siste \u00e5rene hatt makstemperaturer rundt 10 grader varmere enn normalt.<\/p>\n<\/li>\n<li><img alt=\"En kvinne slapper av i varmen i Tuileries-parken i Paris.\"  width=\"3840\" height=\"1281\" loading=\"lazy\"\/>\n<p>\n        AP\n      <\/p>\n<p>Hver grad teller<\/p>\n<p>Forskere har studert menneskers p\u00e5virkning p\u00e5 klimaet siden tidlig 1900-tall, og bevisene har blitt sterkere siden. Likevel har verdens utslipp fortsatt \u00e5 \u00f8ke.<\/p>\n<p>Dersom den globale oppvarmingen n\u00e5r 2 grader, vil antallet heteb\u00f8lger i verden trolig doble seg fra dagens niv\u00e5. 4 graders oppvarming kan doble antallet heteb\u00f8lger enda en gang, if\u00f8lge FNs klimapanel.<\/p>\n<p>Men n\u00e5 skjer det noe.<\/p>\n<\/li>\n<li><img alt=\"Barn leker i en fontene i Aten.\"  width=\"3840\" height=\"2160\" loading=\"lazy\"\/>\n<p>\n        AP\n      <\/p>\n<p>Finnes det h\u00e5p?<\/p>\n<p>Det kan hende verden <a href=\"https:\/\/www.nytimes.com\/2024\/05\/30\/climate\/carbon-emissions-falling-global.html\" rel=\"nofollow noopener\" target=\"_blank\">omsider har n\u00e5dd utslippstoppen<\/a>. Jo mindre klimagasser vi slipper ut, jo mindre vil disse endringene fortsette \u00e5 eskalere.<\/p>\n<p>Mange storbyer har ogs\u00e5 blitt flinkere til \u00e5 h\u00e5ndtere heteb\u00f8lger. Slike tiltak har allerede gjort at f\u00e6rre d\u00f8r av heten, enn de ellers ville gjort.<\/p>\n<\/li>\n<\/ul>\n<p>\u2192<\/p>\n<p>I Troms\u00f8 var det tidligere 160 vinterdager i snitt, mens det n\u00e5 er 138 dager. Det er ogs\u00e5 en reduksjon p\u00e5 22 dager. Det er lokale variasjoner, men vinteren har generelt blitt kortere fordi temperaturen \u00f8ker i hele landet.<\/p>\n<p>I Bod\u00f8 har vinteren blitt redusert med 48 dager. Troms\u00f8 og Oslo har mistet 22 vinterdager, og Vestlandet og S\u00f8rlandet har \u00abmistet vinteren\u00bb, if\u00f8lge klimaforskerne.<\/p>\n<p><img decoding=\"async\"   src=\"data:image\/gif;base64,R0lGODlhAQABAIAAAAAAAP\/\/\/yH5BAEAAAAALAAAAAABAAEAAAIBRAA7\" loading=\"eager\" alt=\"En bygning med mange vinduer (Bildebeskrivelsen er laget av en KI-tjeneste)\" title=\"Foto: Per-Jonny Pedersen\"\/><\/p>\n<p class=\"\">GR\u00d8NN OG GR\u00c5 JUL: Bod\u00f8v\u00e6ringene kunne se langt etter hvit jul i \u00e5r. <\/p>\n<p>Foto: Per-Jonny Pedersen<\/p>\n<p>    \u2190<\/p>\n<ul data-scroll-container=\"\" role=\"list\">\n<li><img alt=\"Hans Cosson-Eide, redaksjonsleder for klima og teknologi.\"  width=\"3840\" height=\"962\" loading=\"lazy\"\/>Derfor blir Europa varmere\n<p>Heteb\u00f8lgene i Europa kommer oftere, varer lengre, og n\u00e5r h\u00f8yere temperaturer enn f\u00f8r.<\/p>\n<p>Forskerne er n\u00e5 tydelige p\u00e5 at dette i stor grad skyldes menneskeskapte klimagassutslipp.<\/p>\n<p>Sveip for \u00e5 lese mer om hvordan sommerne har endret seg, og hva vi kan gj\u00f8re med det.<\/p>\n<\/li>\n<li><img alt=\"En mann kj\u00f8ler seg ned med vann fra en fontene i Spania.\"  width=\"3840\" height=\"2160\" loading=\"lazy\"\/>\n<p>\n        AP\n      <\/p>\n<p>S\u00e5 mye varmere har det blitt<\/p>\n<p>Sannsynligheten for heteb\u00f8lger i verden er nesten tre ganger s\u00e5 stor n\u00e5, som den var f\u00f8r den industrielle revolusjonen.<\/p>\n<p>Store deler av Europa har de siste \u00e5rene hatt makstemperaturer rundt 10 grader varmere enn normalt.<\/p>\n<\/li>\n<li><img alt=\"En kvinne slapper av i varmen i Tuileries-parken i Paris.\"  width=\"3840\" height=\"1281\" loading=\"lazy\"\/>\n<p>\n        AP\n      <\/p>\n<p>Hver grad teller<\/p>\n<p>Forskere har studert menneskers p\u00e5virkning p\u00e5 klimaet siden tidlig 1900-tall, og bevisene har blitt sterkere siden. Likevel har verdens utslipp fortsatt \u00e5 \u00f8ke.<\/p>\n<p>Dersom den globale oppvarmingen n\u00e5r 2 grader, vil antallet heteb\u00f8lger i verden trolig doble seg fra dagens niv\u00e5. 4 graders oppvarming kan doble antallet heteb\u00f8lger enda en gang, if\u00f8lge FNs klimapanel.<\/p>\n<p>Men n\u00e5 skjer det noe.<\/p>\n<\/li>\n<li><img alt=\"Barn leker i en fontene i Aten.\"  width=\"3840\" height=\"2160\" loading=\"lazy\"\/>\n<p>\n        AP\n      <\/p>\n<p>Finnes det h\u00e5p?<\/p>\n<p>Det kan hende verden <a href=\"https:\/\/www.nytimes.com\/2024\/05\/30\/climate\/carbon-emissions-falling-global.html\" rel=\"nofollow noopener\" target=\"_blank\">omsider har n\u00e5dd utslippstoppen<\/a>. Jo mindre klimagasser vi slipper ut, jo mindre vil disse endringene fortsette \u00e5 eskalere.<\/p>\n<p>Mange storbyer har ogs\u00e5 blitt flinkere til \u00e5 h\u00e5ndtere heteb\u00f8lger. Slike tiltak har allerede gjort at f\u00e6rre d\u00f8r av heten, enn de ellers ville gjort.<\/p>\n<\/li>\n<\/ul>\n<p>\u2192<\/p>\n<p>Publisert<\/p>\n<p>02.01.2026, kl. 11.47<\/p>\n","protected":false},"excerpt":{"rendered":"V\u00e6r\u00e5ret 2025 startet i januar med varmegrader der hestehov spratt opp i Nord-Norge \u2013 til overraskelse for b\u00e5de&hellip;\n","protected":false},"author":2,"featured_media":127463,"comment_status":"","ping_status":"","sticky":false,"template":"","format":"standard","meta":{"footnotes":""},"categories":[5],"tags":[20,21,24,25,15,19,22,23,17,18,13,30,28,29,14,16,26,27],"class_list":{"0":"post-127462","1":"post","2":"type-post","3":"status-publish","4":"format-standard","5":"has-post-thumbnail","7":"category-overskrifter","8":"tag-breaking-news","9":"tag-breakingnews","10":"tag-featured-news","11":"tag-featurednews","12":"tag-headlines","13":"tag-hovedoppslag","14":"tag-latest-news","15":"tag-latestnews","16":"tag-main-news","17":"tag-mainnews","18":"tag-news","19":"tag-no","20":"tag-norge","21":"tag-norway","22":"tag-nyheter","23":"tag-overskrifter","24":"tag-top-stories","25":"tag-topstories"},"share_on_mastodon":{"url":"https:\/\/pubeurope.com\/@no\/115827659732442107","error":""},"_links":{"self":[{"href":"https:\/\/www.europesays.com\/no\/wp-json\/wp\/v2\/posts\/127462","targetHints":{"allow":["GET"]}}],"collection":[{"href":"https:\/\/www.europesays.com\/no\/wp-json\/wp\/v2\/posts"}],"about":[{"href":"https:\/\/www.europesays.com\/no\/wp-json\/wp\/v2\/types\/post"}],"author":[{"embeddable":true,"href":"https:\/\/www.europesays.com\/no\/wp-json\/wp\/v2\/users\/2"}],"replies":[{"embeddable":true,"href":"https:\/\/www.europesays.com\/no\/wp-json\/wp\/v2\/comments?post=127462"}],"version-history":[{"count":0,"href":"https:\/\/www.europesays.com\/no\/wp-json\/wp\/v2\/posts\/127462\/revisions"}],"wp:featuredmedia":[{"embeddable":true,"href":"https:\/\/www.europesays.com\/no\/wp-json\/wp\/v2\/media\/127463"}],"wp:attachment":[{"href":"https:\/\/www.europesays.com\/no\/wp-json\/wp\/v2\/media?parent=127462"}],"wp:term":[{"taxonomy":"category","embeddable":true,"href":"https:\/\/www.europesays.com\/no\/wp-json\/wp\/v2\/categories?post=127462"},{"taxonomy":"post_tag","embeddable":true,"href":"https:\/\/www.europesays.com\/no\/wp-json\/wp\/v2\/tags?post=127462"}],"curies":[{"name":"wp","href":"https:\/\/api.w.org\/{rel}","templated":true}]}}