{"id":127466,"date":"2026-01-02T21:44:07","date_gmt":"2026-01-02T21:44:07","guid":{"rendered":"https:\/\/www.europesays.com\/no\/127466\/"},"modified":"2026-01-02T21:44:07","modified_gmt":"2026-01-02T21:44:07","slug":"tar-over-etter-mads-hansen","status":"publish","type":"post","link":"https:\/\/www.europesays.com\/no\/127466\/","title":{"rendered":"Tar over etter Mads Hansen"},"content":{"rendered":"<p>Hansen har 300 episoder bak seg med Rasmus Wold som makker. N\u00e5 takker han for seg, mens Fladseth rykker inn som arvtaker og Wold fortsetter.<\/p>\n<p>\u2013 Jeg skal slutte som programleder fordi vi i \u00abSp\u00e5rtsklubben\u00bb skal ha en ekstra episode i uka. Det blir for voldsomt, s\u00e5 da hopper jeg av her og en ny programleder overtar mine sko. Jeg kan si at den som tar over er dritbra. Det blir en nydelig duo, sier Mads Hansen i en uttalelse.<\/p>\n<p>Programlederbyttet skjer i ukens episode, der Hansen for anledningen setter seg i gjestestolen \u2013 mens Fladseth gj\u00f8r debuten.<\/p>\n<p>\u2013 Du kan hvile n\u00e5, Mads. N\u00e5 har du jaga hele livet. Podkast for meg er et fristed. Der koser jeg meg. Da kan jeg la kjeften g\u00e5, om ikke l\u00f8psk, til enhver tid. Jeg er glad i \u00e5 prate, lyder det fra Henrik Fladseth \u2013 kjent blant annet fra \u00ab71 grader nord\u00bb, \u00abIkke lov \u00e5 le p\u00e5 hytta\u00bb og fra standup-scenen.<\/p>\n<p>Fredag skal han ikke bare overta i \u00abTopp 3\u00bb, men blir ogs\u00e5 \u00e5 se i NRKs nye humorsatsing \u00abVerdens verste publikum\u00bb \u2013 der komikere fors\u00f8ker \u00e5 f\u00e5 publikum til \u00e5 le.<\/p>\n","protected":false},"excerpt":{"rendered":"Hansen har 300 episoder bak seg med Rasmus Wold som makker. N\u00e5 takker han for seg, mens Fladseth&hellip;\n","protected":false},"author":2,"featured_media":127467,"comment_status":"","ping_status":"","sticky":false,"template":"","format":"standard","meta":{"footnotes":""},"categories":[59],"tags":[2786,5164,30,28,29,1492,9023,14286,83,82],"class_list":{"0":"post-127466","1":"post","2":"type-post","3":"status-publish","4":"format-standard","5":"has-post-thumbnail","7":"category-sport","8":"tag-henrik-fladseth","9":"tag-mads-hansen","10":"tag-no","11":"tag-norge","12":"tag-norway","13":"tag-programleder","14":"tag-rasmus-wold","15":"tag-spartsklubben","16":"tag-sport","17":"tag-sports"},"share_on_mastodon":{"url":"https:\/\/pubeurope.com\/@no\/115827694777852978","error":""},"_links":{"self":[{"href":"https:\/\/www.europesays.com\/no\/wp-json\/wp\/v2\/posts\/127466","targetHints":{"allow":["GET"]}}],"collection":[{"href":"https:\/\/www.europesays.com\/no\/wp-json\/wp\/v2\/posts"}],"about":[{"href":"https:\/\/www.europesays.com\/no\/wp-json\/wp\/v2\/types\/post"}],"author":[{"embeddable":true,"href":"https:\/\/www.europesays.com\/no\/wp-json\/wp\/v2\/users\/2"}],"replies":[{"embeddable":true,"href":"https:\/\/www.europesays.com\/no\/wp-json\/wp\/v2\/comments?post=127466"}],"version-history":[{"count":0,"href":"https:\/\/www.europesays.com\/no\/wp-json\/wp\/v2\/posts\/127466\/revisions"}],"wp:featuredmedia":[{"embeddable":true,"href":"https:\/\/www.europesays.com\/no\/wp-json\/wp\/v2\/media\/127467"}],"wp:attachment":[{"href":"https:\/\/www.europesays.com\/no\/wp-json\/wp\/v2\/media?parent=127466"}],"wp:term":[{"taxonomy":"category","embeddable":true,"href":"https:\/\/www.europesays.com\/no\/wp-json\/wp\/v2\/categories?post=127466"},{"taxonomy":"post_tag","embeddable":true,"href":"https:\/\/www.europesays.com\/no\/wp-json\/wp\/v2\/tags?post=127466"}],"curies":[{"name":"wp","href":"https:\/\/api.w.org\/{rel}","templated":true}]}}