{"id":127470,"date":"2026-01-02T21:57:12","date_gmt":"2026-01-02T21:57:12","guid":{"rendered":"https:\/\/www.europesays.com\/no\/127470\/"},"modified":"2026-01-02T21:57:12","modified_gmt":"2026-01-02T21:57:12","slug":"dartfenomenet-luke-littler-til-vm-finale-for-tredje-aret-pa-rad","status":"publish","type":"post","link":"https:\/\/www.europesays.com\/no\/127470\/","title":{"rendered":"Dartfenomenet Luke Littler til VM-finale for tredje \u00e5ret p\u00e5 rad"},"content":{"rendered":"\n<p class=\"_lead_o9xde_2 _lead_xtcu6_50 layout-component text-serif-m layout-normal text-serif-l layout-component layout-wide layout-padded _wide_17hqh_1 layout-padded\">Luke \u00abThe Nuke\u00bb Littler (18) er klar for VM-finale i dart etter at han utklasset landsmann Ryan Searle i semifinalen. <\/p>\n<p> <img class=\"_image_qp4xg_65 layout-component layout-wide\" data-fullscreen- data-track-element-type=\"Article image fullscreen\" data-track-name=\"ImageFullscreen\" fetchpriority=\"high\" decoding=\"sync\" loading=\"eager\" height=\"102\" itemprop=\"image\"  src=\"https:\/\/www.europesays.com\/no\/wp-content\/uploads\/2026\/01\/7ff4755ece6deb94a3529c853f9d83cc.jpg\"  style=\"object-position:50% 50%;aspect-ratio:1.75;height:auto;object-fit:cover;width:100%\" width=\"102\"\/>  <\/p>\n<ul aria-hidden=\"true\" class=\"_images_ntbth_112\">\n<li><a class=\"_link_ntbth_117\" href=\"https:\/\/www.vg.no\/forfatter\/synne-sofie-christiansen-2\" style=\"z-index:2\" title=\"Synne Sofie Christiansen\" rel=\"nofollow noopener\" target=\"_blank\"><img alt=\"Bilde av Synne Sofie Christiansen\" class=\"_image_ntbth_93\" fetchpriority=\"low\" loading=\"lazy\" decoding=\"async\" itemprop=\"image\"  src=\"https:\/\/www.europesays.com\/no\/wp-content\/uploads\/2026\/01\/1767391031_239_8d683f6f-f2ba-47ca-8bcc-2db625b33cb1.jpeg\"  width=\"480\"\/><\/a><\/li>\n<li><a class=\"_link_ntbth_117\" href=\"https:\/\/www.vg.no\/forfatter\/ntb\" style=\"z-index:1\" title=\"NTB\" rel=\"nofollow noopener\" target=\"_blank\"><img alt=\"Bilde av NTB\" class=\"_image_ntbth_93\" fetchpriority=\"low\" loading=\"lazy\" decoding=\"async\" itemprop=\"image\"  src=\"https:\/\/www.europesays.com\/no\/wp-content\/uploads\/2026\/01\/1767391031_101_c33980b0-5d07-4027-84a1-813f90a7c8d6.png\"  width=\"480\"\/><\/a><\/li>\n<\/ul>\n<p> Oppdatert fredag 2. januar kl. 22:33     <\/p>\n<p class=\"_paragraph_o9xde_4 _paragraph_xtcu6_10 layout-component text-serif-m layout-normal text-serif-m layout-padded\">Den prestasjonen m\u00e5tte naturligvis feires med kj\u00e6resten Faith Millar. Det engelske supertalentet Littler fikk et kyss av kj\u00e6resten blant publikum etter \u00e5 ha radet opp seks strake settseire i semifinalen. <\/p>\n<p class=\"_paragraph_o9xde_4 _paragraph_xtcu6_10 layout-component text-serif-m layout-normal text-serif-m layout-padded\">Han ble tidenes yngste verdensmester som 17-\u00e5ring da han i starten av 2025 slo veteranen Michael van Gerwen i finalen. N\u00e5 kan han g\u00e5 hele veien igjen. <\/p>\n<p><img alt=\"Luke Littler og kj\u00e6resten Faith Millar.   Foto: Dave Shopland \/ AP \/ NTB\" class=\"_image_qp4xg_65 layout-component layout-normal\" data-fullscreen- data-track-element-type=\"Article image fullscreen\" data-track-name=\"ImageFullscreen\" decoding=\"async\" loading=\"lazy\" height=\"3825\" itemprop=\"image\"  src=\"https:\/\/www.europesays.com\/no\/wp-content\/uploads\/2026\/01\/ec0368a0-89b9-4936-8493-3715584c65a8.jpeg\"  style=\"object-position:0% 0%\" width=\"5737\"\/>Luke Littler og kj\u00e6resten Faith Millar.   Foto: Dave Shopland \/ AP \/ NTB<\/p>\n<p class=\"_paragraph_o9xde_4 _paragraph_xtcu6_10 layout-component text-serif-m layout-normal text-serif-m layout-padded\">Searle (38) gikk opp i f\u00f8ringen da han vant det f\u00f8rste settet 3-2, men dartwonderboyen Littler slo knallhardt tilbake i de seks neste settene. <\/p>\n<p class=\"_paragraph_o9xde_4 _paragraph_xtcu6_10 layout-component text-serif-m layout-normal text-serif-m layout-padded\">\u2013 Dette er galskap. Jeg l\u00e5 under 1\u20130 og var ikke s\u00e6rlig forn\u00f8yd. Men jeg sa til meg selv at jeg skulle vinne det og det gikk, sier Littler til Sky Sports.<\/p>\n<p class=\"_paragraph_o9xde_4 _paragraph_xtcu6_10 layout-component text-serif-m layout-normal text-serif-m layout-padded\">Han synes det var et bra publikum, til tross for litt buing denne gangen ogs\u00e5.<\/p>\n<p class=\"_paragraph_o9xde_4 _paragraph_xtcu6_10 layout-component text-serif-m layout-normal text-serif-m layout-padded\">I seiersintervjuet anerkjente han ogs\u00e5 gesten til Paddy Power (arrang\u00f8ren) som gjorde logoen utydelig for \u00e5 vise st\u00f8tte til motstanderen Ryan Searle<a href=\"https:\/\/www.vg.no\/sport\/i\/ExWn25\/dart-vm-ryan-searle-om-sjelden-oeyesykdom\" data-track-element-type=\"Link\" data-track-id=\"link:ExWn25\" class=\"_link_o9xde_39\" rel=\"nofollow noopener\" target=\"_blank\">, som nylig \u00e5pnet opp om utfordringene med en sjelden \u00f8yesykdom. <\/a><\/p>\n<p class=\"_paragraph_o9xde_4 _paragraph_xtcu6_10 layout-component text-serif-m layout-normal text-serif-m layout-padded\">\u2013 Stor honn\u00f8r til Paddy Power for \u00e5 ha visket ut skiltene etter det Ryan sa, fordi han er delvis blind. Han har gjort det utrolig bra i denne turneringen. Han kan v\u00e6re stolt, sier Littler. <\/p>\n<p class=\"_paragraph_o9xde_4 _paragraph_xtcu6_10 layout-component text-serif-m layout-normal text-serif-m layout-padded\">P\u00e5 d\u00e5rlige dager sliter Searle med \u00e5 se hvor pilene lander. \u00d8yesykdommen er arvelig, og datteren er hardt rammet. Hun kan mest sannsynlig aldri kj\u00f8re bil. <\/p>\n<p><img alt=\"\" class=\"_image_qp4xg_65 layout-component layout-normal\" data-fullscreen- data-track-element-type=\"Article image fullscreen\" data-track-name=\"ImageFullscreen\" decoding=\"async\" loading=\"lazy\" height=\"1960\" itemprop=\"image\"  src=\"https:\/\/www.europesays.com\/no\/wp-content\/uploads\/2026\/01\/681ff53b-ab55-4c3f-9c79-2aab621e7a62.png\"  style=\"object-position:0% 0%\" width=\"2048\"\/><\/p>\n<p class=\"_paragraph_o9xde_4 _paragraph_xtcu6_10 layout-component text-serif-m layout-normal text-serif-m layout-padded\"><strong class=\"_strong_o9xde_25\">Grafikk:<\/strong> <a href=\"https:\/\/www.sofascore.com\/no\/darts\/match\/luke-littler-ryan-searle\/UoZbsxRod#id:15159793,tab:statistics\" class=\"_link_o9xde_39\" rel=\"nofollow noopener\" target=\"_blank\">Sofascore.com<\/a><\/p>\n<p class=\"_paragraph_o9xde_4 _paragraph_xtcu6_10 layout-component text-serif-m layout-normal text-serif-m layout-padded\">Det er f\u00f8rstemann til seks sett i semifinalen. <\/p>\n<p class=\"_paragraph_o9xde_4 _paragraph_xtcu6_10 layout-component text-serif-m layout-normal text-serif-m layout-padded\">Searle er ranket nummer 20 i verden, mens Littler er verdensener. Nederlandske Gian van Veen og skotten Gary Anderson skal gj\u00f8re opp om den andre finalebilletten. L\u00f8rdag avholdes finalen i den ikoniske arenaen Alexandra Palace.<\/p>\n<p class=\"_paragraph_o9xde_4 _paragraph_xtcu6_10 layout-component text-serif-m layout-normal text-serif-m layout-padded\">Verdensmesteren i dart i 2026 stikker av g\u00e5rde med en rekordstor premiesjekk. \u00c9n million pund, tilsvarende 13,5 millioner kroner, er dobbelt s\u00e5 mye som Littler mottok da han vant VM-tittelen i januar i fjor. <\/p>\n<p class=\"_paragraph_o9xde_4 _paragraph_xtcu6_10 layout-component text-serif-m layout-normal text-serif-m layout-padded\">Littler kom ogs\u00e5 til finalen i 2024, men tapte den gang mot Luke Humphries.<\/p>\n","protected":false},"excerpt":{"rendered":"Luke \u00abThe Nuke\u00bb Littler (18) er klar for VM-finale i dart etter at han utklasset landsmann Ryan Searle&hellip;\n","protected":false},"author":2,"featured_media":127471,"comment_status":"","ping_status":"","sticky":false,"template":"","format":"standard","meta":{"footnotes":""},"categories":[5],"tags":[20,21,10312,24,25,15,19,22,23,14804,17,18,13,30,28,29,14,16,26,27],"class_list":{"0":"post-127470","1":"post","2":"type-post","3":"status-publish","4":"format-standard","5":"has-post-thumbnail","7":"category-overskrifter","8":"tag-breaking-news","9":"tag-breakingnews","10":"tag-dart","11":"tag-featured-news","12":"tag-featurednews","13":"tag-headlines","14":"tag-hovedoppslag","15":"tag-latest-news","16":"tag-latestnews","17":"tag-luke-littler","18":"tag-main-news","19":"tag-mainnews","20":"tag-news","21":"tag-no","22":"tag-norge","23":"tag-norway","24":"tag-nyheter","25":"tag-overskrifter","26":"tag-top-stories","27":"tag-topstories"},"share_on_mastodon":{"url":"https:\/\/pubeurope.com\/@no\/115827746071538810","error":""},"_links":{"self":[{"href":"https:\/\/www.europesays.com\/no\/wp-json\/wp\/v2\/posts\/127470","targetHints":{"allow":["GET"]}}],"collection":[{"href":"https:\/\/www.europesays.com\/no\/wp-json\/wp\/v2\/posts"}],"about":[{"href":"https:\/\/www.europesays.com\/no\/wp-json\/wp\/v2\/types\/post"}],"author":[{"embeddable":true,"href":"https:\/\/www.europesays.com\/no\/wp-json\/wp\/v2\/users\/2"}],"replies":[{"embeddable":true,"href":"https:\/\/www.europesays.com\/no\/wp-json\/wp\/v2\/comments?post=127470"}],"version-history":[{"count":0,"href":"https:\/\/www.europesays.com\/no\/wp-json\/wp\/v2\/posts\/127470\/revisions"}],"wp:featuredmedia":[{"embeddable":true,"href":"https:\/\/www.europesays.com\/no\/wp-json\/wp\/v2\/media\/127471"}],"wp:attachment":[{"href":"https:\/\/www.europesays.com\/no\/wp-json\/wp\/v2\/media?parent=127470"}],"wp:term":[{"taxonomy":"category","embeddable":true,"href":"https:\/\/www.europesays.com\/no\/wp-json\/wp\/v2\/categories?post=127470"},{"taxonomy":"post_tag","embeddable":true,"href":"https:\/\/www.europesays.com\/no\/wp-json\/wp\/v2\/tags?post=127470"}],"curies":[{"name":"wp","href":"https:\/\/api.w.org\/{rel}","templated":true}]}}