{"id":127476,"date":"2026-01-02T22:05:28","date_gmt":"2026-01-02T22:05:28","guid":{"rendered":"https:\/\/www.europesays.com\/no\/127476\/"},"modified":"2026-01-02T22:05:28","modified_gmt":"2026-01-02T22:05:28","slug":"kbk-sport-rakneberg-blir-utenlandsproff","status":"publish","type":"post","link":"https:\/\/www.europesays.com\/no\/127476\/","title":{"rendered":"KBK, Sport | Rakneberg blir utenlandsproff"},"content":{"rendered":"\n<p>\u2013 Hei, Bochum! Nordmannen er her, sier Rakneberg i en video som fredag ble publisert i klubbens <a href=\"https:\/\/x.com\/VfLBochum1848eV\/status\/2007029873311879191?utm_source=sdrn%3Avg%3Aarticle%3AOkpJA3\" rel=\"nofollow\">mediekanaler.<\/a><\/p>\n<p>Tidens Krav har forel\u00f8pig ikke lykkes \u00e5 f\u00e5 en kommentar fra Rakneberg.<\/p>\n<p>Det var NTB som meldte om overgangen f\u00f8rst.<\/p>\n<p>Bochum rykket ned fra \u00f8verste niv\u00e5 i Tyskland i fjor, og ligger for \u00f8yeblikket p\u00e5 en 10. plass, etter vel halvspilt sesong.<\/p>\n<p>23-\u00e5ringen fra L\u00f8venstad p\u00e5 Romerike kom til Kristiansund fra Ull\/Kisa f\u00f8r sesongen 2022. Det f\u00f8rste \u00e5ret i Eliteserien ble han stort sett sittende p\u00e5 benken, men Rakneberg hadde en sentral rolle p\u00e5 laget da KBK spilte i 1. divisjon i 2023. Og han var stabilt god p\u00e5 venstrebacken p\u00e5 \u00f8verste niv\u00e5 b\u00e5de i 2024 og 2025.<\/p>\n<p>KBK har flere ganger fors\u00f8kt \u00e5 forlenge avtalen med venstrebacken.<\/p>\n<p>Raknebergs overgang er if\u00f8lge TV 2-ekspert Yaw Amankwah d\u00e5rlig nytt for KBK:<\/p>\n<p><a href=\"https:\/\/www.tv2.no\/sport\/bekrefter-pa-vei-til-tysk-fotball\/18424460\/\" rel=\"Follow nofollow noopener\" target=\"_blank\">\u2013 Dessverre for KBK framst\u00e5r de for \u00f8yeblikket som en av de soleklare dumpekandidatene i Eliteserien m\u00e5lt opp mot de andre lagene i ligaen, og nok en gang mister de en n\u00f8kkelspiller i overgangsvinduet, sier han til TV2.<\/a><\/p>\n<p>  <a href=\"https:\/\/www.tk.no\/5-51-1793015\" class=\"related-teaser has-image default-story-teaser article--c-eRUmMG article--c-eRUmMG-jKCPdD-design-default\" wp_automatic_readability=\"1\" rel=\"nofollow noopener\" target=\"_blank\"><\/p>\n<p>    <img decoding=\"async\" loading=\"lazy\"  src=\"https:\/\/www.europesays.com\/no\/wp-content\/uploads\/2026\/01\/NTB_cQOZmrcgNIs.jpg\" alt=\"\" class=\"brick-c-cFOWSL\" style=\"\"\/><\/p>\n<p>\n            Les ogs\u00e5<\/p>\n<p>  Ferdig i KBK: N\u00e6r ved \u00e5 signere for ny klubb<\/p>\n<p>  <\/a><\/p>\n<p>  <a href=\"https:\/\/www.tk.no\/5-51-1788333\" class=\"related-teaser has-image default-story-teaser article--c-eRUmMG article--c-eRUmMG-jKCPdD-design-default\" wp_automatic_readability=\"1\" rel=\"nofollow noopener\" target=\"_blank\"><\/p>\n<p>    For abonnenter<\/p>\n<p>    <img decoding=\"async\" loading=\"lazy\"  src=\"https:\/\/www.europesays.com\/no\/wp-content\/uploads\/2026\/01\/NTB_uJOB1MOtwVY.jpg\" alt=\"\" class=\"brick-c-cFOWSL\" style=\"\"\/><\/p>\n<p>\n            Les ogs\u00e5<\/p>\n<p>  Kan ikke si noe eksakt om n\u00e5r nye spillere kommer inn<\/p>\n<p>  <\/a><\/p>\n","protected":false},"excerpt":{"rendered":"\u2013 Hei, Bochum! Nordmannen er her, sier Rakneberg i en video som fredag ble publisert i klubbens mediekanaler.&hellip;\n","protected":false},"author":2,"featured_media":126299,"comment_status":"","ping_status":"","sticky":false,"template":"","format":"standard","meta":{"footnotes":""},"categories":[59],"tags":[36,92,3219,30,28,29,83,82,1510],"class_list":{"0":"post-127476","1":"post","2":"type-post","3":"status-publish","4":"format-standard","5":"has-post-thumbnail","7":"category-sport","8":"tag-art","9":"tag-fotball","10":"tag-kbk","11":"tag-no","12":"tag-norge","13":"tag-norway","14":"tag-sport","15":"tag-sports","16":"tag-story"},"share_on_mastodon":{"url":"https:\/\/pubeurope.com\/@no\/115827777430405569","error":""},"_links":{"self":[{"href":"https:\/\/www.europesays.com\/no\/wp-json\/wp\/v2\/posts\/127476","targetHints":{"allow":["GET"]}}],"collection":[{"href":"https:\/\/www.europesays.com\/no\/wp-json\/wp\/v2\/posts"}],"about":[{"href":"https:\/\/www.europesays.com\/no\/wp-json\/wp\/v2\/types\/post"}],"author":[{"embeddable":true,"href":"https:\/\/www.europesays.com\/no\/wp-json\/wp\/v2\/users\/2"}],"replies":[{"embeddable":true,"href":"https:\/\/www.europesays.com\/no\/wp-json\/wp\/v2\/comments?post=127476"}],"version-history":[{"count":0,"href":"https:\/\/www.europesays.com\/no\/wp-json\/wp\/v2\/posts\/127476\/revisions"}],"wp:featuredmedia":[{"embeddable":true,"href":"https:\/\/www.europesays.com\/no\/wp-json\/wp\/v2\/media\/126299"}],"wp:attachment":[{"href":"https:\/\/www.europesays.com\/no\/wp-json\/wp\/v2\/media?parent=127476"}],"wp:term":[{"taxonomy":"category","embeddable":true,"href":"https:\/\/www.europesays.com\/no\/wp-json\/wp\/v2\/categories?post=127476"},{"taxonomy":"post_tag","embeddable":true,"href":"https:\/\/www.europesays.com\/no\/wp-json\/wp\/v2\/tags?post=127476"}],"curies":[{"name":"wp","href":"https:\/\/api.w.org\/{rel}","templated":true}]}}