{"id":127477,"date":"2026-01-02T22:10:19","date_gmt":"2026-01-02T22:10:19","guid":{"rendered":"https:\/\/www.europesays.com\/no\/127477\/"},"modified":"2026-01-02T22:10:19","modified_gmt":"2026-01-02T22:10:19","slug":"nyheter-kvikne-30-40-personer-ble-evakuert-na-er-riksveg-3-apen-for-trafikk-igjen-arbeidets-rett","status":"publish","type":"post","link":"https:\/\/www.europesays.com\/no\/127477\/","title":{"rendered":"Nyheter, Kvikne | 30-40 personer ble evakuert. N\u00e5 er riksveg 3 \u00e5pen for trafikk igjen &#8211; Arbeidets Rett"},"content":{"rendered":"<ol>\n<li><a href=\"https:\/\/news.google.com\/rss\/articles\/CBMimgFBVV95cUxQN01xbGNHZy1FZEwyLTFaSEZYbFBmTnJXM1pBdWxfMEZJVDFHcndmRWhSWFg2eHowclJMWU5Sck1FbnZKNEw5X3czMXpSOTQ0eGYyRWxmTDVWWkVTVWN2NFE4M0dUaWdqUUxETXJJa0ROTlB1U182RGI0RTV6MU9ydVFnTGxhNkRTNHl5b0FXeHhxRlZXX0dfUlJn?oc=5\" target=\"_blank\" rel=\"nofollow noopener\">Nyheter, Kvikne | 30-40 personer ble evakuert. N\u00e5 er riksveg 3 \u00e5pen for trafikk igjen<\/a>&nbsp;&nbsp;Arbeidets Rett<\/li>\n<li><a href=\"https:\/\/news.google.com\/rss\/articles\/CBMisAFBVV95cUxOSXFTU2ROTzFGZGJ1bGZtTUNNNjdKcDNPbjQtNmRFeWRIUk1rQUhTUm01dWFtM3BKa2ZaSGFzUF9sei1YcWRQOGZHY2JJcU5TdC1FVmNrY1dWZ18wZE5uMjV1RWUyZUlQODAwZUpvN2RYamZnN0JtUk9rVElWbGlENkpCMGFUNXZ1SGZhOEUzUGJCMXdFVGF4eVM4M0lJZWNvTVRkcGxWOWdsLUFqd0I2eA?oc=5\" target=\"_blank\" rel=\"nofollow noopener\">Fleire m\u00e5 evakuere under t\u00f8mming av tankbil ved Kvikne langs rikskveg 3<\/a>&nbsp;&nbsp;NRK<\/li>\n<li><a href=\"https:\/\/news.google.com\/rss\/articles\/CBMipgFBVV95cUxNNzIyZTlXV1hMeV9KZ2w4NXBrVGhjWjdpckxuUXB6eXlzSUo5cEZySXVoRTcwX1J0UkdxMkV4SUZXamFVbm5odFF5bDVxMm1XbnN2UHNTQUVTQWktcWV4eUhSb0ZDVUJRT1MtTWgyQTg5Ymp1MmRSSUlmZkZDNGZsd0MtMEhmY0tQeVNGUWdDYmVGNTBNWXFSVElYeTFaWXg5ZVZlRFp3?oc=5\" target=\"_blank\" rel=\"nofollow noopener\">Kj\u00f8re til eller fra Oslo i dag? Da kan du m\u00f8te stengt vei<\/a>&nbsp;&nbsp;adressa.no<\/li>\n<li><a href=\"https:\/\/news.google.com\/rss\/articles\/CBMilgFBVV95cUxNYm9PRkE3QWx6MnlSWjFWU29mRDlvTy14TEMxeV9wMTl0N0p5Vl9EUFktY2ltdVpVT1RETkhfTjV6NVUwZFUyaFNCcjM5ZUhQZGFaU2RBdC1kbGhQdnpGZ2d6MTNldDI3UXNUVGtyOFhHSzBRLUh1dlN4MGRnRm9QMXFoVmJtbC1jb29LS1FSaHpnRFBKVFE?oc=5\" target=\"_blank\" rel=\"nofollow noopener\">Tynset, Ulykker | Riksveg 3 \u00e5pnet: Dette sier politiet om hendelsen<\/a>&nbsp;&nbsp;\u00d8stlendingen<\/li>\n<li><a href=\"https:\/\/news.google.com\/rss\/articles\/CBMi1gFBVV95cUxPblBGc0RrQmtzMzZiY3ZRbmFRZlhxbjdIOGVwVnNGNXBEbVJ4N3lsTFlvaWQ2akhlWkh3Y0MyTmo1ZmYyTDBRRmVzMWJoTDJZVE1YVTZpU01fWnZacUp2MnJJTFJ2WElJUndKMlVDSzl5dW5CQ0tneGRLbEtxcWdWTkJfcExFZ3FYVndIbTlrVTVFUFhjbXB1YnNqSnhDWDZnQWhZa1pRZFVSVVRnR2MxdHB5ZjlvR3lvWkhlVmhxRU1FMVExWXVSd0EwbmZzMERxMXhyRmZ3?oc=5\" target=\"_blank\" rel=\"nofollow noopener\">Det ble middag p\u00e5 skolekj\u00f8kkenet for de evakuerte fra Enan<\/a>&nbsp;&nbsp;Arbeidets Rett<\/li>\n<\/ol>\n","protected":false},"excerpt":{"rendered":"Nyheter, Kvikne | 30-40 personer ble evakuert. N\u00e5 er riksveg 3 \u00e5pen for trafikk igjen&nbsp;&nbsp;Arbeidets Rett Fleire m\u00e5&hellip;\n","protected":false},"author":2,"featured_media":127478,"comment_status":"","ping_status":"","sticky":false,"template":"","format":"standard","meta":{"footnotes":""},"categories":[10],"tags":[20,21,24,25,15,22,23,13,30,28,29,14,16,26,27],"class_list":{"0":"post-127477","1":"post","2":"type-post","3":"status-publish","4":"format-standard","5":"has-post-thumbnail","7":"category-norge","8":"tag-breaking-news","9":"tag-breakingnews","10":"tag-featured-news","11":"tag-featurednews","12":"tag-headlines","13":"tag-latest-news","14":"tag-latestnews","15":"tag-news","16":"tag-no","17":"tag-norge","18":"tag-norway","19":"tag-nyheter","20":"tag-overskrifter","21":"tag-top-stories","22":"tag-topstories"},"share_on_mastodon":{"url":"https:\/\/pubeurope.com\/@no\/115827797085480838","error":""},"_links":{"self":[{"href":"https:\/\/www.europesays.com\/no\/wp-json\/wp\/v2\/posts\/127477","targetHints":{"allow":["GET"]}}],"collection":[{"href":"https:\/\/www.europesays.com\/no\/wp-json\/wp\/v2\/posts"}],"about":[{"href":"https:\/\/www.europesays.com\/no\/wp-json\/wp\/v2\/types\/post"}],"author":[{"embeddable":true,"href":"https:\/\/www.europesays.com\/no\/wp-json\/wp\/v2\/users\/2"}],"replies":[{"embeddable":true,"href":"https:\/\/www.europesays.com\/no\/wp-json\/wp\/v2\/comments?post=127477"}],"version-history":[{"count":0,"href":"https:\/\/www.europesays.com\/no\/wp-json\/wp\/v2\/posts\/127477\/revisions"}],"wp:featuredmedia":[{"embeddable":true,"href":"https:\/\/www.europesays.com\/no\/wp-json\/wp\/v2\/media\/127478"}],"wp:attachment":[{"href":"https:\/\/www.europesays.com\/no\/wp-json\/wp\/v2\/media?parent=127477"}],"wp:term":[{"taxonomy":"category","embeddable":true,"href":"https:\/\/www.europesays.com\/no\/wp-json\/wp\/v2\/categories?post=127477"},{"taxonomy":"post_tag","embeddable":true,"href":"https:\/\/www.europesays.com\/no\/wp-json\/wp\/v2\/tags?post=127477"}],"curies":[{"name":"wp","href":"https:\/\/api.w.org\/{rel}","templated":true}]}}