{"id":127483,"date":"2026-01-02T22:24:10","date_gmt":"2026-01-02T22:24:10","guid":{"rendered":"https:\/\/www.europesays.com\/no\/127483\/"},"modified":"2026-01-02T22:24:10","modified_gmt":"2026-01-02T22:24:10","slug":"ulykke-pa-e18-veien-er-stengt-tonsbergs-blad","status":"publish","type":"post","link":"https:\/\/www.europesays.com\/no\/127483\/","title":{"rendered":"Ulykke p\u00e5 E18 \u2013 veien er stengt &#8211; T\u00f8nsbergs Blad"},"content":{"rendered":"<ol>\n<li><a href=\"https:\/\/news.google.com\/rss\/articles\/CBMib0FVX3lxTE0xTzJTRVBxTXZhVkRMVGhySy1FdmpxanhWN3JiOHBxYzgwWmJlSDF4UTRlNGtjZFo3b3d6ZjVraElONVFqRmVIOFNiUXBlNGtzaWxpblZwc1ZWekJ3eTBWaDZYVU9JTDZRUWFIbGNNMA?oc=5\" target=\"_blank\" rel=\"nofollow noopener\">Ulykke p\u00e5 E18 \u2013 veien er stengt<\/a>&nbsp;&nbsp;T\u00f8nsbergs Blad<\/li>\n<li><a href=\"https:\/\/news.google.com\/rss\/articles\/CBMib0FVX3lxTE12QkYwREJ5Y0Z6WkhNcG5ybDB1UWFIMFBfaG9rQ3JxcHRPRWoxQ2ppQkphZnZiazYxdi1lVVUzVFVUV01hOEMzTXdlaHp2M2R6Qm9KSXBNRTBvWHRLdDJ1bjI3M1JOcDBFcnZfZDZnbw?oc=5\" target=\"_blank\" rel=\"nofollow noopener\">Krasjet med stj\u00e5let bil p\u00e5 E18 &#8211; lange k\u00f8er<\/a>&nbsp;&nbsp;NRK<\/li>\n<li><a href=\"https:\/\/news.google.com\/rss\/articles\/CBMiiAFBVV95cUxNelNhM2N4TW13TUtuSmVHTDJPSWp2SjkzUW9XcHh6MkV3TW9TV3ktbDdnMWNYMU9zMVFSSG0tRGtaaXhfeEE1NHNDY0hlNG15dWtKREt4ekVJUU5OQzFvWVBZbmt4bzNPZTlPTGdJRVluSTlzQ3pIY1dWekhmNlkyYTZldTJQTkxv?oc=5\" target=\"_blank\" rel=\"nofollow noopener\">Ulykker og hendelser, E18 | Amy og Nicolai (10) st\u00e5r bom fast i k\u00f8en: \u2013 Ganske lei<\/a>&nbsp;&nbsp;T\u00f8nsbergs Blad<\/li>\n<li><a href=\"https:\/\/news.google.com\/rss\/articles\/CBMipgFBVV95cUxNMVRVUXQtQWxRSWVUSk1nLVdtdGN3ZDV1c3FrNEVVSE5LRmk3Y21nWmpPVW9jUkp2eFE5bzNuR3Qyenc5NnpWeTNpX25STXZTNm5UakNvVjZLM0FrNnZQcWFBWXl2QlYtaFVnZHpndU04M3cwUVFudXJQUUVDd0p2SEhvWmN0c2dUYmYyd2ljcWFJTmNVODNzWEtxS1U2OXpJZkVyRXJR?oc=5\" target=\"_blank\" rel=\"nofollow noopener\">Tunnel stengt etter trafikkulykke p\u00e5 E18 ved Horten<\/a>&nbsp;&nbsp;Aftenposten<\/li>\n<li><a href=\"https:\/\/news.google.com\/rss\/articles\/CBMiqgFBVV95cUxPai1JX2I1bXZXSERpaWJ2a05fVVJmMWczdndCb29nSVkwQk5GaXl6bjlqRFN0aFU5TDY2S3RJYXVHQ0dIcC1Mekhqc0tyaEl2cmg4OGVMdDdzbjJmbjByV2ZNVDMydGc3MEVXODVVNmI3MTM4bjJ4ZkZFZGxBZWRrcUw2eUZ0OGdLZmQzZ1plbGdya0NSczVUbG1oOEFMMExoNFAtcFIyVnIzUQ?oc=5\" target=\"_blank\" rel=\"nofollow noopener\">Etterforsker ulykke: Elleve biler var involvert<\/a>&nbsp;&nbsp;Dagbladet<\/li>\n<\/ol>\n","protected":false},"excerpt":{"rendered":"Ulykke p\u00e5 E18 \u2013 veien er stengt&nbsp;&nbsp;T\u00f8nsbergs Blad Krasjet med stj\u00e5let bil p\u00e5 E18 &#8211; lange k\u00f8er&nbsp;&nbsp;NRK Ulykker&hellip;\n","protected":false},"author":2,"featured_media":127484,"comment_status":"","ping_status":"","sticky":false,"template":"","format":"standard","meta":{"footnotes":""},"categories":[10],"tags":[20,21,24,25,15,22,23,13,30,28,29,14,16,26,27],"class_list":{"0":"post-127483","1":"post","2":"type-post","3":"status-publish","4":"format-standard","5":"has-post-thumbnail","7":"category-norge","8":"tag-breaking-news","9":"tag-breakingnews","10":"tag-featured-news","11":"tag-featurednews","12":"tag-headlines","13":"tag-latest-news","14":"tag-latestnews","15":"tag-news","16":"tag-no","17":"tag-norge","18":"tag-norway","19":"tag-nyheter","20":"tag-overskrifter","21":"tag-top-stories","22":"tag-topstories"},"share_on_mastodon":{"url":"https:\/\/pubeurope.com\/@no\/115827852119541952","error":""},"_links":{"self":[{"href":"https:\/\/www.europesays.com\/no\/wp-json\/wp\/v2\/posts\/127483","targetHints":{"allow":["GET"]}}],"collection":[{"href":"https:\/\/www.europesays.com\/no\/wp-json\/wp\/v2\/posts"}],"about":[{"href":"https:\/\/www.europesays.com\/no\/wp-json\/wp\/v2\/types\/post"}],"author":[{"embeddable":true,"href":"https:\/\/www.europesays.com\/no\/wp-json\/wp\/v2\/users\/2"}],"replies":[{"embeddable":true,"href":"https:\/\/www.europesays.com\/no\/wp-json\/wp\/v2\/comments?post=127483"}],"version-history":[{"count":0,"href":"https:\/\/www.europesays.com\/no\/wp-json\/wp\/v2\/posts\/127483\/revisions"}],"wp:featuredmedia":[{"embeddable":true,"href":"https:\/\/www.europesays.com\/no\/wp-json\/wp\/v2\/media\/127484"}],"wp:attachment":[{"href":"https:\/\/www.europesays.com\/no\/wp-json\/wp\/v2\/media?parent=127483"}],"wp:term":[{"taxonomy":"category","embeddable":true,"href":"https:\/\/www.europesays.com\/no\/wp-json\/wp\/v2\/categories?post=127483"},{"taxonomy":"post_tag","embeddable":true,"href":"https:\/\/www.europesays.com\/no\/wp-json\/wp\/v2\/tags?post=127483"}],"curies":[{"name":"wp","href":"https:\/\/api.w.org\/{rel}","templated":true}]}}