{"id":12750,"date":"2025-08-20T01:41:10","date_gmt":"2025-08-20T01:41:10","guid":{"rendered":"https:\/\/www.europesays.com\/no\/12750\/"},"modified":"2025-08-20T01:41:10","modified_gmt":"2025-08-20T01:41:10","slug":"mote-mellom-putin-og-zelenskyj","status":"publish","type":"post","link":"https:\/\/www.europesays.com\/no\/12750\/","title":{"rendered":"M\u00f8te mellom Putin og Zelenskyj"},"content":{"rendered":"\n<ul class=\"_list_1bvmi_3 _list_1flq1_85 _unordered_1bvmi_99 text-sans-m\">\n<li class=\"_item_1bvmi_30\">Sveits tilbyr Putin immunitet mot rettsforf\u00f8lgelse for \u00e5 f\u00e5 ham til en Ukraina-fredskonferanse, noe Macron st\u00f8tter.<\/li>\n<li class=\"_item_1bvmi_30\">Putin skal ha foresl\u00e5tt m\u00f8te i Moskva, men Zelenskyj sa \u00abnei\u00bb.<\/li>\n<li class=\"_item_1bvmi_30\">Merz tror m\u00f8tet kan skje innen to uker; Aas kaller det \u00abradikalt\u00bb og sier Trump er avgj\u00f8rende for fremdrift.<\/li>\n<\/ul>\n<p>Vis mer <\/p>\n<p class=\"_paragraph_1bvmi_4 _paragraph_xtcu6_10 layout-component text-serif-m layout-normal text-serif-m layout-padded\">Med alpetopper og speilblanke innsj\u00f8er: Sveits tilbyr seg \u00e5 v\u00e6re vertskap for det som kan bli krigens viktigste samtaler s\u00e5 langt.<\/p>\n<p class=\"_paragraph_1bvmi_4 _paragraph_xtcu6_10 layout-component text-serif-m layout-normal text-serif-m layout-padded\">N\u00f8ytralitetslandet har tilbudt seg \u00e5 <a href=\"https:\/\/www.vg.no\/nyheter\/i\/932apq\/toppmoete-mellom-trump-og-zelenskyj?pinnedEntry=59575\" data-track-element-type=\"Link\" data-track-id=\"link:932apq\" class=\"_link_1bvmi_39\" rel=\"nofollow noopener\" target=\"_blank\">gi Putin immunitet<\/a> mot rettsforf\u00f8lgelse hvis han blir med p\u00e5 en fredskonferanse om Ukraina.<\/p>\n<p class=\"_paragraph_1bvmi_4 _paragraph_xtcu6_10 layout-component text-serif-m layout-normal text-serif-m layout-padded\">Til tross for at Putin er <a href=\"https:\/\/www.vg.no\/nyheter\/i\/on104m\/anklager-putin-for-barnebortfoering\" data-track-element-type=\"Link\" data-track-id=\"link:on104m\" class=\"_link_1bvmi_39\" rel=\"nofollow noopener\" target=\"_blank\">etters\u00f8kt av Den internasjonale straffedomstolen (ICC)<\/a> for bortf\u00f8ring av ukrainske barn, f\u00e5r forslaget st\u00f8tte av blant annet Frankrikes president Emmanuel Macron.<\/p>\n<p><img alt=\"Zelenskyj, Macron og Putin sammen i Paris tilbake i 2019.  Foto: ALEXEY NIKOLSKY \/ AFP \/ NTB\" class=\"_image_qp4xg_65 layout-component layout-normal\" data-fullscreen- data-track-element-type=\"Article image fullscreen\" data-track-name=\"ImageFullscreen\" decoding=\"async\" loading=\"lazy\" height=\"1754\" itemprop=\"image\"  src=\"https:\/\/www.europesays.com\/no\/wp-content\/uploads\/2025\/08\/9d1494f0-0d41-47ab-bb8f-ef4d08b55ee3\"  style=\"object-position:0% 0%\" width=\"2485\"\/>Zelenskyj, Macron og Putin sammen i Paris tilbake i 2019.  Foto: ALEXEY NIKOLSKY \/ AFP \/ NTB<\/p>\n<p class=\"_paragraph_1bvmi_4 _paragraph_xtcu6_10 layout-component text-serif-m layout-normal text-serif-m layout-padded\">\u2013 Det m\u00e5 bli et n\u00f8ytralt land, s\u00e5 kanskje Sveits. Jeg foresl\u00e5r Gen\u00e8ve eller et annet land, sa Macron til <a href=\"https:\/\/www.bfmtv.com\/international\/europe\/ukraine\/direct-guerre-en-ukraine-apres-le-sommet-a-washington-vers-une-rencontre-prochaine-entre-vladimir-poutine-et-volodymyr-zelensky_LN-202508190068.html#article_415014\" class=\"_link_1bvmi_39\" rel=\"nofollow noopener\" target=\"_blank\">fransk TV<\/a>, som foretrekker at samtalene skal holdes i Europa.<\/p>\n<p class=\"_paragraph_1bvmi_4 _paragraph_xtcu6_10 layout-component text-serif-m layout-normal text-serif-m layout-padded\">Putin, p\u00e5 den andre siden, skal ha foresl\u00e5tt \u00e5 m\u00f8te Zelenskyj i Moskva. Det skriver <a href=\"https:\/\/www.bfmtv.com\/international\/europe\/ukraine\/guerre-en-ukraine-vladimir-poutine-a-propose-a-donald-trump-de-rencontrer-volodymyr-zelensky-a-moscou_AN-202508190401.html\" class=\"_link_1bvmi_39\" rel=\"nofollow noopener\" target=\"_blank\">AFP<\/a> som siterer anonyme kilder \u00abtett p\u00e5 samtalene\u00bb.<\/p>\n<p class=\"_paragraph_1bvmi_4 _paragraph_xtcu6_10 layout-component text-serif-m layout-normal text-serif-m layout-padded\">\u00abNei\u00bb, var svaret fra ukrainas president.<\/p>\n<p><img alt=\"Foto: ANDREW CABALLERO-REYNOLDS \/ AFP \/ NTB\" class=\"_image_qp4xg_65 layout-component layout-normal\" data-fullscreen- data-track-element-type=\"Article image fullscreen\" data-track-name=\"ImageFullscreen\" decoding=\"async\" loading=\"lazy\" height=\"5152\" itemprop=\"image\"  src=\"https:\/\/www.europesays.com\/no\/wp-content\/uploads\/2025\/08\/1d5e27eb-663b-4924-ac50-ce37bc674f40\"  style=\"object-position:0% 0%\" width=\"7727\"\/>Foto: ANDREW CABALLERO-REYNOLDS \/ AFP \/ NTB<\/p>\n<p class=\"_paragraph_1bvmi_4 _paragraph_xtcu6_10 layout-component text-serif-m layout-normal text-serif-m layout-padded\">If\u00f8lge Tysklands forbundskansler Friedrich Merz kan m\u00f8te mellom Putin og Zelenskyj skje innen to uker.<\/p>\n<p class=\"_paragraph_1bvmi_4 _paragraph_xtcu6_10 layout-component text-serif-m layout-normal text-serif-m layout-padded\"><strong class=\"_strong_1bvmi_25\">\u00abRadikalt\u00bb, er K\u00e5re Aas sin reaksjon p\u00e5 Merz sin uttalelse.<\/strong><\/p>\n<p class=\"_paragraph_1bvmi_4 _paragraph_xtcu6_10 layout-component text-serif-m layout-normal text-serif-m layout-padded\">Den tidligere diplomaten og USA-ambassad\u00f8ren mener vi m\u00e5 ha is i magen enn s\u00e5 lenge.<\/p>\n<p class=\"_paragraph_1bvmi_4 _paragraph_xtcu6_10 layout-component text-serif-m layout-normal text-serif-m layout-padded\">\u2013 Med mindre det er en offisiell kunngj\u00f8ring fra russisk side om at Putin m\u00f8ter Zelenskyj, m\u00e5 vi se an om det blir et m\u00f8te, sier Aas til VG.<\/p>\n<p><img decoding=\"async\" alt=\"Bilde av K\u00e5re R. Aas\" class=\"_image_ygndg_42\" height=\"60\" itemprop=\"image\" loading=\"lazy\"  src=\"https:\/\/www.europesays.com\/no\/wp-content\/uploads\/2025\/08\/acd6eb8e-db8d-4495-9885-f1ba68f020b6\"  width=\"40\"\/><strong class=\"_name_ygndg_51 title-serif-xs\">K\u00e5re R. Aas<\/strong><\/p>\n<p class=\"_paragraph_1bvmi_4 text-sans-m _description_ygndg_56\">spesialr\u00e5dgiver i Kruse Larsen, tidligere ambassad\u00f8r til USA, Israel og Afghanistan<\/p>\n<p class=\"_paragraph_1bvmi_4 _paragraph_xtcu6_10 layout-component text-serif-m layout-normal text-serif-m layout-padded\">Han peker p\u00e5 at Putin selv flere ganger har sagt at han ikke vil m\u00f8te Zelenskyj, som Putin tidligere har hevdet ikke representerer det ukrainske folk, og som leder et \u00ab<a href=\"https:\/\/edition.cnn.com\/videos\/tv\/2022\/05\/03\/exp-tsr-todd-lavrov-calls-zelensky-a-nazi-even-though-he-is-jewish.cnn\" class=\"_link_1bvmi_39\" rel=\"nofollow noopener\" target=\"_blank\">nazistisk regime<\/a>\u00bb. <\/p>\n<p class=\"_paragraph_1bvmi_4 _paragraph_xtcu6_10 layout-component text-serif-m layout-normal text-serif-m layout-padded\">Dersom m\u00f8tet likevel blir en realitet, vil v\u00e6re det et viktig signal.<\/p>\n<p class=\"_paragraph_1bvmi_4 _paragraph_xtcu6_10 layout-component text-serif-m layout-normal text-serif-m layout-padded\">\u2013 Det vil v\u00e6re uttrykk for en reell vilje hos partene for \u00e5 se om man klarer \u00e5 komme frem til en fredsl\u00f8sning, sier Aas.<\/p>\n<p>Trumps rolle<\/p>\n<p class=\"_paragraph_1bvmi_4 _paragraph_xtcu6_10 layout-component text-serif-m layout-normal text-serif-m layout-padded\">Trump har tilrettelagt for at Putin og Zelenskyj m\u00f8ter hverandre alene i f\u00f8rste omgang. Deretter, hvis de \u00f8nsker, vil han arrangere et nytt m\u00f8te der han personlig vil delta.<\/p>\n<p class=\"_paragraph_1bvmi_4 _paragraph_xtcu6_10 layout-component text-serif-m layout-normal text-serif-m layout-padded\">Aas tror ikke Zelenskyj og Putin klarer \u00e5 ha noe fremdrift i samtalene med mindre Trump er til stede.<\/p>\n<p class=\"_paragraph_1bvmi_4 _paragraph_xtcu6_10 layout-component text-serif-m layout-normal text-serif-m layout-padded\">For selv om den amerikanske presidentens diplomatstil er utradisjonell, er den effektiv, if\u00f8lge Aas.<\/p>\n<p class=\"_paragraph_1bvmi_4 _paragraph_xtcu6_10 layout-component text-serif-m layout-normal text-serif-m layout-padded\">\u2013 Alt som har skjedd siden m\u00f8te mellom Putin og Trump er ikke helt i henhold til boken. Men det som er klart etter m\u00f8te mellom Zelenskyj og Trump p\u00e5 mandag, er at Trump skj\u00f8nner hva han driver med. Han har en plan.<\/p>\n<p class=\"_paragraph_1bvmi_4 _paragraph_xtcu6_10 layout-component text-serif-m layout-normal text-serif-m layout-padded\">\u2013 Man snakker mer om fred i dag enn p\u00e5 lenge?<\/p>\n<p class=\"_paragraph_1bvmi_4 _paragraph_xtcu6_10 layout-component text-serif-m layout-normal text-serif-m layout-padded\">\u2013 Trump er dyktig, synes jeg. Han har klart \u00e5 bevege samtalene fremover. Det er takket v\u00e6re han, ingen andre.<\/p>\n<p><img alt=\"Foto: [HANDOUT, SARAH MEYSSONNIER, ILYA PITALEV] \/ AFP \/ NTB\" class=\"_image_qp4xg_65 layout-component layout-normal\" data-fullscreen- data-track-element-type=\"Article image fullscreen\" data-track-name=\"ImageFullscreen\" decoding=\"async\" loading=\"lazy\" height=\"2400\" itemprop=\"image\"  src=\"https:\/\/www.europesays.com\/no\/wp-content\/uploads\/2025\/08\/7ee34673-92ed-4fe9-b9c4-8fa17ddb225c\"  style=\"object-position:0% 0%\" width=\"4500\"\/>Foto: [HANDOUT, SARAH MEYSSONNIER, ILYA PITALEV] \/ AFP \/ NTB<\/p>\n<p class=\"_paragraph_1bvmi_4 _paragraph_xtcu6_10 layout-component text-serif-m layout-normal text-serif-m layout-padded\">Ogs\u00e5 Ungarn trekkes frem som et mulig vertskapsland for samtalene, if\u00f8lge en kilde i den amerikanske administrasjonen til <a href=\"https:\/\/www.reuters.com\/business\/aerospace-defense\/us-would-help-assure-ukraines-security-peace-deal-trump-tells-zelenskiy-2025-08-19\/\" class=\"_link_1bvmi_39\" rel=\"nofollow noopener\" target=\"_blank\">Reuters<\/a>. Allerede i juli <a href=\"https:\/\/www.azernews.az\/region\/245183.html\" class=\"_link_1bvmi_39\" rel=\"nofollow noopener\" target=\"_blank\">tilb\u00f8d Tyrkias president<\/a> sitt land som arena.<\/p>\n<p class=\"_paragraph_1bvmi_4 _paragraph_xtcu6_10 layout-component text-serif-m layout-normal text-serif-m layout-padded\">Men glem Sveits, Ungarn, Tyrkia \u2013 og resten av verden, forel\u00f8pig. For det avgj\u00f8rende er ikke hvor m\u00f8tet finner sted, men om det i det hele tatt blir noe av, if\u00f8lge Aas.<\/p>\n<p class=\"_paragraph_1bvmi_4 _paragraph_xtcu6_10 layout-component text-serif-m layout-normal text-serif-m layout-padded\">\u2013 Det blir ikke noe m\u00f8te mellom de to med mindre deres r\u00e5dgivere og n\u00e6rmeste medarbeidere har snakket sammen, sier Aas.<\/p>\n<p class=\"_paragraph_1bvmi_4 _paragraph_xtcu6_10 layout-component text-serif-m layout-normal text-serif-m layout-padded\">Han advarer samtidig mot \u00e5 lese for mye inn i de russiske signalene.<\/p>\n<p class=\"_paragraph_1bvmi_4 _paragraph_xtcu6_10 layout-component text-serif-m layout-normal text-serif-m layout-padded\">\u2013 Jeg tror at vi m\u00e5 se p\u00e5 det med en klype salt. Hvis det er s\u00e5nn at m\u00f8tet bekreftes, s\u00e5 vil jeg si at det har skjedd fundamentale endringer p\u00e5 russisk side og hos Putin, som vil v\u00e6re utelukkende positivt for muligheten \u00e5 f\u00e5 til en fredsavtale.<\/p>\n","protected":false},"excerpt":{"rendered":"Sveits tilbyr Putin immunitet mot rettsforf\u00f8lgelse for \u00e5 f\u00e5 ham til en Ukraina-fredskonferanse, noe Macron st\u00f8tter. Putin skal&hellip;\n","protected":false},"author":2,"featured_media":12751,"comment_status":"","ping_status":"","sticky":false,"template":"","format":"standard","meta":{"footnotes":""},"categories":[12],"tags":[20,21,24,25,15,179,22,23,13,30,28,29,14,16,188,26,27,489,42,186,488,43,44,45],"class_list":{"0":"post-12750","1":"post","2":"type-post","3":"status-publish","4":"format-standard","5":"has-post-thumbnail","7":"category-verden","8":"tag-breaking-news","9":"tag-breakingnews","10":"tag-featured-news","11":"tag-featurednews","12":"tag-headlines","13":"tag-krigen-i-ukraina","14":"tag-latest-news","15":"tag-latestnews","16":"tag-news","17":"tag-no","18":"tag-norge","19":"tag-norway","20":"tag-nyheter","21":"tag-overskrifter","22":"tag-russland","23":"tag-top-stories","24":"tag-topstories","25":"tag-ukraina","26":"tag-verden","27":"tag-vladimir-putin","28":"tag-volodymyr-zelenskyj","29":"tag-world","30":"tag-world-news","31":"tag-worldnews"},"share_on_mastodon":{"url":"","error":""},"_links":{"self":[{"href":"https:\/\/www.europesays.com\/no\/wp-json\/wp\/v2\/posts\/12750","targetHints":{"allow":["GET"]}}],"collection":[{"href":"https:\/\/www.europesays.com\/no\/wp-json\/wp\/v2\/posts"}],"about":[{"href":"https:\/\/www.europesays.com\/no\/wp-json\/wp\/v2\/types\/post"}],"author":[{"embeddable":true,"href":"https:\/\/www.europesays.com\/no\/wp-json\/wp\/v2\/users\/2"}],"replies":[{"embeddable":true,"href":"https:\/\/www.europesays.com\/no\/wp-json\/wp\/v2\/comments?post=12750"}],"version-history":[{"count":0,"href":"https:\/\/www.europesays.com\/no\/wp-json\/wp\/v2\/posts\/12750\/revisions"}],"wp:featuredmedia":[{"embeddable":true,"href":"https:\/\/www.europesays.com\/no\/wp-json\/wp\/v2\/media\/12751"}],"wp:attachment":[{"href":"https:\/\/www.europesays.com\/no\/wp-json\/wp\/v2\/media?parent=12750"}],"wp:term":[{"taxonomy":"category","embeddable":true,"href":"https:\/\/www.europesays.com\/no\/wp-json\/wp\/v2\/categories?post=12750"},{"taxonomy":"post_tag","embeddable":true,"href":"https:\/\/www.europesays.com\/no\/wp-json\/wp\/v2\/tags?post=12750"}],"curies":[{"name":"wp","href":"https:\/\/api.w.org\/{rel}","templated":true}]}}