{"id":127518,"date":"2026-01-02T23:29:19","date_gmt":"2026-01-02T23:29:19","guid":{"rendered":"https:\/\/www.europesays.com\/no\/127518\/"},"modified":"2026-01-02T23:29:19","modified_gmt":"2026-01-02T23:29:19","slug":"zelenskyj-vil-bytte-forsvarsminister","status":"publish","type":"post","link":"https:\/\/www.europesays.com\/no\/127518\/","title":{"rendered":"Zelenskyj vil bytte forsvarsminister"},"content":{"rendered":"\n<p class=\"_lead_o9xde_2 _lead_xtcu6_50 layout-component text-serif-m layout-normal text-serif-l layout-component layout-wide layout-padded _wide_17hqh_1 layout-padded\">Ukrainas president foresl\u00e5r digitaliseringsminister Mykhailo Fedorov (34) som ny forsvarsminister.<\/p>\n<p><img alt=\" Foto: Fredrik Sandberg\/TT \/ TT Nyhetsbyr\u00e5n \/ NTB\" class=\"_image_qp4xg_65 layout-component layout-wide\" data-fullscreen- data-track-element-type=\"Article image fullscreen\" data-track-name=\"ImageFullscreen\" fetchpriority=\"high\" decoding=\"sync\" loading=\"eager\" height=\"3840\" itemprop=\"image\"  src=\"https:\/\/www.europesays.com\/no\/wp-content\/uploads\/2026\/01\/b57c8208-4646-4717-84e3-36b16c7d8f44.jpeg\"  style=\"object-position:0% 0%\" width=\"5760\"\/> Foto: Fredrik Sandberg\/TT \/ TT Nyhetsbyr\u00e5n \/ NTB<\/p>\n<ul aria-hidden=\"true\" class=\"_images_ntbth_112\">\n<li><a class=\"_link_ntbth_117\" href=\"https:\/\/www.vg.no\/forfatter\/ntb\" style=\"z-index:1\" title=\"NTB\" rel=\"nofollow noopener\" target=\"_blank\"><img alt=\"Bilde av NTB\" class=\"_image_ntbth_93\" fetchpriority=\"low\" loading=\"lazy\" decoding=\"async\" itemprop=\"image\"  src=\"https:\/\/www.europesays.com\/no\/wp-content\/uploads\/2026\/01\/1767396558_462_c33980b0-5d07-4027-84a1-813f90a7c8d6.png\"  width=\"480\"\/><\/a><\/li>\n<\/ul>\n<p> Oppdatert fredag 2. januar kl. 21:37     <\/p>\n<p class=\"_paragraph_o9xde_4 _paragraph_xtcu6_10 layout-component text-serif-m layout-normal text-serif-m layout-padded\">\u2013 Jeg har bestemt meg for \u00e5 endre strukturen i Ukrainas forsvarsdepartement, sa Zelenskyj i sin daglige videotale i sosiale medier fredag.<\/p>\n<p class=\"_paragraph_o9xde_4 _paragraph_xtcu6_10 layout-component text-serif-m layout-normal text-serif-m layout-padded\">\u2013 Jeg har tilbudt Mykhajlo Fedorov stillingen som ny ukrainsk forsvarsminister, fortsetter han.<\/p>\n<p class=\"_paragraph_o9xde_4 _paragraph_xtcu6_10 layout-component text-serif-m layout-normal text-serif-m layout-padded\">I tillegg til \u00e5 v\u00e6re digitaliseringsminister, er Fedorov ogs\u00e5 f\u00f8rste visestatsminister.<\/p>\n<p><img alt=\"Mykhajlo Fedorov.  Foto: Anna Voitenko \/ Reuters \/ NTB\" class=\"_image_qp4xg_65 layout-component layout-normal\" data-fullscreen- data-track-element-type=\"Article image fullscreen\" data-track-name=\"ImageFullscreen\" decoding=\"async\" loading=\"lazy\" height=\"3085\" itemprop=\"image\"  src=\"https:\/\/www.europesays.com\/no\/wp-content\/uploads\/2026\/01\/45f4724a-a7e6-4b5a-998f-64a2810c54d1.jpeg\"  style=\"object-position:0% 0%\" width=\"4185\"\/>Mykhajlo Fedorov.  Foto: Anna Voitenko \/ Reuters \/ NTB<\/p>\n<p class=\"_paragraph_o9xde_4 _paragraph_xtcu6_10 layout-component text-serif-m layout-normal text-serif-m layout-padded\">Zelenskyj sier Sjmyhal har vist gode resultater som minister og at han blir tilbudt en ny regjeringspost.<\/p>\n<p>Etterretningssjef blir stabssjef<\/p>\n<p class=\"_paragraph_o9xde_4 _paragraph_xtcu6_10 layout-component text-serif-m layout-normal text-serif-m layout-padded\">Sjmyhal var statsminister fra 2020 til i fjor sommer, da han tok over som forsvarsminister for Rustem Umerov. <\/p>\n<p class=\"_paragraph_o9xde_4 _paragraph_xtcu6_10 layout-component text-serif-m layout-normal text-serif-m layout-padded\">Sistnevnte tiltr\u00e5dte da som leder for Ukrainas sikkerhets- og forsvarsr\u00e5d.<\/p>\n<p><img alt=\"Denys Sjmyhal\u00a0 byttes n\u00e5 ut som forsvarsminister.  Foto: Fredrik Varfjell \/ NTB\" class=\"_image_qp4xg_65 layout-component layout-normal\" data-fullscreen- data-track-element-type=\"Article image fullscreen\" data-track-name=\"ImageFullscreen\" decoding=\"async\" loading=\"lazy\" height=\"4760\" itemprop=\"image\"  src=\"https:\/\/www.europesays.com\/no\/wp-content\/uploads\/2026\/01\/a164e970-83b5-4eb5-a016-dca8ead15ffb.jpeg\"  style=\"object-position:0% 0%\" width=\"7136\"\/>Denys Sjmyhal\u00a0 byttes n\u00e5 ut som forsvarsminister.  Foto: Fredrik Varfjell \/ NTB<\/p>\n<p class=\"_paragraph_o9xde_4 _paragraph_xtcu6_10 layout-component text-serif-m layout-normal text-serif-m layout-padded\">Tidligere fredag utnevnte Zelenskyj en ny stabssjef. Etterretningssjef Kyrylo Budanov tar over etter Andrij Jermaks skandalepregede avgang i november.<\/p>\n<p class=\"_paragraph_o9xde_4 _paragraph_xtcu6_10 layout-component text-serif-m layout-normal text-serif-m layout-padded\">Budanov har siden 2020 v\u00e6rt sjef for Ukrainas milit\u00e6re etterretning (HUR). Fredag ble det ogs\u00e5 klart at sjefen for utenlandsetterretningen, Oleh Ivatsjenko, tar over Budanovs jobb som leder for HUR.<\/p>\n<p>Taper terreng<\/p>\n<p class=\"_paragraph_o9xde_4 _paragraph_xtcu6_10 layout-component text-serif-m layout-normal text-serif-m layout-padded\">Endringene i Zelenskyjs regjering kommer p\u00e5 det som regnes som en sv\u00e6rt kritisk periode for Ukraina.<\/p>\n<p class=\"_paragraph_o9xde_4 _paragraph_xtcu6_10 layout-component text-serif-m layout-normal text-serif-m layout-padded\">Zelenskyj sa onsdag at en amerikansk-forhandlet avtale om \u00e5 avslutte krigen er 90 prosent fullf\u00f8rt.<\/p>\n<p class=\"_paragraph_o9xde_4 _paragraph_xtcu6_10 layout-component text-serif-m layout-normal text-serif-m layout-padded\">De russiske invasjonsstyrkene har fortsatt \u00e5 ta nytt terreng i Ukraina samtidig som de USA-ledede fredssamtalene ble innledet i fjor. S\u00e6rlig i november var Russlands fremrykning betydelig.<\/p>\n<p class=\"_paragraph_o9xde_4 _paragraph_xtcu6_10 layout-component text-serif-m layout-normal text-serif-m layout-padded\">I 2025 erobret den russiske h\u00e6ren over 5600 kvadratkilometer av ukrainsk territorium, if\u00f8lge en analyse som nyhetsbyr\u00e5et AFP har gjort av data fra Institute for the Study of War (ISW), som samarbeider med Critical Threats Project.<\/p>\n<p class=\"_paragraph_o9xde_4 _paragraph_xtcu6_10 layout-component text-serif-m layout-normal text-serif-m layout-padded\">Det tilsvarer 0,94 prosent av Ukrainas territorium og er mer land enn Russland erobret i hele 2023 og 2024. Samtidig er det langt mindre enn territoriet p\u00e5 60.000 kvadratkilometer som russerne tok kontroll over i invasjonens f\u00f8rste \u00e5r, 2022.<\/p>\n","protected":false},"excerpt":{"rendered":"Ukrainas president foresl\u00e5r digitaliseringsminister Mykhailo Fedorov (34) som ny forsvarsminister. Foto: Fredrik Sandberg\/TT \/ TT Nyhetsbyr\u00e5n \/ NTB&hellip;\n","protected":false},"author":2,"featured_media":127519,"comment_status":"","ping_status":"","sticky":false,"template":"","format":"standard","meta":{"footnotes":""},"categories":[5],"tags":[31,20,21,24,25,15,19,22,23,17,18,13,30,28,29,14,16,26,27],"class_list":{"0":"post-127518","1":"post","2":"type-post","3":"status-publish","4":"format-standard","5":"has-post-thumbnail","7":"category-overskrifter","8":"tag-breaking","9":"tag-breaking-news","10":"tag-breakingnews","11":"tag-featured-news","12":"tag-featurednews","13":"tag-headlines","14":"tag-hovedoppslag","15":"tag-latest-news","16":"tag-latestnews","17":"tag-main-news","18":"tag-mainnews","19":"tag-news","20":"tag-no","21":"tag-norge","22":"tag-norway","23":"tag-nyheter","24":"tag-overskrifter","25":"tag-top-stories","26":"tag-topstories"},"share_on_mastodon":{"url":"https:\/\/pubeurope.com\/@no\/115828107791053479","error":""},"_links":{"self":[{"href":"https:\/\/www.europesays.com\/no\/wp-json\/wp\/v2\/posts\/127518","targetHints":{"allow":["GET"]}}],"collection":[{"href":"https:\/\/www.europesays.com\/no\/wp-json\/wp\/v2\/posts"}],"about":[{"href":"https:\/\/www.europesays.com\/no\/wp-json\/wp\/v2\/types\/post"}],"author":[{"embeddable":true,"href":"https:\/\/www.europesays.com\/no\/wp-json\/wp\/v2\/users\/2"}],"replies":[{"embeddable":true,"href":"https:\/\/www.europesays.com\/no\/wp-json\/wp\/v2\/comments?post=127518"}],"version-history":[{"count":0,"href":"https:\/\/www.europesays.com\/no\/wp-json\/wp\/v2\/posts\/127518\/revisions"}],"wp:featuredmedia":[{"embeddable":true,"href":"https:\/\/www.europesays.com\/no\/wp-json\/wp\/v2\/media\/127519"}],"wp:attachment":[{"href":"https:\/\/www.europesays.com\/no\/wp-json\/wp\/v2\/media?parent=127518"}],"wp:term":[{"taxonomy":"category","embeddable":true,"href":"https:\/\/www.europesays.com\/no\/wp-json\/wp\/v2\/categories?post=127518"},{"taxonomy":"post_tag","embeddable":true,"href":"https:\/\/www.europesays.com\/no\/wp-json\/wp\/v2\/tags?post=127518"}],"curies":[{"name":"wp","href":"https:\/\/api.w.org\/{rel}","templated":true}]}}