{"id":127527,"date":"2026-01-03T00:02:09","date_gmt":"2026-01-03T00:02:09","guid":{"rendered":"https:\/\/www.europesays.com\/no\/127527\/"},"modified":"2026-01-03T00:02:09","modified_gmt":"2026-01-03T00:02:09","slug":"snokaos-pa-svensk-e22-passasjerer-matte-dytte-buss","status":"publish","type":"post","link":"https:\/\/www.europesays.com\/no\/127527\/","title":{"rendered":"Sn\u00f8kaos p\u00e5 svensk E22 \u2013 passasjerer m\u00e5tte dytte buss"},"content":{"rendered":"\n<p class=\"_lead_o9xde_2 _lead_xtcu6_50 layout-component text-serif-m layout-normal text-serif-l layout-component layout-wide layout-padded _wide_17hqh_1 layout-padded\">Kraftig sn\u00f8fall har skapt totalt kaos. Redningsbiler har selv satt seg fast p\u00e5 vei for \u00e5 hjelpe bilistene. <\/p>\n<p><img alt=\"Kraftig sn\u00f8fall skaper milevis med k\u00f8er p\u00e5 E22 i Sverige fredag kveld.  Foto: Suvad Mrkonjic\" class=\"_image_qp4xg_65 layout-component layout-wide\" data-fullscreen- data-track-element-type=\"Article image fullscreen\" data-track-name=\"ImageFullscreen\" fetchpriority=\"high\" decoding=\"sync\" loading=\"eager\" height=\"5504\" itemprop=\"image\"  src=\"https:\/\/www.europesays.com\/no\/wp-content\/uploads\/2026\/01\/b1ae4f54-76ef-4562-beb0-f7be92d6ab21.jpeg\"  style=\"object-position:0% 0%\" width=\"8256\"\/>Kraftig sn\u00f8fall skaper milevis med k\u00f8er p\u00e5 E22 i Sverige fredag kveld.  Foto: Suvad Mrkonjic<\/p>\n<ul aria-hidden=\"true\" class=\"_images_ntbth_112\">\n<li><a class=\"_link_ntbth_117\" href=\"https:\/\/www.vg.no\/forfatter\/hege-varsi\" style=\"z-index:1\" title=\"Hege Varsi\" rel=\"nofollow noopener\" target=\"_blank\"><img alt=\"Bilde av Hege Varsi\" class=\"_image_ntbth_93\" fetchpriority=\"low\" loading=\"lazy\" decoding=\"async\" itemprop=\"image\"  src=\"https:\/\/www.europesays.com\/no\/wp-content\/uploads\/2026\/01\/d48c09ee-ae08-4a71-8e5b-8db7c6b4f37d.png\"  width=\"480\"\/><\/a><\/li>\n<\/ul>\n<p> Oppdatert l\u00f8rdag 3. januar kl. 00:38     <\/p>\n<p class=\"_paragraph_o9xde_4 _paragraph_xtcu6_10 layout-component text-serif-m layout-normal text-serif-m layout-padded\">Det er totalt kaos p\u00e5 den svenske motorveien E22 mellom Oskarshamn og M\u00f6nster\u00e5s. Trafikken har st\u00e5tt i ro siden klokken 22 p\u00e5 grunn av kraftig sn\u00f8fall, melder <a href=\"https:\/\/www.expressen.se\/nyheter\/sverige\/kaoset-pa-e22-bjorn-sitter-fast-i-milslanga-koer-\/\" class=\"_link_o9xde_39\" rel=\"nofollow noopener\" target=\"_blank\">Expressen<\/a>.<\/p>\n<p class=\"_paragraph_o9xde_4 _paragraph_xtcu6_10 layout-component text-serif-m layout-normal text-serif-m layout-padded\">Flere av redningsetatens kj\u00f8ret\u00f8y har kj\u00f8rt seg fast i sn\u00f8en, og det har falt ned flere tr\u00e6r over veien. En beltevogn er tilkalt for \u00e5 f\u00e5 l\u00f8s kj\u00f8ret\u00f8yene.<\/p>\n<p class=\"_paragraph_o9xde_4 _paragraph_xtcu6_10 layout-component text-serif-m layout-normal text-serif-m layout-padded\">\u2013 Det er totalt kaos. Vi har brannbiler som st\u00e5r fast. Vi er ute og kj\u00f8rer med beltevogner, sier H\u00e5kan Andersson ved redningsetaten til <a href=\"https:\/\/www.aftonbladet.se\/nyheter\/a\/lnA5A7\/stormen-anna-drar-in\" class=\"_link_o9xde_39\" rel=\"nofollow noopener\" target=\"_blank\">Aftonbladet<\/a>.<\/p>\n<p class=\"_paragraph_o9xde_4 _paragraph_xtcu6_10 layout-component text-serif-m layout-normal text-serif-m layout-padded\">Bj\u00f6rn Eldst\u00e5hl har sittet fast i over en time n\u00e5r Expressen n\u00e5r ham.<\/p>\n<p class=\"_paragraph_o9xde_4 _paragraph_xtcu6_10 layout-component text-serif-m layout-normal text-serif-m layout-padded\">\u2013 Det har st\u00e5tt litt biler her og der. Det er fullt av nedfalne tr\u00e6r s\u00e5 man m\u00e5 kj\u00f8re sikksakk, sier han til avisen.<\/p>\n<p class=\"_paragraph_o9xde_4 _paragraph_xtcu6_10 layout-component text-serif-m layout-normal text-serif-m layout-padded\">K\u00f8ene p\u00e5 veien ansl\u00e5r han til \u00e5 v\u00e6re flere mil lange.<\/p>\n<p class=\"_paragraph_o9xde_4 _paragraph_xtcu6_10 layout-component text-serif-m layout-normal text-serif-m layout-padded\">\u2013 Det er ikke g\u00f8y. N\u00e5 vil man bare hjem.<\/p>\n<p class=\"_paragraph_o9xde_4 _paragraph_xtcu6_10 layout-component text-serif-m layout-normal text-serif-m layout-padded\">En bilist forteller til Aftonbladet at passasjerer m\u00e5tte g\u00e5 ut av en buss og dytte den fremover da den kj\u00f8rte seg fast.<\/p>\n<p><img alt=\"Her m\u00e5 passasjerene selv tr\u00e5 til i et fors\u00f8k p\u00e5 \u00e5 f\u00e5 l\u00f8s bussen i sn\u00f8kaoset p\u00e5 E22 i Sverige.   Foto: Suvad Mrkonjic\" class=\"_image_qp4xg_65 layout-component layout-normal\" data-fullscreen- data-track-element-type=\"Article image fullscreen\" data-track-name=\"ImageFullscreen\" decoding=\"async\" loading=\"lazy\" height=\"640\" itemprop=\"image\"  src=\"https:\/\/www.europesays.com\/no\/wp-content\/uploads\/2026\/01\/1b0a0fd1-945b-4337-baa5-bd9b3c47c02d.jpeg\"  style=\"object-position:0% 0%\" width=\"422\"\/>Her m\u00e5 passasjerene selv tr\u00e5 til i et fors\u00f8k p\u00e5 \u00e5 f\u00e5 l\u00f8s bussen i sn\u00f8kaoset p\u00e5 E22 i Sverige.   Foto: Suvad Mrkonjic<\/p>\n<p class=\"_paragraph_o9xde_4 _paragraph_xtcu6_10 layout-component text-serif-m layout-normal text-serif-m layout-padded\">\u2013 Akkurat f\u00f8r vi skulle kj\u00f8re p\u00e5 E22 igjen, s\u00e5 satte en buss seg fast foran meg. Da var det bare for passasjerene \u00e5 g\u00e5 ut og dytte p\u00e5 bussen, sier han.<\/p>\n<p class=\"_paragraph_o9xde_4 _paragraph_xtcu6_10 layout-component text-serif-m layout-normal text-serif-m layout-padded\">Det svenske meteorologiske instituttet SMHI har utstedt oransje farevarsel for kraftig sn\u00f8fall i omr\u00e5det.<\/p>\n","protected":false},"excerpt":{"rendered":"Kraftig sn\u00f8fall har skapt totalt kaos. Redningsbiler har selv satt seg fast p\u00e5 vei for \u00e5 hjelpe bilistene.&hellip;\n","protected":false},"author":2,"featured_media":127528,"comment_status":"","ping_status":"","sticky":false,"template":"","format":"standard","meta":{"footnotes":""},"categories":[12],"tags":[20,21,24,25,15,22,23,13,30,28,29,14,16,1359,26,27,553,42,46,43,44,45],"class_list":{"0":"post-127527","1":"post","2":"type-post","3":"status-publish","4":"format-standard","5":"has-post-thumbnail","7":"category-verden","8":"tag-breaking-news","9":"tag-breakingnews","10":"tag-featured-news","11":"tag-featurednews","12":"tag-headlines","13":"tag-latest-news","14":"tag-latestnews","15":"tag-news","16":"tag-no","17":"tag-norge","18":"tag-norway","19":"tag-nyheter","20":"tag-overskrifter","21":"tag-sverige","22":"tag-top-stories","23":"tag-topstories","24":"tag-vaer","25":"tag-verden","26":"tag-vgai","27":"tag-world","28":"tag-world-news","29":"tag-worldnews"},"share_on_mastodon":{"url":"https:\/\/pubeurope.com\/@no\/115828237471975703","error":""},"_links":{"self":[{"href":"https:\/\/www.europesays.com\/no\/wp-json\/wp\/v2\/posts\/127527","targetHints":{"allow":["GET"]}}],"collection":[{"href":"https:\/\/www.europesays.com\/no\/wp-json\/wp\/v2\/posts"}],"about":[{"href":"https:\/\/www.europesays.com\/no\/wp-json\/wp\/v2\/types\/post"}],"author":[{"embeddable":true,"href":"https:\/\/www.europesays.com\/no\/wp-json\/wp\/v2\/users\/2"}],"replies":[{"embeddable":true,"href":"https:\/\/www.europesays.com\/no\/wp-json\/wp\/v2\/comments?post=127527"}],"version-history":[{"count":0,"href":"https:\/\/www.europesays.com\/no\/wp-json\/wp\/v2\/posts\/127527\/revisions"}],"wp:featuredmedia":[{"embeddable":true,"href":"https:\/\/www.europesays.com\/no\/wp-json\/wp\/v2\/media\/127528"}],"wp:attachment":[{"href":"https:\/\/www.europesays.com\/no\/wp-json\/wp\/v2\/media?parent=127527"}],"wp:term":[{"taxonomy":"category","embeddable":true,"href":"https:\/\/www.europesays.com\/no\/wp-json\/wp\/v2\/categories?post=127527"},{"taxonomy":"post_tag","embeddable":true,"href":"https:\/\/www.europesays.com\/no\/wp-json\/wp\/v2\/tags?post=127527"}],"curies":[{"name":"wp","href":"https:\/\/api.w.org\/{rel}","templated":true}]}}