{"id":127529,"date":"2026-01-03T00:06:13","date_gmt":"2026-01-03T00:06:13","guid":{"rendered":"https:\/\/www.europesays.com\/no\/127529\/"},"modified":"2026-01-03T00:06:13","modified_gmt":"2026-01-03T00:06:13","slug":"kultur-og-underholdning-hver-gang-vi-motes","status":"publish","type":"post","link":"https:\/\/www.europesays.com\/no\/127529\/","title":{"rendered":"Kultur og underholdning, Hver gang vi m\u00f8tes"},"content":{"rendered":"\n<p>Sesongens f\u00f8rste artist som skal hylles er den erfarne artisten Espen Lind. Han slo gjennom p\u00e5 90-tallet og har en rik og variert karriere bak seg.<\/p>\n<p>TV 2 r\u00f8per at det blir \u00aboverraskelser, r\u00f8rende \u00f8yeblikk og gode historier\u00bb n\u00e5r Lind inviterer de andre artistene til bords p\u00e5 Thorbj\u00f8rnrud hotell p\u00e5 Jevnaker.<\/p>\n<p>   <img decoding=\"async\" width=\"1920\" height=\"1080\" fetchpriority=\"low\"  loading=\"lazy\"  src=\"https:\/\/www.europesays.com\/no\/wp-content\/uploads\/2026\/01\/Hver_gang_vi_m%C3%B8tes-2+%281%29.jpg\" alt=\"\" class=\"brick-c-cFOWSL\" style=\"--brick-image-ratio: 1920 \/ 1080;\"\/><\/p>\n<p>      GJENGEN: \u00c5tte artister gjestet Thorbj\u00f8rnrud hotell under innspillingen.<br \/>\n      Foto: TV2\n    <\/p>\n<p>  H\u00f8nefoss-linken<\/p>\n<p>Programmet ble spilt inn tidlig i h\u00f8st, og da Ringerikes Blad m\u00f8tte artistene p\u00e5 Jevnaker-hotellet i oppstarten av innspillingen, <a href=\"https:\/\/www.ringblad.no\/5-45-2110736.html\" rel=\"Follow nofollow noopener\" target=\"_blank\">hyllet Lind det musikalske teamet bak programmet. <\/a><\/p>\n<p>    Vil du se neste video?<\/p>\n<p>    <a href=\"https:\/\/www.ringblad.no\/se-video-denne-bilvasken-kostet-mer-enn-forventet\/v\/5-45-2159654\" class=\"recommend-poster\" data-adp-clicklabel=\"video-recommend\" data-adp-clickvalue=\"poster\" rel=\"nofollow noopener\" target=\"_blank\"><br \/>\n      <img decoding=\"async\" width=\"200\" height=\"200\" loading=\"lazy\" src=\"https:\/\/www.europesays.com\/no\/wp-content\/uploads\/2026\/01\/IMG_7360.JPG\" alt=\"\" class=\"brick-c-cFOWSL\" style=\"--brick-image-ratio: 200 \/ 200;\"\/><\/p>\n<p>Se video: Denne bilvasken kostet mer enn forventet0:28<\/p>\n<p>    <\/a><\/p>\n<p>        Espen Lind hadde mange lovord om musikere fra H\u00f8nefoss da vi m\u00f8tte han p\u00e5 Thorbj\u00f8rnrud Hotell under innspillingen av Hver gang vi m\u00f8tes. (TV2)<\/p>\n<p>\u2013 H\u00f8nefoss kjenner jeg prim\u00e6rt gjennom J\u00f8rn Dahl Helleseter og alle hans musikere. Han er et slags kraftsenter der, beskrev han, og skr\u00f8t av musikerne i programmet, som i stor grad er fra H\u00f8nefoss.<\/p>\n<p>   <img decoding=\"async\" width=\"8256\" height=\"5504\" fetchpriority=\"low\"  loading=\"lazy\"  src=\"https:\/\/www.europesays.com\/no\/wp-content\/uploads\/2026\/01\/Espen_Lind_+_del_1-2_1.jpg\" alt=\"\" class=\"brick-c-cFOWSL\" style=\"--brick-image-ratio: 8256 \/ 5504;\"\/><\/p>\n<p>      TVILLINGER: Marcus og Martinus Gunnarsen ble fort varm i tr\u00f8ya etter at de ankom hotellet.<br \/>\n      Foto: TV 2\n    <\/p>\n<p>Lind har jobbet med J\u00f8rn Dahl Helleseter i forskjellige varianter i mange \u00e5r.<\/p>\n<p>\u2013 Han og musikerne som han jobber med er min link til H\u00f8nefoss, fortalte Lind, som er sv\u00e6rt forn\u00f8yd med at han nok en gang f\u00e5r jobbe med dem.<\/p>\n<p>Lind trakk ogs\u00e5 fram Truls Hval og Erik Sortdal, som personer han kjenner godt fra H\u00f8nefoss&#8217; musikkbransje.<\/p>\n<p>   <img decoding=\"async\" width=\"8256\" height=\"5504\" fetchpriority=\"low\"  loading=\"lazy\"  src=\"https:\/\/www.europesays.com\/no\/wp-content\/uploads\/2026\/01\/Espen_Lind_+_del_1-10.jpg\" alt=\"\" class=\"brick-c-cFOWSL\" style=\"--brick-image-ratio: 8256 \/ 5504;\"\/><\/p>\n<p>      FULL FART: Hundekj\u00f8ring ser ut til \u00e5 falle i smak for Espen Lind.<br \/>\n      Foto: TV 2\n    <\/p>\n<p>  The Voice<\/p>\n<p>I tillegg har Lind i sin jobb som mentor i TV 2-programmet \u00abThe Voice\u00bb, m\u00f8tt mange artister i startgropen av sin karriere.<\/p>\n<p>\u2013 Jeg f\u00f8ler at hver sesong s\u00e5 har vi alltid en eller to deltakere som er bra, som viser seg \u00e5 komme fra H\u00f8nefoss, uttalte artisten, som ogs\u00e5 n\u00e5 blir \u00e5 se i mentorstolen.<\/p>\n<p>   <img decoding=\"async\" width=\"8256\" height=\"5504\" fetchpriority=\"low\"  loading=\"lazy\"  src=\"https:\/\/www.europesays.com\/no\/wp-content\/uploads\/2026\/01\/Espen_Lind_+_del_1-3_1.jpg\" alt=\"\" class=\"brick-c-cFOWSL\" style=\"--brick-image-ratio: 8256 \/ 5504;\"\/><\/p>\n<p>      FANT TONEN: De fant ikke bare den musikalske tonen da de ankom Jevnaker. Artistene ble raskt en god gjeng.<br \/>\n      Foto: TV 2\n    <\/p>\n<p>Lind har blitt spurt om \u00e5 v\u00e6re med i programmet mange ganger, men har fram til i \u00e5r takket nei.<\/p>\n<p>\u2013 Jeg har v\u00e6rt smigret over \u00e5 bli spurt, men det har aldri helt f\u00f8ltes riktig. Men n\u00e5 tenkte jeg at hvis det noen gang skal skje, s\u00e5 er det n\u00e5, sa han i h\u00f8st.<\/p>\n<p>Som perler p\u00e5 en snor<\/p>\n<p>F\u00f8rst ut er alts\u00e5 Espen Lind. Deretter er det Marit Larsens tur til \u00e5 lede an rundt bordet, f\u00f8r Marcus og Martinus Gunnarsen overtar roret.<\/p>\n<p>   <img decoding=\"async\" width=\"6726\" height=\"4484\" fetchpriority=\"low\"  loading=\"lazy\"  src=\"https:\/\/www.europesays.com\/no\/wp-content\/uploads\/2026\/01\/Hver_gang_vi_m%C3%B8tes-2.jpg\" alt=\"\" class=\"brick-c-cFOWSL\" style=\"--brick-image-ratio: 6726 \/ 4484;\"\/><\/p>\n<p>      ARTISTENE: Bak fra venstre: Synne Vo, Espen Lind, Musti Ugbad Mustafa Yusuf Noor,  Andr\u00e9 Jensen og Marcus Gunnarsen. Foran fra venstre: Herborg Kr\u00e5kevik, Marit Larsen og Martinus Gunnarsen.<br \/>\n      Foto: TV2\n    <\/p>\n<p>Etter tvillingene er det Herborg Kr\u00e5keviks tur. Deretter kommer Synne Vo, Musti Ugbad Mustafa Yusuf Noor og Andr\u00e9 Jensen.<\/p>\n<p>   <img decoding=\"async\" width=\"8256\" height=\"5504\" fetchpriority=\"low\"  loading=\"lazy\"  src=\"https:\/\/www.europesays.com\/no\/wp-content\/uploads\/2026\/01\/Espen_Lind_+_del_1-9.jpg\" alt=\"\" class=\"brick-c-cFOWSL\" style=\"--brick-image-ratio: 8256 \/ 5504;\"\/><\/p>\n<p>      MATLAGING: Skal Marcus og Martinus lage mat p\u00e5 skjermen?<br \/>\n      Foto: TV 2\n    <\/p>\n<p>  <a href=\"https:\/\/www.ringblad.no\/5-45-2115818\" class=\"related-teaser has-image default-story-teaser article--c-eRUmMG article--c-eRUmMG-jKCPdD-design-default\" rel=\"nofollow noopener\" target=\"_blank\"><\/p>\n<p>    <img decoding=\"async\" loading=\"lazy\"  src=\"https:\/\/www.europesays.com\/no\/wp-content\/uploads\/2025\/11\/IMG_8980.jpg\" alt=\"\" class=\"brick-c-cFOWSL\" style=\"\"\/><\/p>\n<p>\n            Les ogs\u00e5<\/p>\n<p>              Les alle \u00abHver gang vi m\u00f8tes\u00bb-sakene v\u00e5re\n        <\/p>\n<p>  <\/a><\/p>\n","protected":false},"excerpt":{"rendered":"Sesongens f\u00f8rste artist som skal hylles er den erfarne artisten Espen Lind. Han slo gjennom p\u00e5 90-tallet og&hellip;\n","protected":false},"author":2,"featured_media":127530,"comment_status":"","ping_status":"","sticky":false,"template":"","format":"standard","meta":{"footnotes":""},"categories":[58],"tags":[36,71,3445,1972,955,30,28,29,1510,14484,72],"class_list":{"0":"post-127529","1":"post","2":"type-post","3":"status-publish","4":"format-standard","5":"has-post-thumbnail","7":"category-underholdning","8":"tag-art","9":"tag-entertainment","10":"tag-hver-gang-vi-motes","11":"tag-jevnaker","12":"tag-kultur-og-underholdning","13":"tag-no","14":"tag-norge","15":"tag-norway","16":"tag-story","17":"tag-thorbjornrud-hotell","18":"tag-underholdning"},"share_on_mastodon":{"url":"https:\/\/pubeurope.com\/@no\/115828253208118963","error":""},"_links":{"self":[{"href":"https:\/\/www.europesays.com\/no\/wp-json\/wp\/v2\/posts\/127529","targetHints":{"allow":["GET"]}}],"collection":[{"href":"https:\/\/www.europesays.com\/no\/wp-json\/wp\/v2\/posts"}],"about":[{"href":"https:\/\/www.europesays.com\/no\/wp-json\/wp\/v2\/types\/post"}],"author":[{"embeddable":true,"href":"https:\/\/www.europesays.com\/no\/wp-json\/wp\/v2\/users\/2"}],"replies":[{"embeddable":true,"href":"https:\/\/www.europesays.com\/no\/wp-json\/wp\/v2\/comments?post=127529"}],"version-history":[{"count":0,"href":"https:\/\/www.europesays.com\/no\/wp-json\/wp\/v2\/posts\/127529\/revisions"}],"wp:featuredmedia":[{"embeddable":true,"href":"https:\/\/www.europesays.com\/no\/wp-json\/wp\/v2\/media\/127530"}],"wp:attachment":[{"href":"https:\/\/www.europesays.com\/no\/wp-json\/wp\/v2\/media?parent=127529"}],"wp:term":[{"taxonomy":"category","embeddable":true,"href":"https:\/\/www.europesays.com\/no\/wp-json\/wp\/v2\/categories?post=127529"},{"taxonomy":"post_tag","embeddable":true,"href":"https:\/\/www.europesays.com\/no\/wp-json\/wp\/v2\/tags?post=127529"}],"curies":[{"name":"wp","href":"https:\/\/api.w.org\/{rel}","templated":true}]}}