{"id":127533,"date":"2026-01-03T00:11:12","date_gmt":"2026-01-03T00:11:12","guid":{"rendered":"https:\/\/www.europesays.com\/no\/127533\/"},"modified":"2026-01-03T00:11:12","modified_gmt":"2026-01-03T00:11:12","slug":"rykteborsen","status":"publish","type":"post","link":"https:\/\/www.europesays.com\/no\/127533\/","title":{"rendered":"Rykteb\u00f8rsen"},"content":{"rendered":"<p>Overgangsvinduet i England \u00e5pnet torsdag 1. januar og flere lag i Premier League er ute etter \u00e5 forsterke f\u00f8r vinduet stenger mandag 2. februar.\u00a0<\/p>\n<p>Dagbladet har i den anledning tatt tempen p\u00e5 storlagene og hva som r\u00f8rer seg p\u00e5 rykteb\u00f8rsen.<\/p>\n<p>Manchester City:\t<\/p>\n<p>Bournemouths Antoine Semenyo er s\u00e5 godt som klar for de lysebl\u00e5. Klubbene skal v\u00e6re enige om en overgang for angriperen, og if\u00f8lge rapporter i England er det bare sm\u00e5 detaljer som gjenst\u00e5r f\u00f8r storovergangen bekreftes.<\/p>\n<p>Kj\u00f8pet gj\u00f8r at Oscar Bobb ser ut til \u00e5 forlate Etihad. Hele seks klubber skal ha meldt en konkret interesse, og det gjelder blant andre Borussia Dortmund, Bournemouth, Newcastle og Crystal Palace. Det er det tyske storlaget som if\u00f8lge rapportene er n\u00e6rmest en avtale for nordmannen.<\/p>\n<p>Flere engelske medier, deriblant BBC, melder at Manchester City har kastet seg inn i kampen om Crystal Palace-midtstopper Marc Guehi (kontrakten hans g\u00e5r ut til sommeren, s\u00e5 det sp\u00f8rs om han flytter p\u00e5 seg i januar).\u00a0<\/p>\n<p>Spilleren var sterkt linket til Liverpool i sommer, men det ble aldri noe av. Samtidig har City-stopper\u00a0Nathan Ak\u00e9 blitt linket til Barcelona p\u00e5 utl\u00e5n.<\/p>\n<p>De lysebl\u00e5 kan ogs\u00e5 v\u00e6re p\u00e5 utkikk etter en sentral midtbanespiller med Mateo Kovacic skadet og Bernardo Silva ute av kontrakt til sommeren.<\/p>\n<p>        <img loading=\"lazy\" decoding=\"async\" src=\"https:\/\/www.europesays.com\/no\/wp-content\/uploads\/2026\/01\/84048212.webp.webp\" width=\"980\" height=\"559\" title=\"P\u00c5 VEI: Det er ventet at Antoine Semenyo blir klar for Manchester City innen kort tid. Foto: Reuters\/Andrew Boyers\/NTB\" alt=\"\" class=\"\" style=\"--aspect-ratio-image: 1.75; \"\/><\/p>\n<p>\n        P\u00c5 VEI: Det er ventet at Antoine Semenyo blir klar for Manchester City innen kort tid. Foto: Reuters\/Andrew Boyers\/NTB\n    <\/p>\n<p>Liverpool:\t<\/p>\n<p>Manager Arne Slot trenger s\u00e5rt m\u00e5lscorere i laget, noe som var tydelig under 0-0-kampen mot Leeds sist. Med Mohamed Salah i Afrikamesterskapet og rekordkj\u00f8pet Alexander Isak ute med skade, er det grunn til \u00e5 tro at de r\u00f8de ser etter forel\u00f8pige erstattere den neste m\u00e5neden.<\/p>\n<p>Et rykte som skal tas med en klype salt, er Alexander S\u00f8rloth. Nordmannen har blitt nevnt i samme \u00e5ndedrag som Liverpool de siste ukene.<\/p>\n<p>Mohamed Salah linkes samtidig bort etter det eksplosive intervjuet etter 3-3-kampen mot Leeds. Det skal blant annet har v\u00e6rt interesse fra Saudi-Arabia.<\/p>\n<p>Det rapporteres at Liverpool er ute etter en midtstopper, en ving og en sentral midtbanespiller. Kontrakten til midtstopper Ibrahima Konat\u00e9 g\u00e5r ut til sommeren.<\/p>\n<p>        <img loading=\"lazy\" decoding=\"async\" src=\"https:\/\/www.europesays.com\/no\/wp-content\/uploads\/2026\/01\/84048220.webp.webp\" width=\"667\" height=\"381\" title=\"UVISS FRAMTID: Mohamed Salah er for \u00f8yeblikket i Afrikamesterskapet. Foto: FRANCK FIFE \/ AFP \/NTB\" alt=\"\" class=\"\" style=\"--aspect-ratio-image: 1.75; \"\/><\/p>\n<p>\n        UVISS FRAMTID: Mohamed Salah er for \u00f8yeblikket i Afrikamesterskapet. Foto: FRANCK FIFE \/ AFP \/NTB\n    <\/p>\n<p>Arsenal:\t<\/p>\n<p>Manager Mikel Arteta har uttalt at klubben m\u00e5 se p\u00e5 mulighetene i markedet i januar etter at flere spillere har v\u00e6rt ute med skade. Samtidig er det f\u00e5 konkrete navn som linkes til Emirates akkurat n\u00e5.\u00a0<\/p>\n<p>If\u00f8lge rapporter skal London-laget ha fulgt en rekke unge spillere i Europa med tanke p\u00e5 framtiden.\u00a0<\/p>\n<p>Elches Rodrigo Mendoza, AC Milans Davide Bartesaghi og Eintracht Frankfurts Jean-Matteo Bahoya er nevnt.<\/p>\n<p>Chelsea:\t<\/p>\n<p>Raheem Sterling er helt ute i kulda i London-klubben og har blitt linket til blant andre West Ham den siste tiden. Vingen har ikke spilt siden mai, og det sp\u00f8rs om avskjeden til manager Enzo Maresca vil f\u00f8re til noen endring der.<\/p>\n<p>Sterling var ogs\u00e5 linket til Fulham og Crystal Palace i sommer, og skal \u00f8nske en permanent overgang og ikke et utl\u00e5n. Axel Disasi er ogs\u00e5 p\u00e5 salgslista til Chelsea.<\/p>\n<p>Det er ventet at klubben vil kvitte seg med spillere i stedet for \u00e5 hente noen, men med en ny manager p\u00e5 plass om kort tid, kan ting endre seg.<\/p>\n<p>        <img loading=\"lazy\" decoding=\"async\" src=\"https:\/\/www.europesays.com\/no\/wp-content\/uploads\/2026\/01\/84048243.webp.webp\" width=\"980\" height=\"559\" title=\"UTE I KULDA: Raheem Sterling har ikke spilt siden mai. Foto: Mike Egerton\/PA\/NTB\" alt=\"\" class=\"\" style=\"--aspect-ratio-image: 1.75; \"\/><\/p>\n<p>\n        UTE I KULDA: Raheem Sterling har ikke spilt siden mai. Foto: Mike Egerton\/PA\/NTB\n    <\/p>\n<p>Manchester United:\t<\/p>\n<p>De r\u00f8de har blitt linket til midtbanespillere over en lav sko i \u00e5r: Carlos Baleba, Elliot Andersen, Adam Wharton, Tyler Adams, Angelo Stiller, Conor Gallagher og Ruben Neves (ute av kontrakt med Al-Hilal til sommeren) &#8211; for \u00e5 nevne noe.<\/p>\n<p>Det sp\u00f8rs om noen av disse vil komme inn porten allerede i januar, men det er tydelig at Ruben Amorim er ute etter \u00e5 styrke midtbanen, s\u00e6rlig defensivt. Casemiro g\u00e5r ut av kontrakt til sommeren og ventes \u00e5 forlate Old Trafford. Kontrakten til midtstopper Harry Maguire g\u00e5r ogs\u00e5 ut.<\/p>\n<p>Manchester United har ogs\u00e5 v\u00e6rt linket til Crystal Palace-angriper Jean-Philippe Mateta over lengre tid. Spissen Joshua Zirkzee\u00a0har ikke levert varene i United og skal if\u00f8lge BBC \u00f8nske en\u00a0\u00abny start\u00bb og Roma har blitt nevnt som et mulig stoppested.<\/p>\n<p>Tottenham:\t<\/p>\n<p>Angriper Brennan Johnson er enig med Crystal Palace om en overgang verdt rundt 35 millioner pund. Vingen har havnet i kulda denne sesongen under manager Thomas Frank og var utelatt fra kamptroppen sist. Fredag bekreftet Spurs at de var enige med Palace.\u00a0<\/p>\n<p>Tottenham sliter med skade p\u00e5 flere angrepsspillere, og det ryktes at London-laget kan forsterke angrepet.<\/p>\n<p>Det er ikke ventet at Aston Villa, som kjemper helt i toppen av Premier League, vil hente noen store forsterkninger i januar.<\/p>\n<p>        <img loading=\"lazy\" decoding=\"async\" src=\"https:\/\/www.europesays.com\/no\/wp-content\/uploads\/2026\/01\/84048245.webp.webp\" width=\"686\" height=\"474\" title=\"FLYTTER P\u00c5 SEG: Brennan Johnson er p\u00e5 vei til Crystal Palace. Foto: Bradley Collyer\/PA\/NTB\" alt=\"\" class=\"\" style=\"--aspect-ratio-image: 1.45; \"\/><\/p>\n<p>\n        FLYTTER P\u00c5 SEG: Brennan Johnson er p\u00e5 vei til Crystal Palace. Foto: Bradley Collyer\/PA\/NTB\n    <\/p>\n<p>    <a itemprop=\"url\" href=\"https:\/\/www.dagbladet.no\/sport\/kritikken-hagler\/84047733\" rel=\"nofollow noopener\" target=\"_blank\"><\/p>\n<p>        <img loading=\"lazy\" decoding=\"async\" src=\"https:\/\/www.europesays.com\/no\/wp-content\/uploads\/2026\/01\/84047790.webp.webp\" width=\"980\" height=\"441\" title=\"Kritikken hagler\" alt=\"\" class=\"lazyload\" style=\"--aspect-ratio-image: 2.22; \"\/><\/p>\n<p>        Kritikken hagler<\/p>\n<p>    <\/a><\/p>\n","protected":false},"excerpt":{"rendered":"Overgangsvinduet i England \u00e5pnet torsdag 1. januar og flere lag i Premier League er ute etter \u00e5 forsterke&hellip;\n","protected":false},"author":2,"featured_media":127534,"comment_status":"","ping_status":"","sticky":false,"template":"","format":"standard","meta":{"footnotes":""},"categories":[5],"tags":[20,21,24,25,92,15,19,22,23,17,18,13,30,28,29,14,16,161,83,26,27],"class_list":{"0":"post-127533","1":"post","2":"type-post","3":"status-publish","4":"format-standard","5":"has-post-thumbnail","7":"category-overskrifter","8":"tag-breaking-news","9":"tag-breakingnews","10":"tag-featured-news","11":"tag-featurednews","12":"tag-fotball","13":"tag-headlines","14":"tag-hovedoppslag","15":"tag-latest-news","16":"tag-latestnews","17":"tag-main-news","18":"tag-mainnews","19":"tag-news","20":"tag-no","21":"tag-norge","22":"tag-norway","23":"tag-nyheter","24":"tag-overskrifter","25":"tag-premier-league","26":"tag-sport","27":"tag-top-stories","28":"tag-topstories"},"share_on_mastodon":{"url":"https:\/\/pubeurope.com\/@no\/115828272884381871","error":""},"_links":{"self":[{"href":"https:\/\/www.europesays.com\/no\/wp-json\/wp\/v2\/posts\/127533","targetHints":{"allow":["GET"]}}],"collection":[{"href":"https:\/\/www.europesays.com\/no\/wp-json\/wp\/v2\/posts"}],"about":[{"href":"https:\/\/www.europesays.com\/no\/wp-json\/wp\/v2\/types\/post"}],"author":[{"embeddable":true,"href":"https:\/\/www.europesays.com\/no\/wp-json\/wp\/v2\/users\/2"}],"replies":[{"embeddable":true,"href":"https:\/\/www.europesays.com\/no\/wp-json\/wp\/v2\/comments?post=127533"}],"version-history":[{"count":0,"href":"https:\/\/www.europesays.com\/no\/wp-json\/wp\/v2\/posts\/127533\/revisions"}],"wp:featuredmedia":[{"embeddable":true,"href":"https:\/\/www.europesays.com\/no\/wp-json\/wp\/v2\/media\/127534"}],"wp:attachment":[{"href":"https:\/\/www.europesays.com\/no\/wp-json\/wp\/v2\/media?parent=127533"}],"wp:term":[{"taxonomy":"category","embeddable":true,"href":"https:\/\/www.europesays.com\/no\/wp-json\/wp\/v2\/categories?post=127533"},{"taxonomy":"post_tag","embeddable":true,"href":"https:\/\/www.europesays.com\/no\/wp-json\/wp\/v2\/tags?post=127533"}],"curies":[{"name":"wp","href":"https:\/\/api.w.org\/{rel}","templated":true}]}}