{"id":127535,"date":"2026-01-03T00:13:14","date_gmt":"2026-01-03T00:13:14","guid":{"rendered":"https:\/\/www.europesays.com\/no\/127535\/"},"modified":"2026-01-03T00:13:14","modified_gmt":"2026-01-03T00:13:14","slug":"farmen-madelen-avslorer-ny-kjaereste-etter-bruddet-2","status":"publish","type":"post","link":"https:\/\/www.europesays.com\/no\/127535\/","title":{"rendered":"\u00abFarmen\u00bb-Madelen avsl\u00f8rer ny kj\u00e6reste etter bruddet"},"content":{"rendered":"<p class=\"kicker \" style=\"\">Madelen Mindresunde:<\/p>\n<p>  \u00abFarmen\u00bb-profilen har funnet lykken p\u00e5 ny.\u00a0<\/p>\n<p>\n    FORELSKET: Madelen Mindresunde bekrefter ny flamme. Foto: Shad Madian\/Se og H\u00f8r\n  <\/p>\n<p>I april kunne\u00a0<a href=\"https:\/\/www.dagbladet.no\/kjendis\/avslorer-den-tid-er-forbi\/81995254\" rel=\"nofollow noopener\" target=\"_blank\">Madelen Mindresunde (29)<\/a>, kjent fra fjor\u00e5rets sesong av \u00abFarmen\u00bb, avsl\u00f8re at hun hadde blitt singel etter et langvarig forhold.<\/p>\n<p>N\u00e5 bekrefter 29-\u00e5ringen en endring i sivilstatus.\u00a0<\/p>\n<p>    <a itemprop=\"url\" href=\"https:\/\/www.seher.no\/kjendis\/gjenforent-deler-gladnyhet\/84049368\" rel=\"nofollow noopener\" target=\"_blank\"><\/p>\n<p>        <img loading=\"lazy\" decoding=\"async\" src=\"https:\/\/www.europesays.com\/no\/wp-content\/uploads\/2026\/01\/1767399191_20_84049440.webp.webp\" width=\"147\" height=\"98\" title=\"Gjenforent: Deler gladnyhet\" alt=\"\" class=\"lazyload\" style=\"--aspect-ratio-image: 1.50; \"\/><\/p>\n<p>        Gjenforent: Deler gladnyhet<\/p>\n<p>    <\/a><\/p>\n<p>&#8211; Det stemmer, jeg har en ny flamme\/kj\u00e6reste, forteller Madelen til Se og H\u00f8r.<\/p>\n<p>&#8211; Ganske privat\t<\/p>\n<p>1. nytt\u00e5rsdag delte hun et par bilder av den utk\u00e5rede p\u00e5 sin Instagram-profil, med teksten:\u00a0\u00ab2025-h\u00f8ydepunktet\u00bb<\/p>\n<p>        <img loading=\"lazy\" decoding=\"async\" src=\"https:\/\/www.europesays.com\/no\/wp-content\/uploads\/2026\/01\/84049747.webp.webp\" width=\"667\" height=\"1001\" title=\"NY LYKKE: \u00abFarmen\u00bb-profilen er tilsynlatende stormforelsket i sin mystiske flamme. Foto: Skjermbilde fra Instagram\/@mmindres\" alt=\"\" class=\"\" style=\"--aspect-ratio-image: 0.67; \"\/><\/p>\n<p>\n        NY LYKKE: \u00abFarmen\u00bb-profilen er tilsynlatende stormforelsket i sin mystiske flamme. Foto: Skjermbilde fra Instagram\/@mmindres\n    <\/p>\n<p>Hun forteller videre at paret m\u00f8ttes tidligere i \u00e5r, men at hun ikke \u00f8nsker \u00e5 g\u00e5 i n\u00e6rmere detalj.<\/p>\n<p>&#8211; Vi \u00f8nsker \u00e5 holde det ganske privat, men kan s\u00e5 klart si at vi m\u00f8ttes p\u00e5 sensommeren og har hatt det superkoselig sammen helt siden, sier hun til Se og H\u00f8r, og legger til:<\/p>\n<p>        \u00abSKAL VI DANSE\u00bb: Danseparet bryter ut i latter under intervjuet. Video: Nora Skavhaug\/ R\u00f8d L\u00f8per<\/p>\n<p> &#8211; Han er fantastisk! <\/p>\n<p>&#8211; Et sjokk\t<\/p>\n<p>Under \u00abFarmen\u00bb-innspillingen i fjor sommer hadde TV-profilen en samboer i Oslo.\u00a0<\/p>\n<p>Her hadde hun flyttet inn i en ny leilighet i Bj\u00f8rvika i Oslo, med \u00abFarmen\u00bb-paret Glenn-Eric Moe og Renate R\u00f8nninghaug Markussen som deres n\u00e6rmeste nabo.\u00a0<\/p>\n<p>    <a itemprop=\"url\" href=\"https:\/\/www.seher.no\/kjendis\/har-giftet-seg\/83998129\" rel=\"nofollow noopener\" target=\"_blank\"><\/p>\n<p>        <img loading=\"lazy\" decoding=\"async\" src=\"https:\/\/www.europesays.com\/no\/wp-content\/uploads\/2026\/01\/83670663.webp.webp\" width=\"980\" height=\"441\" title=\"Har giftet seg\" alt=\"\" class=\"lazyload\" style=\"--aspect-ratio-image: 2.22; \"\/><\/p>\n<p>        Har giftet seg<\/p>\n<p>    <\/a><\/p>\n<p>Til <a href=\"https:\/\/www.nettavisen.no\/kjendis\/farmen-madelen-bekrefter-brudd-kom-veldig-bratt-pa\/s\/5-95-2383655\" rel=\"nofollow noopener\" target=\"_blank\">Nettavisen<\/a> fortalte hun at bruddet med sin dav\u00e6rende kj\u00e6reste kom br\u00e5tt p\u00e5.<\/p>\n<p>&#8211; Ja, det er slutt. Det kom veldig br\u00e5tt p\u00e5, to uker siden, men har v\u00e6rt p\u00e5 Sandane de siste to ukene og landet litt, og kost meg med \u00abFarmen\u00bb-deltakere som f\u00e5r meg i godt hum\u00f8r, sa Madelen den gang.<\/p>\n<p>        Kronprinsessen \u00e5pner opp i NRK-programmet \u00ab\u00c5ret med kongefamilien\u00bb. Video: NRK. Reporter: Mariel Sand Nwosu\/Dagbladet TV<\/p>\n<p>&#8211; Det g\u00e5r bra ut ifra forholdene, men s\u00e5 klart et sjokk og t\u00f8ft n\u00e5r man st\u00e5r midt oppi det. Det er s\u00e5 klart rart \u00e5 \u00abstarte p\u00e5 nytt\u00bb, men pr\u00f8ver \u00e5 se fremover og gleder meg over fremtiden og hva den har \u00e5 bringe.<\/p>\n","protected":false},"excerpt":{"rendered":"Madelen Mindresunde: \u00abFarmen\u00bb-profilen har funnet lykken p\u00e5 ny.\u00a0 FORELSKET: Madelen Mindresunde bekrefter ny flamme. Foto: Shad Madian\/Se og&hellip;\n","protected":false},"author":2,"featured_media":127536,"comment_status":"","ping_status":"","sticky":false,"template":"","format":"standard","meta":{"footnotes":""},"categories":[58],"tags":[71,5429,1292,479,2543,14927,30,28,29,72],"class_list":{"0":"post-127535","1":"post","2":"type-post","3":"status-publish","4":"format-standard","5":"has-post-thumbnail","7":"category-underholdning","8":"tag-entertainment","9":"tag-gladnyhet","10":"tag-kjaereste","11":"tag-kjendis","12":"tag-kjendisdesken","13":"tag-madelen-mindresunde","14":"tag-no","15":"tag-norge","16":"tag-norway","17":"tag-underholdning"},"share_on_mastodon":{"url":"https:\/\/pubeurope.com\/@no\/115828280740306999","error":""},"_links":{"self":[{"href":"https:\/\/www.europesays.com\/no\/wp-json\/wp\/v2\/posts\/127535","targetHints":{"allow":["GET"]}}],"collection":[{"href":"https:\/\/www.europesays.com\/no\/wp-json\/wp\/v2\/posts"}],"about":[{"href":"https:\/\/www.europesays.com\/no\/wp-json\/wp\/v2\/types\/post"}],"author":[{"embeddable":true,"href":"https:\/\/www.europesays.com\/no\/wp-json\/wp\/v2\/users\/2"}],"replies":[{"embeddable":true,"href":"https:\/\/www.europesays.com\/no\/wp-json\/wp\/v2\/comments?post=127535"}],"version-history":[{"count":0,"href":"https:\/\/www.europesays.com\/no\/wp-json\/wp\/v2\/posts\/127535\/revisions"}],"wp:featuredmedia":[{"embeddable":true,"href":"https:\/\/www.europesays.com\/no\/wp-json\/wp\/v2\/media\/127536"}],"wp:attachment":[{"href":"https:\/\/www.europesays.com\/no\/wp-json\/wp\/v2\/media?parent=127535"}],"wp:term":[{"taxonomy":"category","embeddable":true,"href":"https:\/\/www.europesays.com\/no\/wp-json\/wp\/v2\/categories?post=127535"},{"taxonomy":"post_tag","embeddable":true,"href":"https:\/\/www.europesays.com\/no\/wp-json\/wp\/v2\/tags?post=127535"}],"curies":[{"name":"wp","href":"https:\/\/api.w.org\/{rel}","templated":true}]}}