{"id":127561,"date":"2026-01-03T00:58:08","date_gmt":"2026-01-03T00:58:08","guid":{"rendered":"https:\/\/www.europesays.com\/no\/127561\/"},"modified":"2026-01-03T00:58:08","modified_gmt":"2026-01-03T00:58:08","slug":"to-omkom-i-snoskred-i-italia","status":"publish","type":"post","link":"https:\/\/www.europesays.com\/no\/127561\/","title":{"rendered":"To omkom i sn\u00f8skred i Italia"},"content":{"rendered":"\n<p class=\"_lead_o9xde_2 _lead_xtcu6_50 layout-component text-serif-m layout-normal text-serif-l layout-component layout-wide layout-padded _wide_17hqh_1 layout-padded\">To personer mistet livet i en serie sn\u00f8skred i Italia fredag. Flere andre ble alvorlig skadet.<\/p>\n<ul aria-hidden=\"true\" class=\"_images_ntbth_112\">\n<li><a class=\"_link_ntbth_117\" href=\"https:\/\/www.vg.no\/forfatter\/ntb\" style=\"z-index:1\" title=\"NTB\" rel=\"nofollow noopener\" target=\"_blank\"><img alt=\"Bilde av NTB\" class=\"_image_ntbth_93\" fetchpriority=\"low\" loading=\"lazy\" decoding=\"async\" itemprop=\"image\"  src=\"https:\/\/www.europesays.com\/no\/wp-content\/uploads\/2026\/01\/1767401888_876_c33980b0-5d07-4027-84a1-813f90a7c8d6.png\"  width=\"480\"\/><\/a><\/li>\n<\/ul>\n<p> Oppdatert l\u00f8rdag 3. januar kl. 00:16     <\/p>\n<p class=\"_paragraph_o9xde_4 _paragraph_xtcu6_10 layout-component text-serif-m layout-normal text-serif-m layout-padded\">Det f\u00f8rste skredet rammet Maira-dalen i s\u00f8rvest, n\u00e6r grensen til Frankrike, i regionen Piemonte. \u00c9n person omkom og to ble skadet, if\u00f8lge Soccorso Alpino. Tilstanden for en av de skadede er kritisk. <\/p>\n<p class=\"_paragraph_o9xde_4 _paragraph_xtcu6_10 layout-component text-serif-m layout-normal text-serif-m layout-padded\">I Veneto-regionen nord\u00f8st i <a href=\"https:\/\/www.vg.no\/tag\/italia?utm_source=vg-article&amp;utm_medium=auto-tagger&amp;utm_campaign=BxR1oQ\" class=\"_link_o9xde_39\" rel=\"nofollow noopener\" target=\"_blank\">Italia<\/a> mistet en 50 \u00e5r gammel turist p\u00e5 topptur livet da et skred traff skr\u00e5ningen Vajo Gabene i de sm\u00e5 Dolomittene, if\u00f8lge det italienske nyhetsbyr\u00e5et ANSA.<\/p>\n<p class=\"_paragraph_o9xde_4 _paragraph_xtcu6_10 layout-component text-serif-m layout-normal text-serif-m layout-padded\">En kombinasjon av kraftig sn\u00f8fall og sterk vind har de siste dagene \u00f8kt sn\u00f8skredfaren i Alpene. Lokale myndigheter ber skil\u00f8pere og turg\u00e5ere v\u00e6re forsiktige og de frar\u00e5der ferdsel utenfor preparerte l\u00f8yper.<\/p>\n","protected":false},"excerpt":{"rendered":"To personer mistet livet i en serie sn\u00f8skred i Italia fredag. Flere andre ble alvorlig skadet. Oppdatert l\u00f8rdag&hellip;\n","protected":false},"author":2,"featured_media":127562,"comment_status":"","ping_status":"","sticky":false,"template":"","format":"standard","meta":{"footnotes":""},"categories":[12],"tags":[20,21,24,25,1244,15,1242,22,23,13,30,28,29,14,16,10502,26,27,42,43,44,45],"class_list":{"0":"post-127561","1":"post","2":"type-post","3":"status-publish","4":"format-standard","5":"has-post-thumbnail","7":"category-verden","8":"tag-breaking-news","9":"tag-breakingnews","10":"tag-featured-news","11":"tag-featurednews","12":"tag-frankrike","13":"tag-headlines","14":"tag-italia","15":"tag-latest-news","16":"tag-latestnews","17":"tag-news","18":"tag-no","19":"tag-norge","20":"tag-norway","21":"tag-nyheter","22":"tag-overskrifter","23":"tag-snoskred","24":"tag-top-stories","25":"tag-topstories","26":"tag-verden","27":"tag-world","28":"tag-world-news","29":"tag-worldnews"},"share_on_mastodon":{"url":"https:\/\/pubeurope.com\/@no\/115828457745733470","error":""},"_links":{"self":[{"href":"https:\/\/www.europesays.com\/no\/wp-json\/wp\/v2\/posts\/127561","targetHints":{"allow":["GET"]}}],"collection":[{"href":"https:\/\/www.europesays.com\/no\/wp-json\/wp\/v2\/posts"}],"about":[{"href":"https:\/\/www.europesays.com\/no\/wp-json\/wp\/v2\/types\/post"}],"author":[{"embeddable":true,"href":"https:\/\/www.europesays.com\/no\/wp-json\/wp\/v2\/users\/2"}],"replies":[{"embeddable":true,"href":"https:\/\/www.europesays.com\/no\/wp-json\/wp\/v2\/comments?post=127561"}],"version-history":[{"count":0,"href":"https:\/\/www.europesays.com\/no\/wp-json\/wp\/v2\/posts\/127561\/revisions"}],"wp:featuredmedia":[{"embeddable":true,"href":"https:\/\/www.europesays.com\/no\/wp-json\/wp\/v2\/media\/127562"}],"wp:attachment":[{"href":"https:\/\/www.europesays.com\/no\/wp-json\/wp\/v2\/media?parent=127561"}],"wp:term":[{"taxonomy":"category","embeddable":true,"href":"https:\/\/www.europesays.com\/no\/wp-json\/wp\/v2\/categories?post=127561"},{"taxonomy":"post_tag","embeddable":true,"href":"https:\/\/www.europesays.com\/no\/wp-json\/wp\/v2\/tags?post=127561"}],"curies":[{"name":"wp","href":"https:\/\/api.w.org\/{rel}","templated":true}]}}