{"id":127563,"date":"2026-01-03T00:59:20","date_gmt":"2026-01-03T00:59:20","guid":{"rendered":"https:\/\/www.europesays.com\/no\/127563\/"},"modified":"2026-01-03T00:59:20","modified_gmt":"2026-01-03T00:59:20","slug":"er-vi-i-norge-na-itromso-no","status":"publish","type":"post","link":"https:\/\/www.europesays.com\/no\/127563\/","title":{"rendered":"(+) \u2013 Er vi i Norge n\u00e5? &#8211; itromso.no"},"content":{"rendered":"<ol>\n<li><a href=\"https:\/\/news.google.com\/rss\/articles\/CBMiaEFVX3lxTE53NS1IdnRYMTlUYmRnWmRyTG8tWlVIU01iZmtFLTUyQ09KMU1Nd3ZaVnJHNFNybFdEUHRnd2lqVGF6MnlCS29lVVJGeFZHNGgyNlNRaDl2MkJHMm84Q1MzRzFzckVBcUVi?oc=5\" target=\"_blank\" rel=\"nofollow noopener\">(+) \u2013 Er vi i Norge n\u00e5?<\/a>&nbsp;&nbsp;itromso.no<\/li>\n<li><a href=\"https:\/\/news.google.com\/rss\/articles\/CBMiwwFBVV95cUxOQzg1eDdEajAwWnlfS1hRZlRQQXlmVDhJdXR2bUMzNmtTNGtLZTd6Y2VWS1lfanNEa1dJT0RFT1pYMVBKa056NXJUR2ktaTZqZHpsRDM5a1VCdTl5RnFLTXJzS3FlcU1TVURyaldnbHcxcWk4UmRzRm5sTHF1XzJsSnlwWXRTa3hUc2puVldKdVFoeWEyR2JQd2dGSGhiTWFaN0czYXZzM2hUOU8wNE5pZjhZSC1CckFCN0w5NXItRHppcnc?oc=5\" target=\"_blank\" rel=\"nofollow noopener\">(+) Juleferien i Troms\u00f8: Lunsj p\u00e5 Burger King f\u00f8rste juledag<\/a>&nbsp;&nbsp;folkebladet.no<\/li>\n<li><a href=\"https:\/\/news.google.com\/rss\/articles\/CBMiqAFBVV95cUxNeVp4QXBHLU1zcm5HVU1ZSk9wcTBQeTE2TXdsc3IxcGJYRzc5dVk2dnhCREdBeGVMN1EyVnhMS25UZl9MX3VJSE5XUXJCaHU1WjRlUDd4YUxOSEt6STlaaGJsSGJ1aTByMFpzWER5ZmhHbWN5bFV1dTRWLVFYT3BBV0FfUG5DeWNLV1hpX19UdXphTF8zc0szSk5Kb0N3dXBKcWY2UUR3RDE?oc=5\" target=\"_blank\" rel=\"nofollow noopener\">(+) Anna og familien dro p\u00e5 nordlysjakt p\u00e5 nytt\u00e5rsaften: \u2013 Ikke mulig \u00e5 gj\u00f8re hjemme<\/a>&nbsp;&nbsp;itromso.no<\/li>\n<li><a href=\"https:\/\/news.google.com\/rss\/articles\/CBMimwFBVV95cUxOZVRKQWk2RXlvNy1ya1VheFhCV0NWOGxET3ZnWnNPeVhHSGFJbW9yY0NRY0N2SHZvOWFIeG92ZzdVaWtNLV9yRmZhbGQtM0xmUlF1TDVnTnFDZzB3aUN1NWFIWXJIek1LSm11UW9GTmhVWThqMDdzZ042T05jTEJXcXNIRHBPR0dNSnhVRkFsRnFzM1N5VGNhOFRidw?oc=5\" target=\"_blank\" rel=\"nofollow noopener\">(+) Lin fikk oppfylt feriedr\u00f8mmen<\/a>&nbsp;&nbsp;itromso.no<\/li>\n<li><a href=\"https:\/\/news.google.com\/rss\/articles\/CBMiiwFBVV95cUxOY0hfQVpUd3ZWVEw3dUpEWDItMV81QndRcm5FSDJWalI2NTlPa3dESllKa0NZUUxJaGRMOEY2RGx5TmtyWEJDbHJMc0k4bzU2ZzJCN0RnMUZ6R0JNZVRVeXd3MUtpZEVwVWtVd3hVdDJDX3pfRUJUTXp5X3VHZHdKcklpX08xXzNfTXdJ?oc=5\" target=\"_blank\" rel=\"nofollow noopener\">(+) \u2013 Alt vi opplever her blir et minne for livet<\/a>&nbsp;&nbsp;itromso.no<\/li>\n<\/ol>\n","protected":false},"excerpt":{"rendered":"(+) \u2013 Er vi i Norge n\u00e5?&nbsp;&nbsp;itromso.no (+) Juleferien i Troms\u00f8: Lunsj p\u00e5 Burger King f\u00f8rste juledag&nbsp;&nbsp;folkebladet.no (+)&hellip;\n","protected":false},"author":2,"featured_media":127564,"comment_status":"","ping_status":"","sticky":false,"template":"","format":"standard","meta":{"footnotes":""},"categories":[10],"tags":[1096,20,21,24,25,15,22,23,13,30,2333,28,29,14,16,26,27,3138],"class_list":{"0":"post-127563","1":"post","2":"type-post","3":"status-publish","4":"format-standard","5":"has-post-thumbnail","7":"category-norge","8":"tag-airbnb","9":"tag-breaking-news","10":"tag-breakingnews","11":"tag-featured-news","12":"tag-featurednews","13":"tag-headlines","14":"tag-latest-news","15":"tag-latestnews","16":"tag-news","17":"tag-no","18":"tag-nordlys","19":"tag-norge","20":"tag-norway","21":"tag-nyheter","22":"tag-overskrifter","23":"tag-top-stories","24":"tag-topstories","25":"tag-turister"},"share_on_mastodon":{"url":"https:\/\/pubeurope.com\/@no\/115828461560565824","error":""},"_links":{"self":[{"href":"https:\/\/www.europesays.com\/no\/wp-json\/wp\/v2\/posts\/127563","targetHints":{"allow":["GET"]}}],"collection":[{"href":"https:\/\/www.europesays.com\/no\/wp-json\/wp\/v2\/posts"}],"about":[{"href":"https:\/\/www.europesays.com\/no\/wp-json\/wp\/v2\/types\/post"}],"author":[{"embeddable":true,"href":"https:\/\/www.europesays.com\/no\/wp-json\/wp\/v2\/users\/2"}],"replies":[{"embeddable":true,"href":"https:\/\/www.europesays.com\/no\/wp-json\/wp\/v2\/comments?post=127563"}],"version-history":[{"count":0,"href":"https:\/\/www.europesays.com\/no\/wp-json\/wp\/v2\/posts\/127563\/revisions"}],"wp:featuredmedia":[{"embeddable":true,"href":"https:\/\/www.europesays.com\/no\/wp-json\/wp\/v2\/media\/127564"}],"wp:attachment":[{"href":"https:\/\/www.europesays.com\/no\/wp-json\/wp\/v2\/media?parent=127563"}],"wp:term":[{"taxonomy":"category","embeddable":true,"href":"https:\/\/www.europesays.com\/no\/wp-json\/wp\/v2\/categories?post=127563"},{"taxonomy":"post_tag","embeddable":true,"href":"https:\/\/www.europesays.com\/no\/wp-json\/wp\/v2\/tags?post=127563"}],"curies":[{"name":"wp","href":"https:\/\/api.w.org\/{rel}","templated":true}]}}