{"id":127574,"date":"2026-01-03T01:43:10","date_gmt":"2026-01-03T01:43:10","guid":{"rendered":"https:\/\/www.europesays.com\/no\/127574\/"},"modified":"2026-01-03T01:43:10","modified_gmt":"2026-01-03T01:43:10","slug":"puma-drepte-kvinne-i-colorado","status":"publish","type":"post","link":"https:\/\/www.europesays.com\/no\/127574\/","title":{"rendered":"Puma drepte kvinne i Colorado"},"content":{"rendered":"\n<p class=\"_lead_o9xde_2 _lead_xtcu6_50 layout-component text-serif-m layout-normal text-serif-l layout-component layout-wide layout-padded _wide_17hqh_1 layout-padded\">En kvinne ble drept av en puma mens hun gikk tur alene i Colorado. Det er det f\u00f8rste d\u00f8delige angrepet p\u00e5 25 \u00e5r. <\/p>\n<p><img alt=\" Foto: John Feyen, Larimer County Sheriff\u00a0\" class=\"_image_qp4xg_65 layout-component layout-wide\" data-fullscreen- data-track-element-type=\"Article image fullscreen\" data-track-name=\"ImageFullscreen\" fetchpriority=\"high\" decoding=\"sync\" loading=\"eager\" height=\"1156\" itemprop=\"image\"  src=\"https:\/\/www.europesays.com\/no\/wp-content\/uploads\/2026\/01\/9e4da540-ce2a-427d-b698-0eabb60d7a73.jpeg\"  style=\"object-position:0% 0%\" width=\"1543\"\/> Foto: John Feyen, Larimer County Sheriff\u00a0<\/p>\n<ul aria-hidden=\"true\" class=\"_images_ntbth_112\">\n<li><a class=\"_link_ntbth_117\" href=\"https:\/\/www.vg.no\/forfatter\/karin-muri\" style=\"z-index:1\" title=\"Karin Muri\" rel=\"nofollow noopener\" target=\"_blank\"><img alt=\"Bilde av Karin Muri\" class=\"_image_ntbth_93\" fetchpriority=\"low\" loading=\"lazy\" decoding=\"async\" itemprop=\"image\"  src=\"https:\/\/www.europesays.com\/no\/wp-content\/uploads\/2026\/01\/1767404588_558_951f4a7a-8210-45cc-98c5-c3e53bba6bd9.jpeg\"  width=\"480\"\/><\/a><\/li>\n<\/ul>\n<p> Oppdatert l\u00f8rdag 3. januar kl. 02:06    <\/p>\n<ul class=\"_list_o9xde_3 _list_64s2r_85 _unordered_o9xde_106 text-sans-m\">\n<li class=\"_item_o9xde_30\">En kvinne ble drept av en puma mens hun gikk tur alene p\u00e5 Crosier Mountain i Colorado.<\/li>\n<li class=\"_item_o9xde_30\">Det er det f\u00f8rste d\u00f8delige pumaangrepet i delstaten p\u00e5 over 25 \u00e5r.<\/li>\n<li class=\"_item_o9xde_30\">Myndighetene stengte stiene og skj\u00f8t to pumaer i n\u00e6rheten.<\/li>\n<li class=\"_item_o9xde_30\">Obduksjoner vil avgj\u00f8re om ett eller flere dyr var involvert i angrepet.<\/li>\n<\/ul>\n<p>Vis mer <\/p>\n<p class=\"_paragraph_o9xde_4 _paragraph_xtcu6_10 layout-component text-serif-m layout-normal text-serif-m layout-padded\">Kvinnen ble funnet d\u00f8d p\u00e5 en fjellsti i Colorado f\u00f8rste nytt\u00e5rsdag. Andre turg\u00e5ere oppdaget henne livl\u00f8s \u2013 med en <a href=\"https:\/\/www.vg.no\/tag\/puma?utm_source=vg-article&amp;utm_medium=auto-tagger&amp;utm_campaign=16nbEQ\" class=\"_link_o9xde_39\" rel=\"nofollow noopener\" target=\"_blank\">puma<\/a> i n\u00e6rheten.<\/p>\n<p class=\"_paragraph_o9xde_4 _paragraph_xtcu6_10 layout-component text-serif-m layout-normal text-serif-m layout-padded\">Det skal v\u00e6re det f\u00f8rste d\u00f8delige pumaangrepet i delstaten p\u00e5 over 25 \u00e5r.<\/p>\n<p class=\"_paragraph_o9xde_4 _paragraph_xtcu6_10 layout-component text-serif-m layout-normal text-serif-m layout-padded\">Kvinnen gikk tur alene p\u00e5 Crosier Mountain-stien nord\u00f8st for Estes Park da tragedien inntraff. Omr\u00e5det ligger rundt 80 kilometer nordvest for Denver, i de avsides skogsomr\u00e5dene i Rocky Mountains.<\/p>\n<p class=\"_paragraph_o9xde_4 _paragraph_xtcu6_10 layout-component text-serif-m layout-normal text-serif-m layout-padded\">Andre turg\u00e5ere fant henne bevisstl\u00f8s rundt klokken tolv p\u00e5 f\u00f8rste nytt\u00e5rsdag,<a href=\"https:\/\/www.straitstimes.com\/world\/united-states\/hiker-killed-in-rare-suspected-mountain-lion-attack-in-colorado\" class=\"_link_o9xde_39\" rel=\"nofollow noopener\" target=\"_blank\"> skriver The Straits Times<\/a><\/p>\n<p class=\"_paragraph_o9xde_4 _paragraph_xtcu6_10 layout-component text-serif-m layout-normal text-serif-m layout-padded\">De observerte pumaen ved siden av kroppen hennes.<\/p>\n<p><img alt=\"En puma, ogs\u00e5 kalt fjell\u00f8ve, blant to tr\u00e6r langs Crosier Mountain-stien, hvor en kvinne ble drept i et angrep denne uken.  Foto: Gary Messina \/ AP \/ NTB\" class=\"_image_qp4xg_65 layout-component layout-normal\" data-fullscreen- data-track-element-type=\"Article image fullscreen\" data-track-name=\"ImageFullscreen\" decoding=\"async\" loading=\"lazy\" height=\"1257\" itemprop=\"image\"  src=\"https:\/\/www.europesays.com\/no\/wp-content\/uploads\/2026\/01\/5ac5676d-05fc-420f-b3ea-05f50cd39634.jpeg\"  style=\"object-position:0% 0%\" width=\"1886\"\/>En puma, ogs\u00e5 kalt fjell\u00f8ve, blant to tr\u00e6r langs Crosier Mountain-stien, hvor en kvinne ble drept i et angrep denne uken.  Foto: Gary Messina \/ AP \/ NTB \u2013 Fant ingen puls<\/p>\n<p class=\"_paragraph_o9xde_4 _paragraph_xtcu6_10 layout-component text-serif-m layout-normal text-serif-m layout-padded\">Turg\u00e5erne skremte det store rovdyret bort ved \u00e5 kaste steiner mot det. En lege var blant dem som fant kvinnen, og fors\u00f8kte \u00e5 hjelpe henne. Men det var for sent.<\/p>\n<p class=\"_paragraph_o9xde_4 _paragraph_xtcu6_10 layout-component text-serif-m layout-normal text-serif-m layout-padded\">\u2013 Legen fant ingen puls, sier Kara Van Hoose, talsperson for Colorado Parks and Wildlife (CPW), til journalister.<\/p>\n<p class=\"_paragraph_o9xde_4 _paragraph_xtcu6_10 layout-component text-serif-m layout-normal text-serif-m layout-padded\">Myndighetene stengte stiene i omr\u00e5det mens <a href=\"https:\/\/cpw.state.co.us\/\" class=\"_link_o9xde_39\" rel=\"nofollow noopener\" target=\"_blank\">CPW<\/a>-offiserer rykket ut til stedet. De skj\u00f8t og drepte to pumaer i n\u00e6rheten.<\/p>\n<p><img alt=\"\" class=\"_image_qp4xg_65 layout-component layout-normal\" data-fullscreen- data-track-element-type=\"Article image fullscreen\" data-track-name=\"ImageFullscreen\" decoding=\"async\" loading=\"lazy\" height=\"2024\" itemprop=\"image\"  src=\"https:\/\/www.europesays.com\/no\/wp-content\/uploads\/2026\/01\/6222feb2-c3d1-4791-8aa0-64b06aaf998f.png\"  style=\"object-position:0% 0%\" width=\"1170\"\/><\/p>\n<p class=\"_paragraph_o9xde_4 _paragraph_xtcu6_10 layout-component text-serif-m layout-normal text-serif-m layout-padded\">Det er forel\u00f8pig ukjent om ett eller flere dyr var involvert i det mistenkte angrepet, opplyser etaten i en uttalelse.<\/p>\n<p class=\"_paragraph_o9xde_4 _paragraph_xtcu6_10 layout-component text-serif-m layout-normal text-serif-m layout-padded\">\u2013 Det var tegn som tydet p\u00e5 at dette var i samsvar med et pumaangrep, sa Van Hoose p\u00e5 en pressekonferanse.<\/p>\n<p class=\"_paragraph_o9xde_4 _paragraph_xtcu6_10 layout-component text-serif-m layout-normal text-serif-m layout-padded\">N\u00e5 skal de d\u00f8de dyrene obduseres. Nyhetsbyr\u00e5et <a href=\"https:\/\/apnews.com\/article\/mountain-lion-attack-colorado-cf743ad2bcf5416276a2197e7f5c7e16\" class=\"_link_o9xde_39\" rel=\"nofollow noopener\" target=\"_blank\">Ap omtaler ogs\u00e5 saken.<\/a><\/p>\n<p> Sjeldent og d\u00f8delig<\/p>\n<p class=\"_paragraph_o9xde_4 _paragraph_xtcu6_10 layout-component text-serif-m layout-normal text-serif-m layout-padded\">Pumaangrep p\u00e5 mennesker i Colorado er sv\u00e6rt sjeldne.<\/p>\n<p class=\"_paragraph_o9xde_4 _paragraph_xtcu6_10 layout-component text-serif-m layout-normal text-serif-m layout-padded\"><strong class=\"_strong_o9xde_25\">Siden 1990 har CPW registrert 28 angrep. Det siste d\u00f8delige angrepet skjedde i 1999.<\/strong><\/p>\n<p class=\"_paragraph_o9xde_4 _paragraph_xtcu6_10 layout-component text-serif-m layout-normal text-serif-m layout-padded\">CPW-patologer skal n\u00e5 utf\u00f8re obduksjoner p\u00e5 de d\u00f8de dyrene. De skal sjekke for abnormaliteter og nevrologiske sykdommer som rabies og fugleinfluensa. I tillegg leter de etter menneskelig DNA.<\/p>\n<p class=\"_paragraph_o9xde_4 _paragraph_xtcu6_10 layout-component text-serif-m layout-normal text-serif-m layout-padded\">Myndighetenes retningslinjer krever at alle pumaer som er involvert i angrep p\u00e5 mennesker blir drept. Dette gj\u00f8res for \u00e5 forhindre gjentatte hendelser.<\/p>\n<p class=\"_paragraph_o9xde_4 _paragraph_xtcu6_10 layout-component text-serif-m layout-normal text-serif-m layout-padded\">Hvis det ikke blir funnet menneskelig DNA p\u00e5 noen av de d\u00f8de pumaene, vil myndighetene fortsette \u00e5 lete etter dyr som kan ha v\u00e6rt involvert, opplyser Van Hoose.<\/p>\n<p class=\"_paragraph_o9xde_4 _paragraph_xtcu6_10 layout-component text-serif-m layout-normal text-serif-m layout-padded\">Larimer County Coroner vil offentliggj\u00f8re identiteten til offeret og d\u00f8ds\u00e5rsaken.<\/p>\n<p><img alt=\"Mountain Lion \u2013 eller puma. Det var en slik som skal ha drept kvinnen.  Foto: EZEQUIEL BECERRA \/ AFP \/ NTB\" class=\"_image_qp4xg_65 layout-component layout-normal\" data-fullscreen- data-track-element-type=\"Article image fullscreen\" data-track-name=\"ImageFullscreen\" decoding=\"async\" loading=\"lazy\" height=\"4054\" itemprop=\"image\"  src=\"https:\/\/www.europesays.com\/no\/wp-content\/uploads\/2026\/01\/dd5a1a1f-9c6a-4823-8c8a-d5b6b432a953.jpeg\"  style=\"object-position:0% 0%\" width=\"6081\"\/>Mountain Lion \u2013 eller puma. Det var en slik som skal ha drept kvinnen.  Foto: EZEQUIEL BECERRA \/ AFP \/ NTB Nesten utryddet<\/p>\n<p class=\"_paragraph_o9xde_4 _paragraph_xtcu6_10 layout-component text-serif-m layout-normal text-serif-m layout-padded\">Colorado har en b\u00e6rekraftig pumapopulasjon.<\/p>\n<p class=\"_paragraph_o9xde_4 _paragraph_xtcu6_10 layout-component text-serif-m layout-normal text-serif-m layout-padded\">CPW ansl\u00e5r at det er mellom 3800 og 4400 voksne pumaer i delstaten. Bevaringsarbeid har brakt arten tilbake fra nesten utryddelse p\u00e5 1960-tallet, da dus\u00f8rjakt nesten utryddet dem.<\/p>\n<p class=\"_paragraph_o9xde_4 _paragraph_xtcu6_10 layout-component text-serif-m layout-normal text-serif-m layout-padded\">Dyrene beveger seg ned til lavere h\u00f8yder om vinteren i Front Range-omr\u00e5det av Colorados Rocky Mountains. Der jakter de p\u00e5 byttedyr som hjort og elg.<\/p>\n<p class=\"_paragraph_o9xde_4 _paragraph_xtcu6_10 layout-component text-serif-m layout-normal text-serif-m layout-padded\">Dette \u00f8ker sjansene for m\u00f8ter med hunder og mennesker.<\/p>\n<p class=\"_paragraph_o9xde_4 _paragraph_xtcu6_10 layout-component text-serif-m layout-normal text-serif-m layout-padded\">\u2013 Fordi pumaer er veldig vanlige i dette omr\u00e5det, forventer vi \u00e5 ha konflikter, sier Van Hoose.<\/p>\n<p> Farlige m\u00f8ter<\/p>\n<p class=\"_paragraph_o9xde_4 _paragraph_xtcu6_10 layout-component text-serif-m layout-normal text-serif-m layout-padded\">Vinterm\u00e5nedene bringer pumaene n\u00e6rmere mennesker.<\/p>\n<p class=\"_paragraph_o9xde_4 _paragraph_xtcu6_10 layout-component text-serif-m layout-normal text-serif-m layout-padded\">Dyrene beveger seg ned til lavere h\u00f8yder om vinteren i Front Range-omr\u00e5det av Colorados Rocky Mountains i s\u00f8ken etter byttedyr.<\/p>\n<p class=\"_paragraph_o9xde_4 _paragraph_xtcu6_10 layout-component text-serif-m layout-normal text-serif-m layout-padded\">Kvinnen som ble drept gikk tur alene iCrosier Mountain-stien som g\u00e5r gjennom det avsides skogsomr\u00e5det.<\/p>\n<p><img alt=\"Bildet viser en puma i det samme omr\u00e5det som kvinnen ble drept f\u00f8rste nytt\u00e5rsdag. Det ble tatt 11. november i fjor.  Foto: Gary Messina \/ AP \/ NTB\" class=\"_image_qp4xg_65 layout-component layout-normal\" data-fullscreen- data-track-element-type=\"Article image fullscreen\" data-track-name=\"ImageFullscreen\" decoding=\"async\" loading=\"lazy\" height=\"1257\" itemprop=\"image\"  src=\"https:\/\/www.europesays.com\/no\/wp-content\/uploads\/2026\/01\/0bfb4b2d-498d-4207-9363-ac89fd6ebea8.jpeg\"  style=\"object-position:0% 0%\" width=\"1886\"\/>Bildet viser en puma i det samme omr\u00e5det som kvinnen ble drept f\u00f8rste nytt\u00e5rsdag. Det ble tatt 11. november i fjor.  Foto: Gary Messina \/ AP \/ NTB<\/p>\n<p class=\"_paragraph_o9xde_4 _paragraph_xtcu6_10 layout-component text-serif-m layout-normal text-serif-m layout-padded\">Et helikopter ble brukt til \u00e5 frakte redningsmannskaper til stedet og hjelpe turg\u00e5ere ned fra fjellet etter fjell-l\u00f8veangrepet, som er et annet navn p\u00e5 pumaene.<\/p>\n<p class=\"_paragraph_o9xde_4 _paragraph_xtcu6_10 layout-component text-serif-m layout-normal text-serif-m layout-padded\">Turg\u00e5ere oppfordres til \u00e5 v\u00e6re ekstra forsiktige, spesielt om vinteren n\u00e5r pumaene er mer aktive i lavere omr\u00e5der.<\/p>\n","protected":false},"excerpt":{"rendered":"En kvinne ble drept av en puma mens hun gikk tur alene i Colorado. Det er det f\u00f8rste&hellip;\n","protected":false},"author":2,"featured_media":127575,"comment_status":"","ping_status":"","sticky":false,"template":"","format":"standard","meta":{"footnotes":""},"categories":[12],"tags":[20,21,1655,14929,24,25,15,22,23,13,30,28,29,14,16,14928,26,27,42,43,44,45],"class_list":{"0":"post-127574","1":"post","2":"type-post","3":"status-publish","4":"format-standard","5":"has-post-thumbnail","7":"category-verden","8":"tag-breaking-news","9":"tag-breakingnews","10":"tag-colorado","11":"tag-denver","12":"tag-featured-news","13":"tag-featurednews","14":"tag-headlines","15":"tag-latest-news","16":"tag-latestnews","17":"tag-news","18":"tag-no","19":"tag-norge","20":"tag-norway","21":"tag-nyheter","22":"tag-overskrifter","23":"tag-puma","24":"tag-top-stories","25":"tag-topstories","26":"tag-verden","27":"tag-world","28":"tag-world-news","29":"tag-worldnews"},"share_on_mastodon":{"url":"https:\/\/pubeurope.com\/@no\/115828634716679199","error":""},"_links":{"self":[{"href":"https:\/\/www.europesays.com\/no\/wp-json\/wp\/v2\/posts\/127574","targetHints":{"allow":["GET"]}}],"collection":[{"href":"https:\/\/www.europesays.com\/no\/wp-json\/wp\/v2\/posts"}],"about":[{"href":"https:\/\/www.europesays.com\/no\/wp-json\/wp\/v2\/types\/post"}],"author":[{"embeddable":true,"href":"https:\/\/www.europesays.com\/no\/wp-json\/wp\/v2\/users\/2"}],"replies":[{"embeddable":true,"href":"https:\/\/www.europesays.com\/no\/wp-json\/wp\/v2\/comments?post=127574"}],"version-history":[{"count":0,"href":"https:\/\/www.europesays.com\/no\/wp-json\/wp\/v2\/posts\/127574\/revisions"}],"wp:featuredmedia":[{"embeddable":true,"href":"https:\/\/www.europesays.com\/no\/wp-json\/wp\/v2\/media\/127575"}],"wp:attachment":[{"href":"https:\/\/www.europesays.com\/no\/wp-json\/wp\/v2\/media?parent=127574"}],"wp:term":[{"taxonomy":"category","embeddable":true,"href":"https:\/\/www.europesays.com\/no\/wp-json\/wp\/v2\/categories?post=127574"},{"taxonomy":"post_tag","embeddable":true,"href":"https:\/\/www.europesays.com\/no\/wp-json\/wp\/v2\/tags?post=127574"}],"curies":[{"name":"wp","href":"https:\/\/api.w.org\/{rel}","templated":true}]}}