{"id":127582,"date":"2026-01-03T01:52:13","date_gmt":"2026-01-03T01:52:13","guid":{"rendered":"https:\/\/www.europesays.com\/no\/127582\/"},"modified":"2026-01-03T01:52:13","modified_gmt":"2026-01-03T01:52:13","slug":"mener-vi-har-et-godt-bilde-pa-det-som-har-skjedd-itromso-no","status":"publish","type":"post","link":"https:\/\/www.europesays.com\/no\/127582\/","title":{"rendered":"(+) \u2013 Mener vi har et godt bilde p\u00e5 det som har skjedd &#8211; itromso.no"},"content":{"rendered":"<ol>\n<li><a href=\"https:\/\/news.google.com\/rss\/articles\/CBMikwFBVV95cUxPY2kyN3FMeXFfRUdISmFCYW1zd2pPR2RWSTQweDJad1RLMC1NVDZJTG1RTWVGWDdVbUN4LVp4MEtyZnRCNl9RVXhvVk9DNDJRLXNRMnc4a2J6X2FHb0tTb09ENUVsM3JDSUV1VWRqRnljUmxfNF9EbTBLeDFzUkhhRjVMTGQwUk42NlN1M1J6aFd0Wjg?oc=5\" target=\"_blank\" rel=\"nofollow noopener\">(+) \u2013 Mener vi har et godt bilde p\u00e5 det som har skjedd<\/a>&nbsp;&nbsp;itromso.no<\/li>\n<li><a href=\"https:\/\/news.google.com\/rss\/articles\/CBMimAFBVV95cUxPZ2ozOUdiSUxZWUVEd194R0k0U0tXbnhWdFZkZGMyLTJCYlB0U2xoQ1Via3haMVNQUzhydGd4MEQ4TEN1MENYSmZMQ3lkbHhaeEJhbzZ1VG9raXBLbVhtYXJReDA3ZzJZMDJLTkxrdnByeHlUeWh4OThoZWZHTC1nTVpzVDFmT0IySllIeGNzbmhXSkl0d1Y4NA?oc=5\" target=\"_blank\" rel=\"nofollow noopener\">(+) Politiet: \u2013 Mener vi har et godt bilde p\u00e5 det som har skjedd<\/a>&nbsp;&nbsp;folkebladet.no<\/li>\n<li><a href=\"https:\/\/news.google.com\/rss\/articles\/CBMiggFBVV95cUxQamFMNDRfbkc1VFNXY2M1cU9fenU2MUFlVWp6Z1lhZ3R6bVdjYnVNcXJIQUpGMjhOenJLN1dIMTRXSlpZMnlZeTc4Yk9oWTlEMFZuOFYyRUpMaThMUE00M3NFbVFJYkFYcG9oN05WWmh5R3hvUmhXQnpIR2piTkV1UVBR?oc=5\" target=\"_blank\" rel=\"nofollow noopener\">Har avh\u00f8rt to vitner etter d\u00f8dsulykken<\/a>&nbsp;&nbsp;Nordlys<\/li>\n<li><a href=\"https:\/\/news.google.com\/rss\/articles\/CBMikwFBVV95cUxPVE1LUjJ0R0l0cGJiNmtNdnJCTFNKa1NwendxeEp5RGVMcENQYmhlRlJZR3ZIU2lxaUliVmZkSmJldzVORDU4N2J0clo4VXlyRk94dExMazgzVHBuc0RuSHZzWUowVnhucW8tRlJ6NzJlQnItSUFHZE5tcExGYmJhYmV1Qjd1a1UyUEhtMWdkQVNmb0k?oc=5\" target=\"_blank\" rel=\"nofollow noopener\">Mann fors\u00f8kte \u00e5 hjelpe etter utforkj\u00f8ring &#8211; ble fastklemt og d\u00f8de<\/a>&nbsp;&nbsp;VG<\/li>\n<li><a href=\"https:\/\/news.google.com\/rss\/articles\/CBMicEFVX3lxTE9LZllwOGY4ZURCZjZDaVl3eHl5VmdUVmo2REU5RVAtaER0NFZwVENzLXdkRWE0dkc5SDdPRmtEaTFaVl9EVjl4cEFHNF94VXlteFBCMXBaT1lsQ1BEanQwSGJmdnlFLVdYakFoWjdmeDc?oc=5\" target=\"_blank\" rel=\"nofollow noopener\">Pr\u00f8vde \u00e5 hjelpe &#8211; omkom<\/a>&nbsp;&nbsp;Dagbladet<\/li>\n<\/ol>\n","protected":false},"excerpt":{"rendered":"(+) \u2013 Mener vi har et godt bilde p\u00e5 det som har skjedd&nbsp;&nbsp;itromso.no (+) Politiet: \u2013 Mener vi&hellip;\n","protected":false},"author":2,"featured_media":93436,"comment_status":"","ping_status":"","sticky":false,"template":"","format":"standard","meta":{"footnotes":""},"categories":[10],"tags":[20,21,2616,24,25,15,22,23,13,30,28,29,14,16,1624,26,27],"class_list":{"0":"post-127582","1":"post","2":"type-post","3":"status-publish","4":"format-standard","5":"has-post-thumbnail","7":"category-norge","8":"tag-breaking-news","9":"tag-breakingnews","10":"tag-dodsulykker","11":"tag-featured-news","12":"tag-featurednews","13":"tag-headlines","14":"tag-latest-news","15":"tag-latestnews","16":"tag-news","17":"tag-no","18":"tag-norge","19":"tag-norway","20":"tag-nyheter","21":"tag-overskrifter","22":"tag-salangen","23":"tag-top-stories","24":"tag-topstories"},"share_on_mastodon":{"url":"https:\/\/pubeurope.com\/@no\/115828669984476132","error":""},"_links":{"self":[{"href":"https:\/\/www.europesays.com\/no\/wp-json\/wp\/v2\/posts\/127582","targetHints":{"allow":["GET"]}}],"collection":[{"href":"https:\/\/www.europesays.com\/no\/wp-json\/wp\/v2\/posts"}],"about":[{"href":"https:\/\/www.europesays.com\/no\/wp-json\/wp\/v2\/types\/post"}],"author":[{"embeddable":true,"href":"https:\/\/www.europesays.com\/no\/wp-json\/wp\/v2\/users\/2"}],"replies":[{"embeddable":true,"href":"https:\/\/www.europesays.com\/no\/wp-json\/wp\/v2\/comments?post=127582"}],"version-history":[{"count":0,"href":"https:\/\/www.europesays.com\/no\/wp-json\/wp\/v2\/posts\/127582\/revisions"}],"wp:featuredmedia":[{"embeddable":true,"href":"https:\/\/www.europesays.com\/no\/wp-json\/wp\/v2\/media\/93436"}],"wp:attachment":[{"href":"https:\/\/www.europesays.com\/no\/wp-json\/wp\/v2\/media?parent=127582"}],"wp:term":[{"taxonomy":"category","embeddable":true,"href":"https:\/\/www.europesays.com\/no\/wp-json\/wp\/v2\/categories?post=127582"},{"taxonomy":"post_tag","embeddable":true,"href":"https:\/\/www.europesays.com\/no\/wp-json\/wp\/v2\/tags?post=127582"}],"curies":[{"name":"wp","href":"https:\/\/api.w.org\/{rel}","templated":true}]}}