{"id":127610,"date":"2026-01-03T03:51:14","date_gmt":"2026-01-03T03:51:14","guid":{"rendered":"https:\/\/www.europesays.com\/no\/127610\/"},"modified":"2026-01-03T03:51:14","modified_gmt":"2026-01-03T03:51:14","slug":"internasjonal-kamp-mot-mafia-og-karteller-85-pagrepet-i-storaksjon","status":"publish","type":"post","link":"https:\/\/www.europesays.com\/no\/127610\/","title":{"rendered":"Internasjonal kamp mot mafia og karteller: 85 p\u00e5grepet i storaksjon"},"content":{"rendered":"<p><strong>En internasjonal politioperasjon koordinert av INTERPOL har f\u00f8rt til p\u00e5gripelsen av 85 internasjonalt etterlyste personer, samt lokaliseringen av ytterligere 18 etters\u00f8kte.<\/strong><\/p>\n<p><a href=\"https:\/\/www.interpol.int\/en\/News-and-Events\/News\/2025\/International-fugitive-hunt-leads-to-85-arrests\" rel=\"nofollow noopener\" target=\"_blank\">Aksjonen <\/a>samlet etterforskere fra 17 land, som delte etterretning i sanntid og koordinerte innsatsen mot 184 h\u00f8yt prioriterte saker, melder <a href=\"https:\/\/www.interpol.int\/en\/News-and-Events\/News\/2025\/International-fugitive-hunt-leads-to-85-arrests\" rel=\"nofollow noopener\" target=\"_blank\">INTERPOL<\/a>.<\/p>\n<p><strong>Grove vold- og organisert kriminalitetssaker<\/strong><\/p>\n<p>Prioriteringen av sakene ble fastlagt under operative m\u00f8ter i El Salvador og Ecuador, der INTERPOLs enhet for etterforskning av etters\u00f8kte samarbeidet med nasjonale politimyndigheter om \u00e5 identifisere de mest farlige flyktningene, s\u00e6rlig personer med tilknytning til transnasjonal organisert kriminalitet.<\/p>\n<p>I tillegg ble flere p\u00e5grepet for menneskehandel, hvitvasking og annen kriminalitet knyttet til organiserte kriminelle nettverk.<\/p>\n<p><strong>Blant de p\u00e5grepne var:<\/strong><\/p>\n<ul class=\"wp-block-list\">\n<li>19 personer etterlyst for drap<\/li>\n<li>29 for narkotikakriminalitet<\/li>\n<li>28 for forbrytelser mot barn<\/li>\n<li>7 for voldtekt<\/li>\n<\/ul>\n<p>I Spania ble Lissette Ysabel Rojas Guevara, en av Chiles mest etters\u00f8kte personer, p\u00e5grepet. Hun knyttes til den kriminelle organisasjonen Tren de Aragua og mistenkes for \u00e5 ha v\u00e6rt involvert i et kryptobedrageri p\u00e5 rundt 150 millioner dollar, brukt til \u00e5 hvitvaske penger fra narkotikahandel og utpressing.<\/p>\n<p>I Portugal ble brasilianske Daniel Zago, med p\u00e5st\u00e5tte b\u00e5nd til den kriminelle organisasjonen Primeiro Comando da Capital (PCC), arrestert. P\u00e5gripelsen rammet en sentral smuglingsrute for kokain fra S\u00e3o Paulo til Europa.<\/p>\n<p>I De forente arabiske emirater ble albanske Dritan Gjika p\u00e5grepet, mistenkt for kokainsmugling fra Ecuador, kamuflert som bananeksport.<\/p>\n<p>I Ecuador ble en litauisk statsborger etterlyst for narkotikakriminalitet arrestert etter samarbeid mellom lokal politi og INTERPOL.<\/p>\n<p>I Chile ble ni etters\u00f8kte personer p\u00e5grepet etter at landet sluttet seg til EL PACCTO 2.0-prosjektet i juni 2025.<\/p>\n<p><strong>Les ogs\u00e5: <a href=\"https:\/\/inyheter.no\/26\/06\/2025\/verdens-storste-aksjon-mot-ulovlige-legemidler-769-arrestert\/\" rel=\"nofollow noopener\" target=\"_blank\">Verdens st\u00f8rste aksjon mot ulovlige legemidler: 769 arrestert<\/a><\/strong><\/p>\n<p><strong>Del av EU-st\u00f8ttet initiativ<\/strong><\/p>\n<p><a href=\"https:\/\/www.interpol.int\/en\/News-and-Events\/News\/2025\/International-fugitive-hunt-leads-to-85-arrests\" rel=\"nofollow noopener\" target=\"_blank\">Operasjonen <\/a>ble gjennomf\u00f8rt som del av INTERPOLs st\u00f8tte til EL PACCTO 2.0, et EU-finansiert initiativ som har som m\u00e5l \u00e5 etablere et permanent internasjonalt nettverk av etterforskere med ansvar for etters\u00f8kte personer.<\/p>\n<p>Prosjektet finansieres av EU-kommisjonens generaldirektorat for internasjonale partnerskap, og omfattet Latin-Amerika, Karibia og Europa.<\/p>\n<p>M\u00e5let er \u00e5 styrke grensekryssende politisamarbeid gjennom felles etterforskning og standardisert informasjonsutveksling om noen av verdens mest etters\u00f8kte kriminelle.<\/p>\n<p>Etterforskningen har s\u00e6rlig rettet seg mot internasjonale kriminelle nettverk som MS-13, albanske mafiafraksjoner og den v\u00e6pnede gruppen Comandos de las Fronteras. If\u00f8lge INTERPOL ventes ytterligere p\u00e5gripelser etter hvert som etterforskningen fortsetter.<\/p>\n","protected":false},"excerpt":{"rendered":"En internasjonal politioperasjon koordinert av INTERPOL har f\u00f8rt til p\u00e5gripelsen av 85 internasjonalt etterlyste personer, samt lokaliseringen av&hellip;\n","protected":false},"author":2,"featured_media":127611,"comment_status":"","ping_status":"","sticky":false,"template":"","format":"standard","meta":{"footnotes":""},"categories":[12],"tags":[20,21,24,25,15,4190,22,23,12081,14931,13,30,28,29,14,9964,16,1441,26,27,42,43,44,45],"class_list":{"0":"post-127610","1":"post","2":"type-post","3":"status-publish","4":"format-standard","5":"has-post-thumbnail","7":"category-verden","8":"tag-breaking-news","9":"tag-breakingnews","10":"tag-featured-news","11":"tag-featurednews","12":"tag-headlines","13":"tag-interpol","14":"tag-latest-news","15":"tag-latestnews","16":"tag-mafia","17":"tag-ms-13","18":"tag-news","19":"tag-no","20":"tag-norge","21":"tag-norway","22":"tag-nyheter","23":"tag-organisert-kriminalitet","24":"tag-overskrifter","25":"tag-svindel","26":"tag-top-stories","27":"tag-topstories","28":"tag-verden","29":"tag-world","30":"tag-world-news","31":"tag-worldnews"},"share_on_mastodon":{"url":"https:\/\/pubeurope.com\/@no\/115829137985343431","error":""},"_links":{"self":[{"href":"https:\/\/www.europesays.com\/no\/wp-json\/wp\/v2\/posts\/127610","targetHints":{"allow":["GET"]}}],"collection":[{"href":"https:\/\/www.europesays.com\/no\/wp-json\/wp\/v2\/posts"}],"about":[{"href":"https:\/\/www.europesays.com\/no\/wp-json\/wp\/v2\/types\/post"}],"author":[{"embeddable":true,"href":"https:\/\/www.europesays.com\/no\/wp-json\/wp\/v2\/users\/2"}],"replies":[{"embeddable":true,"href":"https:\/\/www.europesays.com\/no\/wp-json\/wp\/v2\/comments?post=127610"}],"version-history":[{"count":0,"href":"https:\/\/www.europesays.com\/no\/wp-json\/wp\/v2\/posts\/127610\/revisions"}],"wp:featuredmedia":[{"embeddable":true,"href":"https:\/\/www.europesays.com\/no\/wp-json\/wp\/v2\/media\/127611"}],"wp:attachment":[{"href":"https:\/\/www.europesays.com\/no\/wp-json\/wp\/v2\/media?parent=127610"}],"wp:term":[{"taxonomy":"category","embeddable":true,"href":"https:\/\/www.europesays.com\/no\/wp-json\/wp\/v2\/categories?post=127610"},{"taxonomy":"post_tag","embeddable":true,"href":"https:\/\/www.europesays.com\/no\/wp-json\/wp\/v2\/tags?post=127610"}],"curies":[{"name":"wp","href":"https:\/\/api.w.org\/{rel}","templated":true}]}}