{"id":12763,"date":"2025-08-20T02:54:08","date_gmt":"2025-08-20T02:54:08","guid":{"rendered":"https:\/\/www.europesays.com\/no\/12763\/"},"modified":"2025-08-20T02:54:08","modified_gmt":"2025-08-20T02:54:08","slug":"nye-detaljer-om-trippeldrap-i-usa","status":"publish","type":"post","link":"https:\/\/www.europesays.com\/no\/12763\/","title":{"rendered":"Nye detaljer om trippeldrap i USA"},"content":{"rendered":"\n<p class=\"_lead_1bvmi_2 _lead_xtcu6_50 layout-component text-serif-m layout-normal text-serif-l layout-component layout-wide layout-padded _wide_17hqh_1 layout-padded\">Jentene ble funnet med plastposer over hodet og hendene var bundet. Faren er fortsatt p\u00e5 r\u00f8mmen.<\/p>\n<p><img alt=\"S\u00f8strene Olivia (5), Paityn (9) og Evelyn (8) ble funnet d\u00f8de i juni. Foto: Privat \/ Politiet i Wenatchee\" class=\"_image_qp4xg_65 layout-component layout-wide\" data-fullscreen- data-track-element-type=\"Article image fullscreen\" data-track-name=\"ImageFullscreen\" fetchpriority=\"high\" decoding=\"sync\" loading=\"eager\" height=\"532\" itemprop=\"image\"  src=\"https:\/\/www.europesays.com\/no\/wp-content\/uploads\/2025\/08\/37aa9ff6-7b42-4025-8dcc-ed706b0c30b3\"  style=\"object-position:0% 0%\" width=\"750\"\/>S\u00f8strene Olivia (5), Paityn (9) og Evelyn (8) ble funnet d\u00f8de i juni. Foto: Privat \/ Politiet i Wenatchee<\/p>\n<ul aria-hidden=\"true\" class=\"_images_1y6fe_106\">\n<li><a class=\"_link_1y6fe_111\" href=\"https:\/\/www.vg.no\/forfatter\/einar-torkelsen\" style=\"z-index:1\" title=\"Einar Torkelsen\" rel=\"nofollow noopener\" target=\"_blank\"><img alt=\"Bilde av Einar Torkelsen\" class=\"_image_1y6fe_88\" fetchpriority=\"low\" loading=\"lazy\" decoding=\"async\" itemprop=\"image\"  src=\"https:\/\/www.europesays.com\/no\/wp-content\/uploads\/2025\/08\/1755658448_692_f6016772-ddbc-43d2-b733-41afc7cc9046\"  width=\"480\"\/><\/a><\/li>\n<\/ul>\n<p> Oppdatert onsdag 20. august kl. 04:09     <\/p>\n<p class=\"_paragraph_1bvmi_4 _paragraph_xtcu6_10 layout-component text-serif-m layout-normal text-serif-m layout-padded\">I juni ble s\u00f8strene Olivia (5), Paityn (9) og Evelyn (8) funnet d\u00f8de i Chelan County i Washington. <\/p>\n<p class=\"_paragraph_1bvmi_4 _paragraph_xtcu6_10 layout-component text-serif-m layout-normal text-serif-m layout-padded\">Faren deres Travis Decker er mistenkt for \u00e5 ha drept dem. <\/p>\n<p class=\"_paragraph_1bvmi_4 _paragraph_xtcu6_10 layout-component text-serif-m layout-normal text-serif-m layout-padded\">32-\u00e5ringen har n\u00e5 v\u00e6rt p\u00e5 r\u00f8mmen i nesten tre m\u00e5neder. <\/p>\n<p class=\"_paragraph_1bvmi_4 _paragraph_xtcu6_10 layout-component text-serif-m layout-normal text-serif-m layout-padded\">Jentene ble funnet d\u00f8de med plastposer over hodene sine og hendene bundet med strips. Obduksjoner viste at jentene d\u00f8de av kvelning. <\/p>\n<p>DNA-spor<\/p>\n<p class=\"_paragraph_1bvmi_4 _paragraph_xtcu6_10 layout-component text-serif-m layout-normal text-serif-m layout-padded\">Politiet har denne uken frigitt nye detaljer om saken, skriver <a href=\"https:\/\/abcnews.go.com\/US\/travis-decker-search-authorities-reveal-disturbing-crime-scene\/story?id=124788280\" class=\"_link_1bvmi_39\" rel=\"nofollow noopener\" target=\"_blank\">ABC News<\/a>.<\/p>\n<p class=\"_paragraph_1bvmi_4 _paragraph_xtcu6_10 layout-component text-serif-m layout-normal text-serif-m layout-padded\">If\u00f8lge dem ble to av jentene funnet med \u00e9n plastpose over hodene sine, mens den tredje hadde tre plastposer over hodet. <\/p>\n<p class=\"_paragraph_1bvmi_4 _paragraph_xtcu6_10 layout-component text-serif-m layout-normal text-serif-m layout-padded\">Flere strips l\u00e5 ogs\u00e5 str\u00f8dd rundt likene.<\/p>\n<p class=\"_paragraph_1bvmi_4 _paragraph_xtcu6_10 layout-component text-serif-m layout-normal text-serif-m layout-padded\">Posene og stripsene har v\u00e6rt inne til DNA-analyser. Pr\u00f8vene har vist spor av farens DNA. <\/p>\n<p><img alt=\"Travis Decker er fortsatt p\u00e5 r\u00f8mmen.  Foto: AP \/ NTB\" class=\"_image_qp4xg_65 layout-component layout-normal\" data-fullscreen- data-track-element-type=\"Article image fullscreen\" data-track-name=\"ImageFullscreen\" decoding=\"async\" loading=\"lazy\" height=\"2000\" itemprop=\"image\"  src=\"https:\/\/www.europesays.com\/no\/wp-content\/uploads\/2025\/08\/8c2e2608-f610-4fba-a009-c82a93c64f6a\"  style=\"object-position:0% 0%\" width=\"1481\"\/>Travis Decker er fortsatt p\u00e5 r\u00f8mmen.  Foto: AP \/ NTB<\/p>\n<p class=\"_paragraph_1bvmi_4 _paragraph_xtcu6_10 layout-component text-serif-m layout-normal text-serif-m layout-padded\">Politiet er derfor styrket i mistanken om at det er han som st\u00e5r bak drapene. <\/p>\n<p class=\"_paragraph_1bvmi_4 _paragraph_xtcu6_10 layout-component text-serif-m layout-normal text-serif-m layout-padded\">Blodet til faren ble ogs\u00e5 funnet p\u00e5 bilen hans. <\/p>\n<p>Planlagt bes\u00f8k<\/p>\n<p class=\"_paragraph_1bvmi_4 _paragraph_xtcu6_10 layout-component text-serif-m layout-normal text-serif-m layout-padded\">If\u00f8lge politiet hentet Decker d\u00f8trene sine hos ekskona si 30. mai. Dette var et planlagt bes\u00f8k. Men da jentene ikke ble fraktet hjem i tide, ringte ekskona politiet.<\/p>\n<p class=\"_paragraph_1bvmi_4 _paragraph_xtcu6_10 layout-component text-serif-m layout-normal text-serif-m layout-padded\">Ingen h\u00f8rte fra Decker eller d\u00f8trene. 2. juni ble bilen hans funnet, og s\u00f8strene ble funnet i n\u00e6rheten av politiet. <\/p>\n<p class=\"_paragraph_1bvmi_4 _paragraph_xtcu6_10 layout-component text-serif-m layout-normal text-serif-m layout-padded\">Han regnes if\u00f8lge politiet som bev\u00e6pnet og farlig, men de er ikke sikre p\u00e5 om han fortsatt lever eller ikke. <\/p>\n<p class=\"_paragraph_1bvmi_4 _paragraph_xtcu6_10 layout-component text-serif-m layout-normal text-serif-m layout-padded\">Politiet har utl\u00f8st en dus\u00f8r p\u00e5 20.000 dollar, omtrent 200.000 kroner, for informasjon som leder til en p\u00e5gripelse. <\/p>\n","protected":false},"excerpt":{"rendered":"Jentene ble funnet med plastposer over hodet og hendene var bundet. Faren er fortsatt p\u00e5 r\u00f8mmen. S\u00f8strene Olivia&hellip;\n","protected":false},"author":2,"featured_media":12764,"comment_status":"","ping_status":"","sticky":false,"template":"","format":"standard","meta":{"footnotes":""},"categories":[12],"tags":[20,21,377,24,25,15,148,22,23,13,30,28,29,14,16,26,27,50,42,43,44,45],"class_list":{"0":"post-12763","1":"post","2":"type-post","3":"status-publish","4":"format-standard","5":"has-post-thumbnail","7":"category-verden","8":"tag-breaking-news","9":"tag-breakingnews","10":"tag-drap","11":"tag-featured-news","12":"tag-featurednews","13":"tag-headlines","14":"tag-kriminalitet","15":"tag-latest-news","16":"tag-latestnews","17":"tag-news","18":"tag-no","19":"tag-norge","20":"tag-norway","21":"tag-nyheter","22":"tag-overskrifter","23":"tag-top-stories","24":"tag-topstories","25":"tag-usa","26":"tag-verden","27":"tag-world","28":"tag-world-news","29":"tag-worldnews"},"share_on_mastodon":{"url":"","error":""},"_links":{"self":[{"href":"https:\/\/www.europesays.com\/no\/wp-json\/wp\/v2\/posts\/12763","targetHints":{"allow":["GET"]}}],"collection":[{"href":"https:\/\/www.europesays.com\/no\/wp-json\/wp\/v2\/posts"}],"about":[{"href":"https:\/\/www.europesays.com\/no\/wp-json\/wp\/v2\/types\/post"}],"author":[{"embeddable":true,"href":"https:\/\/www.europesays.com\/no\/wp-json\/wp\/v2\/users\/2"}],"replies":[{"embeddable":true,"href":"https:\/\/www.europesays.com\/no\/wp-json\/wp\/v2\/comments?post=12763"}],"version-history":[{"count":0,"href":"https:\/\/www.europesays.com\/no\/wp-json\/wp\/v2\/posts\/12763\/revisions"}],"wp:featuredmedia":[{"embeddable":true,"href":"https:\/\/www.europesays.com\/no\/wp-json\/wp\/v2\/media\/12764"}],"wp:attachment":[{"href":"https:\/\/www.europesays.com\/no\/wp-json\/wp\/v2\/media?parent=12763"}],"wp:term":[{"taxonomy":"category","embeddable":true,"href":"https:\/\/www.europesays.com\/no\/wp-json\/wp\/v2\/categories?post=12763"},{"taxonomy":"post_tag","embeddable":true,"href":"https:\/\/www.europesays.com\/no\/wp-json\/wp\/v2\/tags?post=12763"}],"curies":[{"name":"wp","href":"https:\/\/api.w.org\/{rel}","templated":true}]}}