{"id":127670,"date":"2026-01-03T07:22:18","date_gmt":"2026-01-03T07:22:18","guid":{"rendered":"https:\/\/www.europesays.com\/no\/127670\/"},"modified":"2026-01-03T07:22:18","modified_gmt":"2026-01-03T07:22:18","slug":"studielan-studiegjeld-nesten-800-pa-nord-helgeland-kan-na-fa-slettet-studiegjeld","status":"publish","type":"post","link":"https:\/\/www.europesays.com\/no\/127670\/","title":{"rendered":"Studiel\u00e5n, Studiegjeld | Nesten 800 p\u00e5 Nord-Helgeland kan n\u00e5 f\u00e5 slettet studiegjeld"},"content":{"rendered":"\n<p>\u2013 Vi sletter studiegjeld fordi vi vil at folk skal kunne velge \u00e5 bo og jobbe i hele Norge, sier Erling Sande, parlamentarisk nestleder i Senterpartiet i en pressemelding.<\/p>\n<p>Fra 1. januar i \u00e5r er det Senterpartiet omtaler som \u00abett av de viktigste distriktsgrepene i nyere tid en realitet\u00bb. Det inneb\u00e6rer at innbyggerne i de sm\u00e5 kommunene kan f\u00e5 slettet 25.000 kroner av studiel\u00e5net hvert \u00e5r.<\/p>\n<p>M\u00e5let med dette er \u00e5 sikre rekruttering av folk og kompetanse til n\u00e6ringslivet og velferdstjenester i alle deler av landet.<\/p>\n<p>Stort engasjement<\/p>\n<p>I v\u00e5rt distrikt er det innbyggere i Hemnes, Nesna, Lur\u00f8y, Tr\u00e6na og R\u00f8d\u00f8y som vil kunne benytte seg av denne tjenesten.<\/p>\n<p>Totalt er det rundt 60.000 som kan f\u00e5 nytte av ordningen. Lokalt er det beregnet cirka 330 i Hemnes, 150 i Lur\u00f8y, 160 i Nesna, 90 i R\u00f8d\u00f8y og 40 i Tr\u00e6na, if\u00f8lge pressemeldingen. Totalt 770 i distriktet.<\/p>\n<p>\u2013 Skal vi motvirke sentralisering og bygge sterke lokalsamfunn i hele landet, m\u00e5 vi legge til rette for at folk kan bo og arbeide der behovene er st\u00f8rst, sier Sande.<\/p>\n<p>Ordningen skapte stort engasjement i h\u00f8st da Arbeiderpartiet \u00f8nsket \u00e5 svekke den i sitt forslag til statsbudsjett. Da var forslaget blant annet at Hemnes (fra sone 5) ikke skulle v\u00e6re med i ordningen, og at den kun skulle gjelde sone 6 (de minste kommunene). Men reaksjonene var sterke og ligger n\u00e5 fast etter forhandlingene om statsbudsjettet.<\/p>\n<p>\u2013 Sp har v\u00e6rt tydelig p\u00e5 at gjeldsslette for de som bosetter seg i distriktene er et m\u00e5lrettet og effektivt virkemiddel, sier Sande.<\/p>\n<p>Kan s\u00f8ke fra mandag<\/p>\n<p>Alle som bor i de minst sentrale kommunene og kvalifiserer for ordningen kan s\u00f8ke til L\u00e5nekassen fra 5. januar. Gjeldsslettingen gjelder fra datoen det er meldt flytting til en kommune som er omfattet av ordningen.<\/p>\n<p>\u2013 L\u00e6rere, helsepersonell, h\u00e5ndverkere og industriarbeidere er helt avgj\u00f8rende for et levende lokalsamfunn i hele Norge. Det investeres hvert \u00e5r store summer i utdanning og kunnskap, og n\u00e5 bruker vi midler for \u00e5 stimulere til at denne kunnskapet kommer hele landet til gode, sier Sande.<\/p>\n","protected":false},"excerpt":{"rendered":"\u2013 Vi sletter studiegjeld fordi vi vil at folk skal kunne velge \u00e5 bo og jobbe i hele&hellip;\n","protected":false},"author":2,"featured_media":127345,"comment_status":"","ping_status":"","sticky":false,"template":"","format":"standard","meta":{"footnotes":""},"categories":[10],"tags":[36,20,21,24,25,15,3413,22,23,1782,1781,13,30,28,29,14,16,1079,1783,1963,1510,14915,9122,26,27,1784],"class_list":{"0":"post-127670","1":"post","2":"type-post","3":"status-publish","4":"format-standard","5":"has-post-thumbnail","7":"category-norge","8":"tag-art","9":"tag-breaking-news","10":"tag-breakingnews","11":"tag-featured-news","12":"tag-featurednews","13":"tag-headlines","14":"tag-hemnes","15":"tag-latest-news","16":"tag-latestnews","17":"tag-luroy","18":"tag-nesna","19":"tag-news","20":"tag-no","21":"tag-norge","22":"tag-norway","23":"tag-nyheter","24":"tag-overskrifter","25":"tag-rana-blad-ung","26":"tag-rodoy","27":"tag-senterpartiet","28":"tag-story","29":"tag-studiegjeld","30":"tag-studielan","31":"tag-top-stories","32":"tag-topstories","33":"tag-traena"},"share_on_mastodon":{"url":"https:\/\/pubeurope.com\/@no\/115829967583300569","error":""},"_links":{"self":[{"href":"https:\/\/www.europesays.com\/no\/wp-json\/wp\/v2\/posts\/127670","targetHints":{"allow":["GET"]}}],"collection":[{"href":"https:\/\/www.europesays.com\/no\/wp-json\/wp\/v2\/posts"}],"about":[{"href":"https:\/\/www.europesays.com\/no\/wp-json\/wp\/v2\/types\/post"}],"author":[{"embeddable":true,"href":"https:\/\/www.europesays.com\/no\/wp-json\/wp\/v2\/users\/2"}],"replies":[{"embeddable":true,"href":"https:\/\/www.europesays.com\/no\/wp-json\/wp\/v2\/comments?post=127670"}],"version-history":[{"count":0,"href":"https:\/\/www.europesays.com\/no\/wp-json\/wp\/v2\/posts\/127670\/revisions"}],"wp:featuredmedia":[{"embeddable":true,"href":"https:\/\/www.europesays.com\/no\/wp-json\/wp\/v2\/media\/127345"}],"wp:attachment":[{"href":"https:\/\/www.europesays.com\/no\/wp-json\/wp\/v2\/media?parent=127670"}],"wp:term":[{"taxonomy":"category","embeddable":true,"href":"https:\/\/www.europesays.com\/no\/wp-json\/wp\/v2\/categories?post=127670"},{"taxonomy":"post_tag","embeddable":true,"href":"https:\/\/www.europesays.com\/no\/wp-json\/wp\/v2\/tags?post=127670"}],"curies":[{"name":"wp","href":"https:\/\/api.w.org\/{rel}","templated":true}]}}