{"id":127673,"date":"2026-01-03T07:28:18","date_gmt":"2026-01-03T07:28:18","guid":{"rendered":"https:\/\/www.europesays.com\/no\/127673\/"},"modified":"2026-01-03T07:28:18","modified_gmt":"2026-01-03T07:28:18","slug":"ble-sendt-pa-rehab-og-matte-beklage-nakenbilder","status":"publish","type":"post","link":"https:\/\/www.europesays.com\/no\/127673\/","title":{"rendered":"Ble sendt p\u00e5 rehab og m\u00e5tte beklage nakenbilder"},"content":{"rendered":"<p>Han er kanskje en av verdens mest kjente fjes. Helt siden han ble f\u00f8dt, har prins Harrys (41) ansikt blitt plastret ut over de st\u00f8rste tabloidblekkene i verden, og privatlivet hans har stadig blitt brettet ut for verden.<\/p>\n<p>S\u00e6rlig bildene av den unge prinsen og storebror William under <a href=\"https:\/\/www.dagbladet.no\/kjendis\/minnet-ham-om-dianas-begravelse\/77183556\" rel=\"nofollow noopener\" target=\"_blank\">prinsesse Dianas begravelse har brent seg fast i minnet hos mange<\/a>.<\/p>\n<p>        <img loading=\"lazy\" decoding=\"async\" src=\"https:\/\/www.europesays.com\/no\/wp-content\/uploads\/2026\/01\/84049165.webp.webp\" width=\"667\" height=\"507\" title=\"MISTET MAMMA: Prins William, prins Harry og prins Charles under prinsesse Dianas begravelse i 1997. \u00c5ra etter ble vanskelige for begge s\u00f8nnene. Foto: Pa Photos \/ NTB\" alt=\"\" class=\"\" style=\"--aspect-ratio-image: 1.32; \"\/><\/p>\n<p>\n        MISTET MAMMA: Prins William, prins Harry og prins Charles under prinsesse Dianas begravelse i 1997. \u00c5ra etter ble vanskelige for begge s\u00f8nnene. Foto: Pa Photos \/ NTB\n    <\/p>\n<p>Hun d\u00f8de etter en <a href=\"https:\/\/www.dagbladet.no\/kjendis\/slik-var-dianas-siste-dager-ombestemte-seg-timer-for-dodskrasjet\/68569178\" rel=\"nofollow noopener\" target=\"_blank\">bilulykke i Pont de l&#8217;Alma-tunnellen i Paris i 1997<\/a>, og Harry har v\u00e6rt \u00e5pen om at tida etter var sv\u00e6rt krevende for ham.<\/p>\n<p>I dag lever han et tidvis <a href=\"https:\/\/www.dagbladet.no\/kjendis\/fullstendig-katastrofe\/83316081\" rel=\"nofollow noopener\" target=\"_blank\">rolig familieliv i California med kona hertuginne Meghan (44)<\/a> og barna Archie og Lilibet, men selv i disse dager stormer det greit rundt prinsen.<\/p>\n<p>Men f\u00f8r han m\u00f8tte det som i dag er kona hans, skaffet seg barn og trakk seg fra sine kongelige plikter i Storbritannia, levde han et helt annet liv.<\/p>\n<p>        TIL KRIG:  Netflixs dokumentar om prins Harry og hertuginne Meghan har f\u00e5tt sterke reaksjoner av flere. Kongehusekspert Caroline Vagle tror serien kan bidra til splid i familien. Reporter: Maja Walberg Klev<\/p>\n<p>Ble sendt p\u00e5 rehab\t<\/p>\n<p>I 2002 snudde han den britiske sladderpressen p\u00e5 hodet da han innr\u00f8mmet han \u00e5 ha r\u00f8yket marihuana (cannabis red.anm.) \u00e5ret tidligere.<\/p>\n<p>Innr\u00f8mmelsen kom etter at faren hans, den gang prins Charles, hadde konfrontert ham med r\u00f8ykingen. Harry var den gang 16 \u00e5r gammel, og hadde heller ikke lov til \u00e5 drikke alkohol.<\/p>\n<p>        <img loading=\"lazy\" decoding=\"async\" src=\"https:\/\/www.europesays.com\/no\/wp-content\/uploads\/2026\/01\/84049134.webp.webp\" width=\"667\" height=\"647\" title=\"TOK GREP: Prins Charles, som i dag er konge, tok grep umiddelbart da den unge prins Harry innr\u00f8mmet ulovlig rusbruk. Her er far og s\u00f8nn avbildet i 2002. Foto: Jonathan Buckmaster \/ Reuters \/ NTB\" alt=\"\" class=\"\" style=\"--aspect-ratio-image: 1.03; \"\/><\/p>\n<p>\n        TOK GREP: Prins Charles, som i dag er konge, tok grep umiddelbart da den unge prins Harry innr\u00f8mmet ulovlig rusbruk. Her er far og s\u00f8nn avbildet i 2002. Foto: Jonathan Buckmaster \/ Reuters \/ NTB\n    <\/p>\n<p>Kongelige kilder bekreftet den gang at Harry hadde innr\u00f8mmet \u00e5 ha\u00a0 \u00abeksperimentert\u00bb med cannabis ved flere anledninger hjemme hos faren p\u00e5 Highgrove, samt \u00e5 ha drukket for mye p\u00e5 private fester og p\u00e5 en lokal pub i Wiltshire.<\/p>\n<p>Det skal ha v\u00e6rt en av prins Charles&#8217; ansatte som luktet det p\u00e5 Harrys kl\u00e6r, og seinere informerte Charles.<\/p>\n<p>        <img loading=\"lazy\" decoding=\"async\" src=\"https:\/\/www.europesays.com\/no\/wp-content\/uploads\/2026\/01\/84049154.webp.webp\" width=\"667\" height=\"381\" title=\"BLE SENDT HIT: Harry ble sendt til Featherstone Lodge for en snarvisitt, for at han skulle f\u00e5 \u00abet kort og sterkt sjokk\u00bb. Foto: Andrew Murray \/ REX \/ NTB\" alt=\"\" class=\"\" style=\"--aspect-ratio-image: 1.75; \"\/><\/p>\n<p>\n        BLE SENDT HIT: Harry ble sendt til Featherstone Lodge for en snarvisitt, for at han skulle f\u00e5 \u00abet kort og sterkt sjokk\u00bb. Foto: Andrew Murray \/ REX \/ NTB\n    <\/p>\n<p>Resultatet ble \u00e9n natt p\u00e5 rehabiliteringsklinikken Featherstone Lodge i London, som egentlig var ment for heroinmisbrukere, if\u00f8lge storavisa\u00a0<a href=\"https:\/\/www.theguardian.com\/uk\/2002\/jan\/13\/monarchy.antonybarnett\" rel=\"nofollow noopener\" target=\"_blank\">The Guardian<\/a>. Bes\u00f8ket skal ha v\u00e6rt for \u00e5 gi ham et\u00a0\u00abkort og sterkt sjokk\u00bb.<\/p>\n<p>Skandalen var derimot ikke nok til \u00e5 holde den unge prinsen p\u00e5 matta.<\/p>\n<p>        BEGRAVELSE: Kroppspr\u00e5kssekspert kommenterer kontakten mellom prins William og prins Harry i begravelsen til prins philip<\/p>\n<p>Avsl\u00f8rt av snikbilder\t<\/p>\n<p>I 2005 skapte prinsen nok en gang blest i mediene, da\u00a0<a href=\"https:\/\/www.dagbladet.no\/kjendis\/flerkoneri-nazist-kostyme-utroskap-og-sexmiddager\/63965006\" rel=\"nofollow noopener\" target=\"_blank\">bilder av ham if\u00f8rt et nazistkostyme<\/a>\u00a0s\u00e5 dagens lys.<\/p>\n<p>P\u00e5 et av bildene opptrer prins Harry i naziuniform med en r\u00f8yk i den ene h\u00e5nda og en drink i den andre. Bildet ble tatt i et kostymeselskap hos kameraten Harry Meade.<\/p>\n<p>Gjesten som tok bildet solgte deretter skandalebildene til tabloidavisa The Sun.<\/p>\n<p>        <img loading=\"lazy\" decoding=\"async\" src=\"https:\/\/www.europesays.com\/no\/wp-content\/uploads\/2026\/01\/84049150.webp.webp\" width=\"667\" height=\"901\" title=\"PRYDET FORSIDER: Bildene av prinsen var klistret p\u00e5 flere avisforsider. Her er The Sun fra 13. januar 2005. Foto: Faksimile The Sun\" alt=\"\" class=\"\" style=\"--aspect-ratio-image: 0.74; \"\/><\/p>\n<p>\n        PRYDET FORSIDER: Bildene av prinsen var klistret p\u00e5 flere avisforsider. Her er The Sun fra 13. januar 2005. Foto: Faksimile The Sun\n    <\/p>\n<p>Mange ga uttrykk for at kostymet var krenkende. En talsperson fra Styret for Britiske J\u00f8der uttalte den gang at \u00abdet \u00e5penbart var d\u00e5rlig stil\u00bb, men det tok ikke lang tid f\u00f8r den da 21 \u00e5r gamle prinsen selv rykket ut og beklaget:<\/p>\n<p>\u00abJeg ber om unnskyldning til alle som f\u00f8ler seg forn\u00e6rmet. Det var et d\u00e5rlig valg av kostyme, noe jeg beklager\u00bb, het det i pressemeldingen, if\u00f8lge <a href=\"https:\/\/edition.cnn.com\/2005\/WORLD\/europe\/01\/12\/harry.nazi\/\" rel=\"nofollow noopener\" target=\"_blank\">CNN<\/a>.<\/p>\n<p>        AVSL\u00d8RINGER: Prins Harry slipper sin selvbiografi \u00abSpare\u00bb. Der kommer det flere avsl\u00f8ringer. Reporter: Marte Nyl\u00f8kken Helseth \/ Dagbladet TV. <\/p>\n<p>Hendelsen ble igjen brakt p\u00e5 banen 17 \u00e5r seinere, da Netflix-dokumentaren\u00a0\u00abHarry &amp; Meghan\u00bb ble sluppet. Der forteller han at kona har gjort ham mer oppmerksom p\u00e5 ubevisste fordommer.<\/p>\n<p>&#8211; Det var nok en av de st\u00f8rste tabbene i livet mitt. Jeg skammet meg s\u00e5nn etterp\u00e5. Alt jeg ville var \u00e5 gj\u00f8re det godt igjen, sier han i dokumentarserien, gjengitt av\u00a0<a href=\"https:\/\/www.independent.co.uk\/life-style\/royal-family\/prince-harry-nazi-costume-scandal-apology-b2241264.html\" rel=\"nofollow noopener\" target=\"_blank\">Independent<\/a>.<\/p>\n<p>    <a itemprop=\"url\" href=\"https:\/\/www.dagbladet.no\/kjendis\/avslorer-diagnose\/78657731\" rel=\"nofollow noopener\" target=\"_blank\"><\/p>\n<p>        <img loading=\"lazy\" decoding=\"async\" src=\"https:\/\/www.europesays.com\/no\/wp-content\/uploads\/2026\/01\/78657759.webp.webp\" width=\"980\" height=\"441\" title=\"Avsl\u00f8rer diagnose\" alt=\"\" class=\"lazyload\" style=\"--aspect-ratio-image: 2.22; \"\/><\/p>\n<p>        Avsl\u00f8rer diagnose<\/p>\n<p>    <\/a><\/p>\n<p>&#8211; Vi satte oss og ned og snakket med overrabineren i London, som hadde en dyp innvirkning p\u00e5 meg. Jeg dro til Berlin og snakket med Holocaust-overlevende (&#8230;) Jeg kunne ignorert det og gjort de samme tabbene igjen, men jeg l\u00e6rte av det.<\/p>\n<p>Slang med leppa\t<\/p>\n<p>Bare fire \u00e5r etter at han hadde kledd seg i nazikostymet, m\u00e5tte prinsen nok en gang rykke ut.<\/p>\n<p>Den gang var det en video p\u00e5 ville veier, som viste Harry bruke st\u00f8tende spr\u00e5k for \u00e5 beskrive medlemmer i hans milit\u00e6re avdeling, if\u00f8lge <a href=\"https:\/\/edition.cnn.com\/2012\/08\/22\/showbiz\/prince-harry-photos\" rel=\"nofollow noopener\" target=\"_blank\">CNN<\/a>.<\/p>\n<p>Prins Harry tjenestegjorde i den britiske h\u00e6ren i ti \u00e5r, blant annet i Afghanistan, og n\u00e5dde graden kaptein.<\/p>\n<p>        <img loading=\"lazy\" decoding=\"async\" src=\"https:\/\/www.europesays.com\/no\/wp-content\/uploads\/2026\/01\/84049138.webp.webp\" width=\"667\" height=\"701\" title=\"ST\u00d8TENDE: Prins Harry m\u00e5tte beklage etter at han hadde brukt flere ord og uttrykk som anses som nedsettende. Han var i h\u00e6ren i ti \u00e5r. Foto: REX \/ NTB\" alt=\"\" class=\"\" style=\"--aspect-ratio-image: 0.95; \"\/><\/p>\n<p>\n        ST\u00d8TENDE: Prins Harry m\u00e5tte beklage etter at han hadde brukt flere ord og uttrykk som anses som nedsettende. Han var i h\u00e6ren i ti \u00e5r. Foto: REX \/ NTB\n    <\/p>\n<p>I et av klippene kaller han en medsoldat\u00a0\u00abpaki\u00bb,\u00a0et nedsettende uttrykk for personer med s\u00f8rasiatisk bakgrunn.<\/p>\n<p>I et annet klipp sier han til en soldat &#8211; som har et t\u00f8ystykke p\u00e5 hodet &#8211; at han ser \u00abut som en raghead\u00bb, et annet st\u00f8tende uttrykk.<\/p>\n<p>    <a itemprop=\"url\" href=\"https:\/\/www.dagbladet.no\/nyheter\/evakuerte-etter-harry-uttalelser\/78232748\" rel=\"nofollow noopener\" target=\"_blank\"><\/p>\n<p>        <img loading=\"lazy\" decoding=\"async\" src=\"https:\/\/www.europesays.com\/no\/wp-content\/uploads\/2026\/01\/78232794.webp.webp\" width=\"980\" height=\"441\" title=\"Evakuerte etter Harry-uttalelser\" alt=\"\" class=\"lazyload\" style=\"--aspect-ratio-image: 2.22; \"\/><\/p>\n<p>        Evakuerte etter Harry-uttalelser<\/p>\n<p>    <\/a><\/p>\n<p>En talsperson for det britiske kongehuset uttalte den gang, p\u00e5 vegne av Harry, at han beklaget sterkt, if\u00f8lge <a href=\"https:\/\/www.reuters.com\/article\/business\/prince-harry-apologises-over-paki-remark-idUSLA244149\/\" rel=\"nofollow noopener\" target=\"_blank\">Reuters<\/a>.<\/p>\n<p>&#8211; Prins Harry forst\u00e5r fullt ut hvor st\u00f8tende dette uttrykket (Paki red.anm.) kan v\u00e6re, og er sv\u00e6rt lei seg for enhver forn\u00e6rmelse ordene hans m\u00e5tte for\u00e5rsake. Denne gangen, for tre \u00e5r siden, brukte imidlertid prins Harry uttrykket uten noen form for ond hensikt og som et kallenavn om et sv\u00e6rt popul\u00e6rt medlem av troppen hans.<br \/>\nDet er ingen tvil om at prins Harry p\u00e5 noen m\u00e5te fors\u00f8kte \u00e5 forn\u00e6rme vennen sin.<\/p>\n<p>Talspersonen sa ogs\u00e5 at Harry hadde brukt \u00abraghead\u00bb som et ord for\u00a0 Taliban- eller irakisk oppr\u00f8rer.<\/p>\n<p>        INGEN LYD: Bildene fra f\u00f8r det f\u00f8rste intervjuet med Prins Harry og Meghan Markle har ingen lyd, men likevel viser de tydelig kjemien de to i mellom. Video: CNN.<\/p>\n<p>Naken i Vegas\t<\/p>\n<p>Tross beklagelsen, skulle det ikke g\u00e5 mer enn noen \u00e5r f\u00f8r prinsen igjen var p\u00e5 alles lepper.<\/p>\n<p>Den gang i Adam og Evas drakt.<\/p>\n<p>    <a itemprop=\"url\" href=\"https:\/\/www.dagbladet.no\/kjendis\/innlagt-etter-hasteoperasjon\/83932279\" rel=\"nofollow noopener\" target=\"_blank\"><\/p>\n<p>        <img loading=\"lazy\" decoding=\"async\" src=\"https:\/\/www.europesays.com\/no\/wp-content\/uploads\/2026\/01\/83936730.webp.webp\" width=\"980\" height=\"441\" title=\"Innlagt etter hasteoperasjon\" alt=\"\" class=\"lazyload\" style=\"--aspect-ratio-image: 2.22; \"\/><\/p>\n<p>        Innlagt etter hasteoperasjon<\/p>\n<p>    <\/a><\/p>\n<p>I 2012 festet Harry sammen med venner i Las Vegas. Og det som skjer i Vegas, blir i Vegas, med mindre du heter prins Harry.<\/p>\n<p>For det han ikke visste, var at bilder fra kvelden snart skulle spre seg verden over. Og p\u00e5 bildene var han naken &#8211; attp\u00e5til sammen med en kvinne.<\/p>\n<p>        <img loading=\"lazy\" decoding=\"async\" src=\"https:\/\/www.europesays.com\/no\/wp-content\/uploads\/2026\/01\/84049051.webp.webp\" width=\"667\" height=\"381\" title=\"VERDEN OVER: Nakenbildene av prins Harry var \u00e5 se p\u00e5 forsiden av flere tabloidaviser, etter at TMZ f\u00f8rst hadde publisert dem. Foto: Toby Melville \/ Reuters \/ NTB\" alt=\"\" class=\"\" style=\"--aspect-ratio-image: 1.75; \"\/><\/p>\n<p>\n        VERDEN OVER: Nakenbildene av prins Harry var \u00e5 se p\u00e5 forsiden av flere tabloidaviser, etter at TMZ f\u00f8rst hadde publisert dem. Foto: Toby Melville \/ Reuters \/ NTB\n    <\/p>\n<p>Denne gang var det den amerikanske kjendisgiganten TMZ som sto for publiseringen av bildene. Britiske The Sun endte ogs\u00e5 opp med \u00e5 publisere bildene, til tross for flere advarsler fra det britiske kongehuset og dets advokater.<\/p>\n<p>        <img loading=\"lazy\" decoding=\"async\" src=\"https:\/\/www.europesays.com\/no\/wp-content\/uploads\/2026\/01\/84049140.webp.webp\" width=\"667\" height=\"381\" title=\"MYSTISK JENTE: Prins Harrys hadde tilsynelatende en vill natt i Las Vegas - med en mystisk jente. Bildene ble seinere publisert. Foto: Hugo Philpott \/ UPI \/ Shutterstock \/ NTB\" alt=\"\" class=\"\" style=\"--aspect-ratio-image: 1.75; \"\/><\/p>\n<p>\n        MYSTISK JENTE: Prins Harrys hadde tilsynelatende en vill natt i Las Vegas &#8211; med en mystisk jente. Bildene ble seinere publisert. Foto: Hugo Philpott \/ UPI \/ Shutterstock \/ NTB\n    <\/p>\n<p>Under beskrivelsen sto det at prinsen hadde spilt\u00a0\u00abstrippebiljard\u00bb p\u00e5 hotellrommet sitt under en privat fest med venner.<\/p>\n<p>\u00c5ret etter, i 2013, kom uttalelsen. Det ble gjort i forbindelse med at Harry, den gang 28 \u00e5r, skulle til\u00a0Afghanistan i fire m\u00e5neder med den britiske h\u00e6ren.<\/p>\n<p>&#8211; Til syvende og sist skuffet jeg meg selv, jeg skuffet familien og jeg skuffet andre mennesker. Men jeg var p\u00e5 et privat omr\u00e5de og det burde v\u00e6rt noen form for privatliv \u00e5 forvente, sa han i et intervju med <a href=\"https:\/\/www.bbc.com\/news\/uk-21119721\" rel=\"nofollow noopener\" target=\"_blank\">BBC<\/a>.<\/p>\n<p>    <a itemprop=\"url\" href=\"https:\/\/www.dagbladet.no\/kjendis\/nektet-a-jobbe-for-prinsen\/83782792\" rel=\"nofollow noopener\" target=\"_blank\"><\/p>\n<p>        <img loading=\"lazy\" decoding=\"async\" src=\"https:\/\/www.europesays.com\/no\/wp-content\/uploads\/2026\/01\/83783676.webp.webp\" width=\"980\" height=\"441\" title=\"Nektet \u00e5 jobbe for prinsen\" alt=\"\" class=\"lazyload\" style=\"--aspect-ratio-image: 2.22; \"\/><\/p>\n<p>        Nektet \u00e5 jobbe for prinsen<\/p>\n<p>    <\/a><\/p>\n<p>&#8211; Det var nok et klassisk eksempel p\u00e5 meg som var litt for mye\u00a0\u00abh\u00e6ren\u00bb og litt for lite\u00a0\u00abprins\u00bb. Det er s\u00e5 enkelt, sa han, og forklarte at det var en m\u00e5te \u00e5 senke skuldrene p\u00e5 f\u00f8r han skulle utplasseres til\u00a0Afghanistan.<\/p>\n<p>Han benyttet ogs\u00e5 anledningen til \u00e5 peke i retning britiske tabloidaviser, og mente blant annet at det ikke var akseptabel behandling av ham.<\/p>\n<p>        ADVARTE PRINS HARRY: Thomas Markle Jr, bror til Meghan Markle, skal v\u00e6re med p\u00e5 \u00abBig Brother VIP &#8211; Australia\u00bb. Der sier han at han advarte prins Harry mot Meghan. Video Channel 7<\/p>\n<p>I seinere \u00e5r har prins Harry g\u00e5tt hardt ut mot britiske tabloidaviser, med anklager om blant annet avlytting og forf\u00f8lgelse.<\/p>\n","protected":false},"excerpt":{"rendered":"Han er kanskje en av verdens mest kjente fjes. Helt siden han ble f\u00f8dt, har prins Harrys (41)&hellip;\n","protected":false},"author":2,"featured_media":127674,"comment_status":"","ping_status":"","sticky":false,"template":"","format":"standard","meta":{"footnotes":""},"categories":[12],"tags":[20,21,24,25,15,479,22,23,14934,13,30,28,29,14,16,75,1053,26,27,42,43,44,45],"class_list":{"0":"post-127673","1":"post","2":"type-post","3":"status-publish","4":"format-standard","5":"has-post-thumbnail","7":"category-verden","8":"tag-breaking-news","9":"tag-breakingnews","10":"tag-featured-news","11":"tag-featurednews","12":"tag-headlines","13":"tag-kjendis","14":"tag-latest-news","15":"tag-latestnews","16":"tag-nakenbilde","17":"tag-news","18":"tag-no","19":"tag-norge","20":"tag-norway","21":"tag-nyheter","22":"tag-overskrifter","23":"tag-prins-harry","24":"tag-skandale","25":"tag-top-stories","26":"tag-topstories","27":"tag-verden","28":"tag-world","29":"tag-world-news","30":"tag-worldnews"},"share_on_mastodon":{"url":"https:\/\/pubeurope.com\/@no\/115829991580256710","error":""},"_links":{"self":[{"href":"https:\/\/www.europesays.com\/no\/wp-json\/wp\/v2\/posts\/127673","targetHints":{"allow":["GET"]}}],"collection":[{"href":"https:\/\/www.europesays.com\/no\/wp-json\/wp\/v2\/posts"}],"about":[{"href":"https:\/\/www.europesays.com\/no\/wp-json\/wp\/v2\/types\/post"}],"author":[{"embeddable":true,"href":"https:\/\/www.europesays.com\/no\/wp-json\/wp\/v2\/users\/2"}],"replies":[{"embeddable":true,"href":"https:\/\/www.europesays.com\/no\/wp-json\/wp\/v2\/comments?post=127673"}],"version-history":[{"count":0,"href":"https:\/\/www.europesays.com\/no\/wp-json\/wp\/v2\/posts\/127673\/revisions"}],"wp:featuredmedia":[{"embeddable":true,"href":"https:\/\/www.europesays.com\/no\/wp-json\/wp\/v2\/media\/127674"}],"wp:attachment":[{"href":"https:\/\/www.europesays.com\/no\/wp-json\/wp\/v2\/media?parent=127673"}],"wp:term":[{"taxonomy":"category","embeddable":true,"href":"https:\/\/www.europesays.com\/no\/wp-json\/wp\/v2\/categories?post=127673"},{"taxonomy":"post_tag","embeddable":true,"href":"https:\/\/www.europesays.com\/no\/wp-json\/wp\/v2\/tags?post=127673"}],"curies":[{"name":"wp","href":"https:\/\/api.w.org\/{rel}","templated":true}]}}