{"id":127687,"date":"2026-01-03T08:00:11","date_gmt":"2026-01-03T08:00:11","guid":{"rendered":"https:\/\/www.europesays.com\/no\/127687\/"},"modified":"2026-01-03T08:00:11","modified_gmt":"2026-01-03T08:00:11","slug":"branntillop-troms-politidistrikt-i-natt-rykket-ut-til-branntillop-i-stovsuger","status":"publish","type":"post","link":"https:\/\/www.europesays.com\/no\/127687\/","title":{"rendered":"Branntill\u00f8p, Troms politidistrikt | I natt: Rykket ut til branntill\u00f8p i st\u00f8vsuger"},"content":{"rendered":"\n<p>N\u00f8detatene i Troms\u00f8 rykket ut p\u00e5 en, b\u00e5de i distanse og tid, kort utrykning natt til l\u00f8rdag.<\/p>\n<p>Meldingen fra en adresse i Hansjordnesbukta gikk ut p\u00e5 branntill\u00f8p i en st\u00f8vsuger.<\/p>\n<p>Da brannvesenet kom frem ble maskinen som hadde tatt fyr b\u00e5ret ut. En beboer m\u00e5tte ha tilsyn fra ambulansepersonell etter \u00e5 ha pustet inn noe r\u00f8yk.<\/p>\n<p>Noen minutter senere konstaterer politiet:<\/p>\n<p>&laquo;Det har v\u00e6rt r\u00f8ykutvikling fra en vannsuger. Ingen personskader og ingen materielle skader&raquo;, skriver operasjonsleder Eirik Kileng i politiloggen. <\/p>\n<p>Det blir ingen videre oppf\u00f8lging fra politiets side.<\/p>\n","protected":false},"excerpt":{"rendered":"N\u00f8detatene i Troms\u00f8 rykket ut p\u00e5 en, b\u00e5de i distanse og tid, kort utrykning natt til l\u00f8rdag. Meldingen&hellip;\n","protected":false},"author":2,"featured_media":2176,"comment_status":"","ping_status":"","sticky":false,"template":"","format":"standard","meta":{"footnotes":""},"categories":[5],"tags":[36,564,20,21,24,25,15,19,22,23,17,18,13,30,28,29,14,16,1510,26,27,1625,5085],"class_list":{"0":"post-127687","1":"post","2":"type-post","3":"status-publish","4":"format-standard","5":"has-post-thumbnail","7":"category-overskrifter","8":"tag-art","9":"tag-branntillop","10":"tag-breaking-news","11":"tag-breakingnews","12":"tag-featured-news","13":"tag-featurednews","14":"tag-headlines","15":"tag-hovedoppslag","16":"tag-latest-news","17":"tag-latestnews","18":"tag-main-news","19":"tag-mainnews","20":"tag-news","21":"tag-no","22":"tag-norge","23":"tag-norway","24":"tag-nyheter","25":"tag-overskrifter","26":"tag-story","27":"tag-top-stories","28":"tag-topstories","29":"tag-troms-politidistrikt","30":"tag-tromso-brann-og-redning"},"share_on_mastodon":{"url":"https:\/\/pubeurope.com\/@no\/115830117015836806","error":""},"_links":{"self":[{"href":"https:\/\/www.europesays.com\/no\/wp-json\/wp\/v2\/posts\/127687","targetHints":{"allow":["GET"]}}],"collection":[{"href":"https:\/\/www.europesays.com\/no\/wp-json\/wp\/v2\/posts"}],"about":[{"href":"https:\/\/www.europesays.com\/no\/wp-json\/wp\/v2\/types\/post"}],"author":[{"embeddable":true,"href":"https:\/\/www.europesays.com\/no\/wp-json\/wp\/v2\/users\/2"}],"replies":[{"embeddable":true,"href":"https:\/\/www.europesays.com\/no\/wp-json\/wp\/v2\/comments?post=127687"}],"version-history":[{"count":0,"href":"https:\/\/www.europesays.com\/no\/wp-json\/wp\/v2\/posts\/127687\/revisions"}],"wp:featuredmedia":[{"embeddable":true,"href":"https:\/\/www.europesays.com\/no\/wp-json\/wp\/v2\/media\/2176"}],"wp:attachment":[{"href":"https:\/\/www.europesays.com\/no\/wp-json\/wp\/v2\/media?parent=127687"}],"wp:term":[{"taxonomy":"category","embeddable":true,"href":"https:\/\/www.europesays.com\/no\/wp-json\/wp\/v2\/categories?post=127687"},{"taxonomy":"post_tag","embeddable":true,"href":"https:\/\/www.europesays.com\/no\/wp-json\/wp\/v2\/tags?post=127687"}],"curies":[{"name":"wp","href":"https:\/\/api.w.org\/{rel}","templated":true}]}}