{"id":127688,"date":"2026-01-03T08:07:14","date_gmt":"2026-01-03T08:07:14","guid":{"rendered":"https:\/\/www.europesays.com\/no\/127688\/"},"modified":"2026-01-03T08:07:14","modified_gmt":"2026-01-03T08:07:14","slug":"roar-vannebo-er-dod","status":"publish","type":"post","link":"https:\/\/www.europesays.com\/no\/127688\/","title":{"rendered":"Roar Vannebo er d\u00f8d"},"content":{"rendered":"\n<p class=\"_lead_o9xde_2 _lead_xtcu6_50 layout-component text-serif-m layout-normal text-serif-l layout-component layout-wide layout-padded _wide_17hqh_1 layout-padded\">Roar Vannebo, en av norsk motorsports mest meritterte profiler, d\u00f8de torsdag, 72 \u00e5r gammel. Rallylegenden vant 13 NM-titler innenfor motorsport.<\/p>\n<p><img alt=\"Rallyf\u00f8rer Roar Vannebo d\u00f8de f\u00f8rste nytt\u00e5rsdag. Foto: Ole Kristian Str\u00f8m \/ VG\" class=\"_image_qp4xg_65 layout-component layout-wide\" data-fullscreen- data-track-element-type=\"Article image fullscreen\" data-track-name=\"ImageFullscreen\" fetchpriority=\"high\" decoding=\"sync\" loading=\"eager\" height=\"2048\" itemprop=\"image\"  src=\"https:\/\/www.europesays.com\/no\/wp-content\/uploads\/2026\/01\/3b2fb263-9bb7-4291-95b0-fd0845399159.png\"  style=\"object-position:0% 0%\" width=\"3072\"\/>Rallyf\u00f8rer Roar Vannebo d\u00f8de f\u00f8rste nytt\u00e5rsdag. Foto: Ole Kristian Str\u00f8m \/ VG<\/p>\n<ul aria-hidden=\"true\" class=\"_images_ntbth_112\">\n<li><a class=\"_link_ntbth_117\" href=\"https:\/\/www.vg.no\/forfatter\/ntb\" style=\"z-index:1\" title=\"NTB\" rel=\"nofollow noopener\" target=\"_blank\"><img alt=\"Bilde av NTB\" class=\"_image_ntbth_93\" fetchpriority=\"low\" loading=\"lazy\" decoding=\"async\" itemprop=\"image\"  src=\"https:\/\/www.europesays.com\/no\/wp-content\/uploads\/2026\/01\/1767427634_415_c33980b0-5d07-4027-84a1-813f90a7c8d6.png\"  width=\"480\"\/><\/a><\/li>\n<\/ul>\n<p> Oppdatert l\u00f8rdag 3. januar kl. 04:29     <\/p>\n<p class=\"_paragraph_o9xde_4 _paragraph_xtcu6_10 layout-component text-serif-m layout-normal text-serif-m layout-padded\">Vannebo sovnet inn p\u00e5 Radiumhospitalet etter en tids kreftsykdom f\u00f8rste nytt\u00e5rsdag. Han fylte 72 \u00e5r samme dag, skriver <a href=\"https:\/\/www.dt.no\/roar-vannebo-er-dod-en-bauta\/s\/5-57-2765489\" class=\"_link_o9xde_39\" rel=\"nofollow noopener\" target=\"_blank\">Drammens Tidende<\/a>.<\/p>\n<p class=\"_paragraph_o9xde_4 _paragraph_xtcu6_10 layout-component text-serif-m layout-normal text-serif-m layout-padded\">Vannebo, som er kjent fra bakkel\u00f8p og rally, fikk blant annet 13 NM-titler innenfor bilsport \u2013 og ble k\u00e5ret til \u00c5rets Bilsportut\u00f8ver i 1992. Han fikk ogs\u00e5 utmerkelsen Gullrattet i 2004, som er en hederspris fra Norges Bilsportforbund.<\/p>\n<p class=\"_paragraph_o9xde_4 _paragraph_xtcu6_10 layout-component text-serif-m layout-normal text-serif-m layout-padded\"> Det var motorsportnettstedet <a href=\"https:\/\/www.parcferme.no\/roar-vannebo-er-dod\/220342\" class=\"_link_o9xde_39\" rel=\"nofollow noopener\" target=\"_blank\">Parc Ferm\u00e9<\/a> som f\u00f8rst meldte om saken.<\/p>\n<p class=\"_paragraph_o9xde_4 _paragraph_xtcu6_10 layout-component text-serif-m layout-normal text-serif-m layout-padded\"> \u2013 Vannebo huskes som en ener bak rattet, og var til og med p\u00e5 seierspallen i en EM-runde i rallycross p\u00e5 Lyng\u00e5s i 1990 i en innleid Ford RS200 fra Martin Schanche, skriver <a href=\"https:\/\/bilsport.no\/roar-vannebo-er-dod\/\" class=\"_link_o9xde_39\" rel=\"nofollow noopener\" target=\"_blank\">Norsk Bilsport<\/a> p\u00e5 sine nettsider.<\/p>\n","protected":false},"excerpt":{"rendered":"Roar Vannebo, en av norsk motorsports mest meritterte profiler, d\u00f8de torsdag, 72 \u00e5r gammel. Rallylegenden vant 13 NM-titler&hellip;\n","protected":false},"author":2,"featured_media":127689,"comment_status":"","ping_status":"","sticky":false,"template":"","format":"standard","meta":{"footnotes":""},"categories":[5],"tags":[2961,20,21,24,25,15,19,22,23,17,18,1120,13,30,28,29,14,16,26,27],"class_list":{"0":"post-127688","1":"post","2":"type-post","3":"status-publish","4":"format-standard","5":"has-post-thumbnail","7":"category-overskrifter","8":"tag-bilsport","9":"tag-breaking-news","10":"tag-breakingnews","11":"tag-featured-news","12":"tag-featurednews","13":"tag-headlines","14":"tag-hovedoppslag","15":"tag-latest-news","16":"tag-latestnews","17":"tag-main-news","18":"tag-mainnews","19":"tag-motorsport","20":"tag-news","21":"tag-no","22":"tag-norge","23":"tag-norway","24":"tag-nyheter","25":"tag-overskrifter","26":"tag-top-stories","27":"tag-topstories"},"share_on_mastodon":{"url":"https:\/\/pubeurope.com\/@no\/115830144546606929","error":""},"_links":{"self":[{"href":"https:\/\/www.europesays.com\/no\/wp-json\/wp\/v2\/posts\/127688","targetHints":{"allow":["GET"]}}],"collection":[{"href":"https:\/\/www.europesays.com\/no\/wp-json\/wp\/v2\/posts"}],"about":[{"href":"https:\/\/www.europesays.com\/no\/wp-json\/wp\/v2\/types\/post"}],"author":[{"embeddable":true,"href":"https:\/\/www.europesays.com\/no\/wp-json\/wp\/v2\/users\/2"}],"replies":[{"embeddable":true,"href":"https:\/\/www.europesays.com\/no\/wp-json\/wp\/v2\/comments?post=127688"}],"version-history":[{"count":0,"href":"https:\/\/www.europesays.com\/no\/wp-json\/wp\/v2\/posts\/127688\/revisions"}],"wp:featuredmedia":[{"embeddable":true,"href":"https:\/\/www.europesays.com\/no\/wp-json\/wp\/v2\/media\/127689"}],"wp:attachment":[{"href":"https:\/\/www.europesays.com\/no\/wp-json\/wp\/v2\/media?parent=127688"}],"wp:term":[{"taxonomy":"category","embeddable":true,"href":"https:\/\/www.europesays.com\/no\/wp-json\/wp\/v2\/categories?post=127688"},{"taxonomy":"post_tag","embeddable":true,"href":"https:\/\/www.europesays.com\/no\/wp-json\/wp\/v2\/tags?post=127688"}],"curies":[{"name":"wp","href":"https:\/\/api.w.org\/{rel}","templated":true}]}}