{"id":127692,"date":"2026-01-03T08:20:15","date_gmt":"2026-01-03T08:20:15","guid":{"rendered":"https:\/\/www.europesays.com\/no\/127692\/"},"modified":"2026-01-03T08:20:15","modified_gmt":"2026-01-03T08:20:15","slug":"som-a-miste-halve-hjertet-sier-offerets-mor","status":"publish","type":"post","link":"https:\/\/www.europesays.com\/no\/127692\/","title":{"rendered":"\u2013 Som \u00e5 miste halve hjertet, sier offerets mor."},"content":{"rendered":"\n<p class=\"_paragraph_o9xde_4 _paragraph_64s2r_81 text-sans-m\">* Heikki Bj\u00f8rklund Pallto ble drept med 45 knivstikk av svenske Makaveli Lind\u00e9n. * Moren, Inger-Marie Bj\u00f8rklund, mottok sjokkmeldingen mens hun var p\u00e5 danskeb\u00e5ten. * De p\u00e5r\u00f8rende beskriver sorgen og traumet etter drapet. * Drapsmannen ble d\u00f8mt til psykisk helsevern i Norge, men risikerer strengere straff i Belgia.<\/p>\n<p>Vis mer <\/p>\n<p class=\"_paragraph_o9xde_4 _paragraph_xtcu6_10 layout-component text-serif-m layout-normal text-serif-m layout-padded\"><strong class=\"_strong_o9xde_25\">\u2013 Jeg var p\u00e5 danskeb\u00e5ten og feiret bursdagen min da jeg fikk beskjeden, begynner Inger-Marie Bj\u00f8rklund (58).<\/strong><\/p>\n<p class=\"_paragraph_o9xde_4 _paragraph_xtcu6_10 layout-component text-serif-m layout-normal text-serif-m layout-padded\">Jeg hadde spilt quiz, s\u00e5 telefonen var p\u00e5 lydl\u00f8s. Plutselig oppdaget jeg ni ubesvarte anrop. Fem av dem var fra dattera mi og resten fra politiet. <\/p>\n<p class=\"_paragraph_o9xde_4 _paragraph_xtcu6_10 layout-component text-serif-m layout-normal text-serif-m layout-padded\">\u00abHer har det skjedd noe\u00bb, tenkte jeg og ringte. <\/p>\n<p class=\"_paragraph_o9xde_4 _paragraph_xtcu6_10 layout-component text-serif-m layout-normal text-serif-m layout-padded\">Men uti vannet var det s\u00e5 d\u00e5rlig dekning at jeg bare h\u00f8rte Marika hylgrine at Heikki var d\u00f8d.<\/p>\n<p><img alt=\"Foto: PRIVAT\" class=\"_image_qp4xg_65 layout-component layout-normal\" data-fullscreen- data-track-element-type=\"Article image fullscreen\" data-track-name=\"ImageFullscreen\" decoding=\"async\" loading=\"lazy\" height=\"3174\" itemprop=\"image\"  src=\"https:\/\/www.europesays.com\/no\/wp-content\/uploads\/2026\/01\/fe16d197-f0c1-4ce0-a302-19ee48045a01.jpeg\"  style=\"object-position:0% 0%\" width=\"2381\"\/>Foto: PRIVAT<\/p>\n<p class=\"_paragraph_o9xde_4 _paragraph_xtcu6_10 layout-component text-serif-m layout-normal text-serif-m layout-padded\"><strong class=\"_strong_o9xde_25\">Men hvordan?<\/strong> Fortsatt visste ikke Inger-Marie at svenske Makaveli Lind\u00e9n denne morgenen hadde h\u00f8rt stemmer i hodet som sa at han skulle rane noen. <\/p>\n<p class=\"_paragraph_o9xde_4 _paragraph_xtcu6_10 layout-component text-serif-m layout-normal text-serif-m layout-padded\">Lind\u00e9n bestemte seg for \u00e5 h\u00f8re p\u00e5 stemmene og banket p\u00e5 d\u00f8ren til s\u00f8nnen hennes, Heikki Bj\u00f8rklund Pallto (24) p\u00e5 Majorstua. <\/p>\n<p class=\"_paragraph_o9xde_4 _paragraph_xtcu6_10 layout-component text-serif-m layout-normal text-serif-m layout-padded\">If\u00f8rt maske og hansker presset han en kniv mot 24-\u00e5ringens nakke, mens de gikk fra rom til rom for \u00e5 finne verdisaker. <\/p>\n<p><img alt=\"Foto: Politiet\" class=\"_image_qp4xg_65 layout-component layout-normal\" data-fullscreen- data-track-element-type=\"Article image fullscreen\" data-track-name=\"ImageFullscreen\" decoding=\"async\" loading=\"lazy\" height=\"1401\" itemprop=\"image\"  src=\"https:\/\/www.europesays.com\/no\/wp-content\/uploads\/2026\/01\/be1b0c6b-0db2-4df4-952b-f52b397fbbb6.png\"  style=\"object-position:0% 0%\" width=\"2107\"\/>Foto: Politiet<\/p>\n<p class=\"_paragraph_o9xde_4 _paragraph_xtcu6_10 layout-component text-serif-m layout-normal text-serif-m layout-padded\">15. oktober 2018 ble s\u00f8nnen bundet til en stol, og da han ble funnet, var han stukket 44 eller 45 ganger, if\u00f8lge en senere dom.<\/p>\n<p class=\"_paragraph_o9xde_4 _paragraph_xtcu6_10 layout-component text-serif-m layout-normal text-serif-m layout-padded\"><strong class=\"_strong_o9xde_25\">\u2013 Det f\u00f8ltes som \u00e5 miste halve hjertet, sier Inger-Marie i dag.<\/strong><\/p>\n<p class=\"_paragraph_o9xde_4 _paragraph_xtcu6_10 layout-component text-serif-m layout-normal text-serif-m layout-padded\">Det var forferdelig p\u00e5 danskeb\u00e5ten, med alle folkene rundt meg, som dansa og lo. S\u00e5 jeg m\u00e5tte opp p\u00e5 dekk for \u00e5 f\u00e5 v\u00e6re aleine litt. <\/p>\n<p class=\"_paragraph_o9xde_4 _paragraph_xtcu6_10 layout-component text-serif-m layout-normal text-serif-m layout-padded\">I mellomtiden hadde samboeren min f\u00e5tt oppgradert lugaren til et rom med TV. Der ble jeg sittende hele natta og se p\u00e5 nyhetene, mens jeg spiste rekesm\u00f8rbr\u00f8d og drakk cola. <\/p>\n<p class=\"_paragraph_o9xde_4 _paragraph_xtcu6_10 layout-component text-serif-m layout-normal text-serif-m layout-padded\">Det kom hele tiden p\u00e5 skjermen at Heikki var knivstukket og n\u00e5 var en mann p\u00e5 flukt.<\/p>\n<p><img alt=\"Foto: Tore Kristiansen \/ VG\" class=\"_image_qp4xg_65 layout-component layout-normal\" data-fullscreen- data-track-element-type=\"Article image fullscreen\" data-track-name=\"ImageFullscreen\" decoding=\"async\" loading=\"lazy\" height=\"3863\" itemprop=\"image\"  src=\"https:\/\/www.europesays.com\/no\/wp-content\/uploads\/2026\/01\/80f8d4f1-9ebb-4c96-8a70-07b155b839e8.png\"  style=\"object-position:0% 0%\" width=\"5151\"\/>Foto: Tore Kristiansen \/ VG<\/p>\n<p class=\"_paragraph_o9xde_4 _paragraph_xtcu6_10 layout-component text-serif-m layout-normal text-serif-m layout-padded\">Neste morgen ble jeg kj\u00f8rt til politikammeret p\u00e5 Gr\u00f8nland. Det var f\u00f8rst et informasjonsm\u00f8te og s\u00e5 et avh\u00f8r. Jeg var s\u00e5 sliten og redd, men husker at de spurte om jeg hadde mistanke om hvem som kunne ha drept ham. Det fikk meg til \u00e5 begynne \u00e5 kj\u00f8re mitt eget hue p\u00e5 det samme sp\u00f8rsm\u00e5let: <\/p>\n<p class=\"_paragraph_o9xde_4 _paragraph_xtcu6_10 layout-component text-serif-m layout-normal text-serif-m layout-padded\">Hvem har drept verdens snilleste s\u00f8nn, som ikke gjorde en flue fortred?<\/p>\n<p><strong class=\"_name_ygndg_51 title-serif-xs\"\/><\/p>\n<p class=\"_paragraph_o9xde_4 text-sans-m _description_ygndg_56\">Vitner har uttalt at Makaveli Lind\u00e9n har v\u00e6rt forandret sammenlignet med 2\u20133 \u00e5r tilbake i tid, at han har \u00absagt konstige saker\u00bb, v\u00e6rt amper, stirrende og verbalt aggressiv mot fremmede. Han har gitt uttrykk for at han var forfulgt. D\u00f8gnet for handlingene opplyser han at han har brukt kokain og Rivotril, dette i forkant av de p\u00e5klagde handlinger. <br \/>Utdrag fra dommen, 5. november 2020.<\/p>\n<p class=\"_paragraph_o9xde_4 _paragraph_xtcu6_10 layout-component text-serif-m layout-normal text-serif-m layout-padded\"><strong class=\"_strong_o9xde_25\">\u2013 Jeg fikk snart se et overv\u00e5kningsbilde av drapsmannen p\u00e5 TV, sier Inger-Marie.<\/strong><\/p>\n<p class=\"_paragraph_o9xde_4 _paragraph_xtcu6_10 layout-component text-serif-m layout-normal text-serif-m layout-padded\">Det var tatt p\u00e5 T-banen, og han hadde p\u00e5 seg joggebuksen til bestekameraten til Heikki. <\/p>\n<p><img alt=\"\" class=\"_image_qp4xg_65 layout-component layout-normal\" data-fullscreen- data-track-element-type=\"Article image fullscreen\" data-track-name=\"ImageFullscreen\" decoding=\"async\" loading=\"lazy\" height=\"7323\" itemprop=\"image\"  src=\"https:\/\/www.europesays.com\/no\/wp-content\/uploads\/2026\/01\/4e811e72-beb1-41e1-be42-990de4dc90de.jpeg\"  style=\"object-position:0% 0%\" width=\"5492\"\/><\/p>\n<p class=\"_paragraph_o9xde_4 _paragraph_xtcu6_10 layout-component text-serif-m layout-normal text-serif-m layout-padded\">De to hadde kjent hverandre siden barnehagen og gikk p\u00e5 skolen og fotballen sammen. N\u00e5 bodde de i samme kollektiv, og det var han som fant Heikki drept. <\/p>\n<p class=\"_paragraph_o9xde_4 _paragraph_xtcu6_10 layout-component text-serif-m layout-normal text-serif-m layout-padded\">Jeg tenkte bare: Det m\u00e5 v\u00e6re en syk mann som har gjort dette, for hvis du knivdreper en tilfeldig gutt, og tar p\u00e5 deg kl\u00e6rne til kameraten hans etterp\u00e5 og flykter av g\u00e5rde: Da er du kald som is.<\/p>\n<p><strong class=\"_name_ygndg_51 title-serif-xs\"\/><\/p>\n<p class=\"_paragraph_o9xde_4 text-sans-m _description_ygndg_56\">Etter hendelsene i tiltalebeslutningen reiste Lind\u00e9n til Stockholm og deretter sydover i Europa, hvor han 24. oktober 2018 ble p\u00e5grepet i Dijon i Frankrike. Tiltalte er mistenkt for ran og drap av en 59 \u00e5r gammel kvinne i Belgia den 20. oktober 2018.<br \/>Utdrag fra dommen.<\/p>\n<p class=\"_paragraph_o9xde_4 _paragraph_xtcu6_10 layout-component text-serif-m layout-normal text-serif-m layout-padded\"><strong class=\"_strong_o9xde_25\">\u2013 Naboer og venner kom p\u00e5 d\u00f8ra med hvite orkideer og brus og kringle, gryterett og rundstykker. <\/strong><\/p>\n<p class=\"_paragraph_o9xde_4 _paragraph_xtcu6_10 layout-component text-serif-m layout-normal text-serif-m layout-padded\">Noen gr\u00e5t og ga meg en klem. Andre tente en sigarett. S\u00e5 kom bisettelsen, og det var det t\u00f8ffeste. Heikki l\u00e5 i en \u00e5pen kiste, med den fineste dressen sin p\u00e5. Han var s\u00e5 pen der han l\u00e5. <\/p>\n<p><img alt=\"\" class=\"_image_qp4xg_65 layout-component layout-normal\" data-fullscreen- data-track-element-type=\"Article image fullscreen\" data-track-name=\"ImageFullscreen\" decoding=\"async\" loading=\"lazy\" height=\"6166\" itemprop=\"image\"  src=\"https:\/\/www.europesays.com\/no\/wp-content\/uploads\/2026\/01\/3acdbcaa-1bae-4081-a783-8893b4e7a411.jpeg\"  style=\"object-position:0% 0%\" width=\"8219\"\/><\/p>\n<p class=\"_paragraph_o9xde_4 _paragraph_xtcu6_10 layout-component text-serif-m layout-normal text-serif-m layout-padded\">Jeg la bamsen hans, Pelle Kanin, oppi kisten sammen med sokkene han brukte som barn, mens bestevenninna mi fra Tr\u00f8gstad holdt meg i h\u00e5nda hele tiden.<\/p>\n<p class=\"_paragraph_o9xde_4 _paragraph_xtcu6_10 layout-component text-serif-m layout-normal text-serif-m layout-padded\">Det er nok det n\u00e6rmeste jeg har v\u00e6rt \u00e5 g\u00e5 inn i psykose.<\/p>\n<p class=\"_paragraph_o9xde_4 _paragraph_xtcu6_10 layout-component text-serif-m layout-normal text-serif-m layout-padded\">Da kirketjeneren spurte meg: G\u00e5r det bra? svarte jeg ja. Men egentlig holdt det p\u00e5 \u00e5 g\u00e5 i svart for meg.<\/p>\n<p><img alt=\"Foto: Thomas Andreassen \/ VG\" class=\"_image_qp4xg_65 layout-component layout-normal\" data-fullscreen- data-track-element-type=\"Article image fullscreen\" data-track-name=\"ImageFullscreen\" decoding=\"async\" loading=\"lazy\" height=\"2551\" itemprop=\"image\"  src=\"https:\/\/www.europesays.com\/no\/wp-content\/uploads\/2026\/01\/80612efa-c8c3-4514-ad12-9a45d27990f4.jpeg\"  style=\"object-position:0% 0%\" width=\"3401\"\/>Foto: Thomas Andreassen \/ VG<\/p>\n<p class=\"_paragraph_o9xde_4 _paragraph_xtcu6_10 layout-component text-serif-m layout-normal text-serif-m layout-padded\">Heikki planla \u00e5 f\u00e5 barn med kj\u00e6resten sin, men ble i stedet gravlagt ved kapellet p\u00e5 Mysen. Jeg kj\u00f8pte gravstein fra Polen, for der kostet den en tredel av prisen. Det er akkurat samme gravstein som moren min fikk, men Heikki sin er svart, med s\u00f8lvskrift p\u00e5.<\/p>\n<p class=\"_paragraph_o9xde_4 _paragraph_xtcu6_10 layout-component text-serif-m layout-normal text-serif-m layout-padded\">Jeg festet et Liverpool-emblem til den, for det var favorittlaget hans. <\/p>\n<p><img alt=\"\" class=\"_image_qp4xg_65 layout-component layout-normal\" data-fullscreen- data-track-element-type=\"Article image fullscreen\" data-track-name=\"ImageFullscreen\" decoding=\"async\" loading=\"lazy\" height=\"7100\" itemprop=\"image\"  src=\"https:\/\/www.europesays.com\/no\/wp-content\/uploads\/2026\/01\/f6e69e89-b1e9-41b2-a33a-27b7c489cb4d.jpeg\"  style=\"object-position:0% 0%\" width=\"5325\"\/><\/p>\n<p class=\"_paragraph_o9xde_4 _paragraph_xtcu6_10 layout-component text-serif-m layout-normal text-serif-m layout-padded\">Jeg festet ogs\u00e5 et diplom til stenen, som han fikk p\u00e5 jobben etter \u00e5 ha blitt k\u00e5ret til m\u00e5nedens selger. Jeg ble s\u00e5 glad p\u00e5 hans vegne, for han var jo en kremmer, og det er jeg ogs\u00e5.<\/p>\n<p><img alt=\"\" class=\"_image_qp4xg_65 layout-component layout-normal\" data-fullscreen- data-track-element-type=\"Article image fullscreen\" data-track-name=\"ImageFullscreen\" decoding=\"async\" loading=\"lazy\" height=\"4093\" itemprop=\"image\"  src=\"https:\/\/www.europesays.com\/no\/wp-content\/uploads\/2026\/01\/3af6f4a7-05fc-4059-98b2-ce2d196a1caf.png\"  style=\"object-position:0% 0%\" width=\"5457\"\/><\/p>\n<p class=\"_paragraph_o9xde_4 _paragraph_xtcu6_10 layout-component text-serif-m layout-normal text-serif-m layout-padded\">Jeg satt ogs\u00e5 en postkasse p\u00e5 grava, for da kan folk skrive det de f\u00f8ler n\u00e5r de er der. Jeg skriver aldri lange avhandlinger, bare at jeg har tatt bort litt l\u00f8v og \u00absavner deg gutten min. Klem mamma\u00bb.<\/p>\n<p><img alt=\"\" class=\"_image_qp4xg_65 layout-component layout-normal\" data-fullscreen- data-track-element-type=\"Article image fullscreen\" data-track-name=\"ImageFullscreen\" decoding=\"async\" loading=\"lazy\" height=\"5504\" itemprop=\"image\"  src=\"https:\/\/www.europesays.com\/no\/wp-content\/uploads\/2026\/01\/dddb4884-fd2a-41a5-bc93-dfe0d03672a3.jpeg\"  style=\"object-position:0% 0%\" width=\"8256\"\/><\/p>\n<p class=\"_paragraph_o9xde_4 _paragraph_xtcu6_10 layout-component text-serif-m layout-normal text-serif-m layout-padded\">Jeg jobba med rusmisbrukere i 25 \u00e5r, og jeg pleide \u00e5 si til dem: G\u00e5 tur, drikk vann og snakk om f\u00f8lelsene dine. <\/p>\n<p class=\"_paragraph_o9xde_4 _paragraph_xtcu6_10 layout-component text-serif-m layout-normal text-serif-m layout-padded\">Etter drapet pr\u00f8vde jeg \u00e5 overf\u00f8re det til mitt eget liv. Jeg snakket mye med bikkja mi mens jeg gikk tur: <\/p>\n<p class=\"_paragraph_o9xde_4 _paragraph_xtcu6_10 layout-component text-serif-m layout-normal text-serif-m layout-padded\">\u00abDet er det samme hvor vi g\u00e5r, bare vi g\u00e5r\u00bb. <\/p>\n<p class=\"_paragraph_o9xde_4 _paragraph_xtcu6_10 layout-component text-serif-m layout-normal text-serif-m layout-padded\">Jeg gikk i pyjamas om morgenen og nattkjole om kvelden og gr\u00e5t. Men det fikk meg til \u00e5 sove bedre.<\/p>\n<p><img alt=\"\" class=\"_image_qp4xg_65 layout-component layout-normal\" data-fullscreen- data-track-element-type=\"Article image fullscreen\" data-track-name=\"ImageFullscreen\" decoding=\"async\" loading=\"lazy\" height=\"5297\" itemprop=\"image\"  src=\"https:\/\/www.europesays.com\/no\/wp-content\/uploads\/2026\/01\/3d2083c5-bc86-4e5f-89f6-9de46ed7a057.jpeg\"  style=\"object-position:0% 0%\" width=\"7063\"\/><\/p>\n<p class=\"_paragraph_o9xde_4 _paragraph_xtcu6_10 layout-component text-serif-m layout-normal text-serif-m layout-padded\">Jeg har bursdag 17. oktober, og Heikki hadde bursdag 23. oktober, men ble drept 15. oktober. Det var rettssak i oktober 2020. Alt har alts\u00e5 skjedd i oktober. <\/p>\n<p class=\"_paragraph_o9xde_4 _paragraph_xtcu6_10 layout-component text-serif-m layout-normal text-serif-m layout-padded\">F\u00f8r jeg skulle vitne, blandet jeg Lavender Serenity, som jeg fikk av psykogen, med eteriske oljer. Dette smurte jeg p\u00e5 pulspunktene p\u00e5 halsen og h\u00e5ndleddene, s\u00e5 det skulle roe meg, s\u00e5 jeg ikke m\u00e5tte bruke tabletter.\u00a0<\/p>\n<p class=\"_paragraph_o9xde_4 _paragraph_xtcu6_10 layout-component text-serif-m layout-normal text-serif-m layout-padded\">Jeg satt bare halvannen meter unna drapsmannen.<\/p>\n<p class=\"_paragraph_o9xde_4 _paragraph_xtcu6_10 layout-component text-serif-m layout-normal text-serif-m layout-padded\">Jeg tenkte at det var viktig at jeg fikk fortalt ham hvor fin gutt Heikki var, og jeg husker at han gr\u00e5t etter at jeg hadde snakket.<\/p>\n<p><img alt=\"\" class=\"_image_qp4xg_65 layout-component layout-wide\" data-fullscreen- data-track-element-type=\"Article image fullscreen\" data-track-name=\"ImageFullscreen\" decoding=\"async\" loading=\"lazy\" height=\"2588\" itemprop=\"image\"  src=\"https:\/\/www.europesays.com\/no\/wp-content\/uploads\/2026\/01\/8209564e-daca-4f59-8627-94f5efbe757a.jpeg\"  style=\"object-position:0% 0%\" width=\"2250\"\/><\/p>\n<p class=\"_paragraph_o9xde_4 _paragraph_xtcu6_10 layout-component text-serif-m layout-normal text-serif-m layout-padded\"><strong class=\"_strong_o9xde_25\">\u2013 Det han gjorde, var ren ondskap, sier Inger-Marie. <\/strong><\/p>\n<p class=\"_paragraph_o9xde_4 _paragraph_xtcu6_10 layout-component text-serif-m layout-normal text-serif-m layout-padded\">Jeg er vernepleier, med videreutdanning i rus og psykiatri. Jeg tenker at noen av v\u00e5re rusmisbrukere har personlighetsforstyrrelser som ikke kan kureres med medisin. Og alle som ruser seg velger det selv og m\u00e5 ta konsekvensene av det. <\/p>\n<p class=\"_paragraph_o9xde_4 _paragraph_xtcu6_10 layout-component text-serif-m layout-normal text-serif-m layout-padded\">Mange av disse utvikler ogs\u00e5 sykdom. S\u00e5 da jeg fikk vite at han ble d\u00f8mt til psykisk helsevern fordi han var utilregnelig, gjorde det meg forbanna. Var det liksom han som skulle f\u00e5 hjelp n\u00e5?<\/p>\n<p><strong class=\"_name_ygndg_51 title-serif-xs\"\/><\/p>\n<p class=\"_paragraph_o9xde_4 text-sans-m _description_ygndg_56\">Retten legger avgj\u00f8rende vekt p\u00e5 de sakkyndiges vurderinger og finner det ikke sannsynlig at psykosen var rusutl\u00f8st. Retten har etter dette kommet til at tiltalte ikke var tilregnelig p\u00e5 handlingstidspunktene, slik at tiltalte blir straffri. <strong class=\"_strong_o9xde_25\">      <\/strong><\/p>\n<p class=\"_paragraph_o9xde_4 _paragraph_xtcu6_10 layout-component text-serif-m layout-normal text-serif-m layout-padded\">Advokat \u00d8ystein Storrvik p\u00e5peker at sp\u00f8rsm\u00e5let ble grundig gjennomg\u00e5tt av b\u00e5de sakkyndige og retten.<\/p>\n<p class=\"_paragraph_o9xde_4 _paragraph_xtcu6_10 layout-component text-serif-m layout-normal text-serif-m layout-padded\">\u2013 Jeg mener ettertiden har vist at utilregnelighet var en riktig vurdering, sier Storrvik.<\/p>\n<p><img alt=\"\" class=\"_image_qp4xg_65 layout-component layout-normal\" data-fullscreen- data-track-element-type=\"Article image fullscreen\" data-track-name=\"ImageFullscreen\" decoding=\"async\" loading=\"lazy\" height=\"7313\" itemprop=\"image\"  src=\"https:\/\/www.europesays.com\/no\/wp-content\/uploads\/2026\/01\/258e226a-3881-4df0-9cc7-7770a37882c1.jpeg\"  style=\"object-position:0% 0%\" width=\"5485\"\/><\/p>\n<p class=\"_paragraph_o9xde_4 _paragraph_xtcu6_10 layout-component text-serif-m layout-normal text-serif-m layout-padded\">Statsadvokaten i Belgia har annen mening, fortalte nylig <a href=\"https:\/\/www.tv2.no\/nyheter\/%C3%85sted-norge\/syk-i-norge-risikerer-30-ars-fengsel-i-belgia\/18311099\/\" class=\"_link_o9xde_39\" rel=\"nofollow noopener\" target=\"_blank\">TV 2<\/a>. Etter at svenske Makaveli Lind\u00e9n ble utlevert til Belgia, har sakkyndige vurdert ham som tilregnelig da han drepte en kvinne, mens han var p\u00e5 flukt fra Norge. <\/p>\n<p class=\"_paragraph_o9xde_4 _paragraph_xtcu6_10 layout-component text-serif-m layout-normal text-serif-m layout-padded\">N\u00e5r saken kommer opp for retten f\u00f8r sommeren, risikerer han maksstraffen p\u00e5 30 \u00e5rs fengsel.<\/p>\n<p class=\"_paragraph_o9xde_4 _paragraph_xtcu6_10 layout-component text-serif-m layout-normal text-serif-m layout-padded\">\u2013 Bare du kommer litt utenfor Norden, har de et litt annet syn p\u00e5 tilregnelighet. Det er ikke s\u00e5 bomull der, mener Inger-Marie.<\/p>\n<p><img alt=\"\" class=\"_image_qp4xg_65 layout-component layout-normal\" data-fullscreen- data-track-element-type=\"Article image fullscreen\" data-track-name=\"ImageFullscreen\" decoding=\"async\" loading=\"lazy\" height=\"6141\" itemprop=\"image\"  src=\"https:\/\/www.europesays.com\/no\/wp-content\/uploads\/2026\/01\/36373eb3-d00f-4f98-8419-01e5105f9a8e.jpeg\"  style=\"object-position:0% 0%\" width=\"8185\"\/><\/p>\n<p class=\"_paragraph_o9xde_4 _paragraph_xtcu6_10 layout-component text-serif-m layout-normal text-serif-m layout-padded\"><strong class=\"_strong_o9xde_25\">\u2013 Etter begravelsen sluttet mange \u00e5 hilse p\u00e5 meg, men det er helt vanlig i Norge.<\/strong><\/p>\n<p class=\"_paragraph_o9xde_4 _paragraph_xtcu6_10 layout-component text-serif-m layout-normal text-serif-m layout-padded\">Mange tror at det er som \u00e5 miste et barn i krybbed\u00f8d eller en bestemor p\u00e5 89 \u00e5r, men et drap er helt annerledes. <\/p>\n<p class=\"_paragraph_o9xde_4 _paragraph_xtcu6_10 layout-component text-serif-m layout-normal text-serif-m layout-padded\">Jeg savner fortsatt Heikki hele tiden. Jo mer sliten jeg er, jo sterkere er sorgen. Da kan jeg h\u00f8re p\u00e5 spesielle sanger, for eksempel: \u00abN\u00e5 er du en engel\u00bb av Rune Rudberg.<\/p>\n<p class=\"_paragraph_o9xde_4 _paragraph_xtcu6_10 layout-component text-serif-m layout-normal text-serif-m layout-padded\">I oktober gikk jeg 16.4 mil i skogen. I november pakket jeg ned hele leiligheten jeg bodde i, s\u00e5 da ble det bare 12 mil.<\/p>\n<p class=\"_paragraph_o9xde_4 _paragraph_xtcu6_10 layout-component text-serif-m layout-normal text-serif-m layout-padded\">Med p\u00e5 flyttelasset var russeluen til Heikki og Hello Kitty-vekkerklokken hans. Det skal f\u00e5 plass i den nye leiligheten.<\/p>\n<p><img alt=\"\" class=\"_image_qp4xg_65 layout-component layout-normal\" data-fullscreen- data-track-element-type=\"Article image fullscreen\" data-track-name=\"ImageFullscreen\" decoding=\"async\" loading=\"lazy\" height=\"4813\" itemprop=\"image\"  src=\"https:\/\/www.europesays.com\/no\/wp-content\/uploads\/2026\/01\/4f44492d-19bf-4f77-88a1-5d5ed808b9cb.jpeg\"  style=\"object-position:0% 0%\" width=\"6417\"\/><\/p>\n<p class=\"_paragraph_o9xde_4 _paragraph_xtcu6_10 layout-component text-serif-m layout-normal text-serif-m layout-padded\">\u2013 Hva tenker du om drapsmannen i dag?<\/p>\n<p class=\"_paragraph_o9xde_4 _paragraph_xtcu6_10 layout-component text-serif-m layout-normal text-serif-m layout-padded\">\u2013 Jeg er ikke lenger sint p\u00e5 ham. Jeg har g\u00e5tt til psykolog i over tre \u00e5r, og hun ga meg et r\u00e5d: Tenk minst mulig p\u00e5 ham. Tenk heller p\u00e5 de fineste minnene du har om Heikki i de \u00e5rene han fikk leve.<\/p>\n<p><img alt=\"\" class=\"_image_qp4xg_65 layout-component layout-normal\" data-fullscreen- data-track-element-type=\"Article image fullscreen\" data-track-name=\"ImageFullscreen\" decoding=\"async\" loading=\"lazy\" height=\"3781\" itemprop=\"image\"  src=\"https:\/\/www.europesays.com\/no\/wp-content\/uploads\/2026\/01\/b3933fc2-c6d8-41b4-aed4-32d2e0b301de.png\"  style=\"object-position:0% 0%\" width=\"5042\"\/><\/p>\n<p class=\"_paragraph_o9xde_4 _paragraph_xtcu6_10 layout-component text-serif-m layout-normal text-serif-m layout-padded\">VG har de siste to ukene skrevet flere saker om drapsmenn som var utilregneligeutilregneligePersoner som ikke kan holdes ansvarlige for sine handlinger p\u00e5 grunn av alvorlig psykisk lidelse eller annen tilstand som p\u00e5virker deres evne til \u00e5 forst\u00e5 hva de gj\u00f8r. i gjernings\u00f8yeblikket.<\/p>\n<p class=\"_paragraph_o9xde_4 _paragraph_xtcu6_10 layout-component text-serif-m layout-normal text-serif-m layout-padded\">Tilsammen 127 mennesker er blitt drept av psykisk syke drapsmenn i Norge siden \u00e5r 2000, viser en <a href=\"https:\/\/www.vg.no\/spesial\/drap-norge\/\" class=\"_link_o9xde_39\" rel=\"nofollow noopener\" target=\"_blank\">VG-kartlegging<\/a>. <\/p>\n<p class=\"_paragraph_o9xde_4 _paragraph_xtcu6_10 layout-component text-serif-m layout-normal text-serif-m layout-padded\">Norges mest kjente rettspsykiaterrettspsykiaterEn psykiater med spesialkompetanse i forholdet mellom psykisk helse og juss, Randi Rosenqvist, uttalte i VG forrige uke at halvparten av drapene kanskje <a href=\"https:\/\/www.vg.no\/nyheter\/i\/3pkKrL\/rettspsykiater-randi-rosenqvist-flere-syke-mennesker-faar-hjelp-for-sent\" data-track-element-type=\"Link\" data-track-id=\"link:3pkKrL\" class=\"_link_o9xde_39\" rel=\"nofollow noopener\" target=\"_blank\">kunne v\u00e6rt unng\u00e5tt.<\/a> <\/p>\n<p>Les ogs\u00e5<br \/>\n    <img decoding=\"async\" alt=\"Ronny Berg\" class=\"_image_uv074_179\" src=\"https:\/\/www.europesays.com\/no\/wp-content\/uploads\/2026\/01\/4e738d01-155c-42c5-9dca-4f371ad732a4.jpeg\" width=\"480\"\/>Naina Hel\u00e9n J\u00e5ma<\/p>\n<p class=\"text-sans-s\">Fotojournalist<\/p>\n<p><img decoding=\"async\" alt=\"Naina Hel\u00e9n J\u00e5ma\" class=\"_image_uv074_179\" src=\"https:\/\/www.europesays.com\/no\/wp-content\/uploads\/2026\/01\/6bee14a2-5091-46d9-8c58-1a355fc3e8bc.jpeg\" width=\"480\"\/>Kontakt Naina Hel\u00e9n J\u00e5ma        <\/p>\n","protected":false},"excerpt":{"rendered":"* Heikki Bj\u00f8rklund Pallto ble drept med 45 knivstikk av svenske Makaveli Lind\u00e9n. * Moren, Inger-Marie Bj\u00f8rklund, mottok&hellip;\n","protected":false},"author":2,"featured_media":127693,"comment_status":"","ping_status":"","sticky":false,"template":"","format":"standard","meta":{"footnotes":""},"categories":[10],"tags":[20,21,377,24,25,15,22,23,13,30,28,29,14,16,14228,686,11633,26,27],"class_list":{"0":"post-127692","1":"post","2":"type-post","3":"status-publish","4":"format-standard","5":"has-post-thumbnail","7":"category-norge","8":"tag-breaking-news","9":"tag-breakingnews","10":"tag-drap","11":"tag-featured-news","12":"tag-featurednews","13":"tag-headlines","14":"tag-latest-news","15":"tag-latestnews","16":"tag-news","17":"tag-no","18":"tag-norge","19":"tag-norway","20":"tag-nyheter","21":"tag-overskrifter","22":"tag-personlighetsforstyrrelse","23":"tag-psykiatri","24":"tag-psykisk-helsevern","25":"tag-top-stories","26":"tag-topstories"},"share_on_mastodon":{"url":"https:\/\/pubeurope.com\/@no\/115830195824018789","error":""},"_links":{"self":[{"href":"https:\/\/www.europesays.com\/no\/wp-json\/wp\/v2\/posts\/127692","targetHints":{"allow":["GET"]}}],"collection":[{"href":"https:\/\/www.europesays.com\/no\/wp-json\/wp\/v2\/posts"}],"about":[{"href":"https:\/\/www.europesays.com\/no\/wp-json\/wp\/v2\/types\/post"}],"author":[{"embeddable":true,"href":"https:\/\/www.europesays.com\/no\/wp-json\/wp\/v2\/users\/2"}],"replies":[{"embeddable":true,"href":"https:\/\/www.europesays.com\/no\/wp-json\/wp\/v2\/comments?post=127692"}],"version-history":[{"count":0,"href":"https:\/\/www.europesays.com\/no\/wp-json\/wp\/v2\/posts\/127692\/revisions"}],"wp:featuredmedia":[{"embeddable":true,"href":"https:\/\/www.europesays.com\/no\/wp-json\/wp\/v2\/media\/127693"}],"wp:attachment":[{"href":"https:\/\/www.europesays.com\/no\/wp-json\/wp\/v2\/media?parent=127692"}],"wp:term":[{"taxonomy":"category","embeddable":true,"href":"https:\/\/www.europesays.com\/no\/wp-json\/wp\/v2\/categories?post=127692"},{"taxonomy":"post_tag","embeddable":true,"href":"https:\/\/www.europesays.com\/no\/wp-json\/wp\/v2\/tags?post=127692"}],"curies":[{"name":"wp","href":"https:\/\/api.w.org\/{rel}","templated":true}]}}