{"id":127694,"date":"2026-01-03T08:21:07","date_gmt":"2026-01-03T08:21:07","guid":{"rendered":"https:\/\/www.europesays.com\/no\/127694\/"},"modified":"2026-01-03T08:21:07","modified_gmt":"2026-01-03T08:21:07","slug":"politiet-bragernes-en-person-i-arresten-han-sto-og-pissa-mens-politiet-sa-pa","status":"publish","type":"post","link":"https:\/\/www.europesays.com\/no\/127694\/","title":{"rendered":"Politiet, Bragernes | En person i arresten: \u2013 Han sto og pissa mens politiet s\u00e5 p\u00e5"},"content":{"rendered":"\n<p><b>BRAGERNES: <\/b>\u2013 Det har v\u00e6rt s\u00e5 og si stille. Patruljen melder om en veldig stille natt, med lite folk ute. De som har v\u00e6rt ute har klart \u00e5 dra s\u00e5 mye oppmerksomhet at vi har hatt noen bortvisninger, sier operasjonsleder Lise Bj\u00f8rnsund om natt til l\u00f8rdag.<\/p>\n<p>Klokken 01.31 fikk politiet melding om to stykker som sloss.<\/p>\n<p>\u2013 Da vi ankom viste det seg at en mann i starten av 20-\u00e5rene var utagerende. Det lot seg ikke gj\u00f8re \u00e5 roe ham ned. Mannen ble derfor innbrakt til arresten, opplyser Bj\u00f8rnsund.<\/p>\n<p>Det har heller ikke v\u00e6rt det store. Klokken 02.13 ble en kvinne i 40-\u00e5rene bortvist fra sentrum da hun ikke skal ha klart \u00e5 forholde seg til beskjeder fra vektere og politiet.<\/p>\n<p>Litt mindre enn en time senere skal en mann i 40-\u00e5rene ha blitt innbrakt til arresten etter at han ikke fulgte bortvisningen fra politiet.<\/p>\n<p>  <a href=\"https:\/\/www.dt.no\/5-57-2765941\" class=\"related-teaser default-story-teaser article--c-eRUmMG article--c-eRUmMG-jKCPdD-design-default article--c-eRUmMG-kpKLOW-cv\" rel=\"nofollow noopener\" target=\"_blank\"><\/p>\n<p>\n            Les ogs\u00e5<\/p>\n<p>              Tomme bord: \u2013 Virker som folk er gode og mette\n        <\/p>\n<p>  <\/a><\/p>\n<p>\u2013 Han sto og pissa mens politiet sto og s\u00e5 p\u00e5, forteller Bj\u00f8rnsund.<\/p>\n<p>Mannen skal ha v\u00e6rt uenig og sv\u00e6rt kranglete rundt dette med urinering. Mannen ble likevel anmeldt for brudd p\u00e5 p\u00e5legg hos politiet og urinering p\u00e5 offentlig sted.<\/p>\n<p>\u2013 Han er fortsatt i arresten, forteller operasjonslederen.<\/p>\n","protected":false},"excerpt":{"rendered":"BRAGERNES: \u2013 Det har v\u00e6rt s\u00e5 og si stille. Patruljen melder om en veldig stille natt, med lite&hellip;\n","protected":false},"author":2,"featured_media":24401,"comment_status":"","ping_status":"","sticky":false,"template":"","format":"standard","meta":{"footnotes":""},"categories":[5],"tags":[36,3890,20,21,427,24,25,15,19,22,23,17,18,13,30,28,29,14,16,468,1510,26,27],"class_list":{"0":"post-127694","1":"post","2":"type-post","3":"status-publish","4":"format-standard","5":"has-post-thumbnail","7":"category-overskrifter","8":"tag-art","9":"tag-bragernes","10":"tag-breaking-news","11":"tag-breakingnews","12":"tag-drammen","13":"tag-featured-news","14":"tag-featurednews","15":"tag-headlines","16":"tag-hovedoppslag","17":"tag-latest-news","18":"tag-latestnews","19":"tag-main-news","20":"tag-mainnews","21":"tag-news","22":"tag-no","23":"tag-norge","24":"tag-norway","25":"tag-nyheter","26":"tag-overskrifter","27":"tag-politiet","28":"tag-story","29":"tag-top-stories","30":"tag-topstories"},"share_on_mastodon":{"url":"https:\/\/pubeurope.com\/@no\/115830199564893199","error":""},"_links":{"self":[{"href":"https:\/\/www.europesays.com\/no\/wp-json\/wp\/v2\/posts\/127694","targetHints":{"allow":["GET"]}}],"collection":[{"href":"https:\/\/www.europesays.com\/no\/wp-json\/wp\/v2\/posts"}],"about":[{"href":"https:\/\/www.europesays.com\/no\/wp-json\/wp\/v2\/types\/post"}],"author":[{"embeddable":true,"href":"https:\/\/www.europesays.com\/no\/wp-json\/wp\/v2\/users\/2"}],"replies":[{"embeddable":true,"href":"https:\/\/www.europesays.com\/no\/wp-json\/wp\/v2\/comments?post=127694"}],"version-history":[{"count":0,"href":"https:\/\/www.europesays.com\/no\/wp-json\/wp\/v2\/posts\/127694\/revisions"}],"wp:featuredmedia":[{"embeddable":true,"href":"https:\/\/www.europesays.com\/no\/wp-json\/wp\/v2\/media\/24401"}],"wp:attachment":[{"href":"https:\/\/www.europesays.com\/no\/wp-json\/wp\/v2\/media?parent=127694"}],"wp:term":[{"taxonomy":"category","embeddable":true,"href":"https:\/\/www.europesays.com\/no\/wp-json\/wp\/v2\/categories?post=127694"},{"taxonomy":"post_tag","embeddable":true,"href":"https:\/\/www.europesays.com\/no\/wp-json\/wp\/v2\/tags?post=127694"}],"curies":[{"name":"wp","href":"https:\/\/api.w.org\/{rel}","templated":true}]}}