{"id":127699,"date":"2026-01-03T08:34:15","date_gmt":"2026-01-03T08:34:15","guid":{"rendered":"https:\/\/www.europesays.com\/no\/127699\/"},"modified":"2026-01-03T08:34:15","modified_gmt":"2026-01-03T08:34:15","slug":"trafikk-ski-full-oversikt-over-trafikken-vaer-forberedt-pa-koer","status":"publish","type":"post","link":"https:\/\/www.europesays.com\/no\/127699\/","title":{"rendered":"Trafikk, Ski | Full oversikt over trafikken: \u2013 V\u00e6r forberedt p\u00e5 k\u00f8er"},"content":{"rendered":"\n<p><b>\u2013 Stress ned, du kommer ikke fortere frem selv om pulsen \u00f8ker, sier NAFs Jan Harry Svendsen i en pressemelding.<\/b><\/p>\n<p>Fredag morgen var det gr\u00e5 teppet som l\u00e5 over veiene i Nordre Follo kommune byttet ut med is og sn\u00f8.<\/p>\n<p>Slik er det ogs\u00e5 flere steder i landet. Og har du tenkt til \u00e5 bevege deg ut i trafikken i helgen, er det bare \u00e5 sm\u00f8re seg med t\u00e5lmodighet.<\/p>\n<p><b>For tett trafikk kan v\u00e6re irriterende, men det er lite \u00e5 spare p\u00e5 \u00e5 kj\u00f8re over fartsgrensen. <\/b><\/p>\n<p>If\u00f8lge NAF vil du p\u00e5 en strekning over 10 kilometer spare du 50 sekunder dersom fartsgrensen er 80 og du velger \u00e5 kj\u00f8re i 90 kilometer i timen.<\/p>\n<p>\u2013 V\u00e6r forberedt p\u00e5 k\u00f8er, opplyser Svendsen.<\/p>\n<p>Heimat etter jul<\/p>\n<p>Svendsen har ogs\u00e5 noen egne r\u00e5d til elbilister for \u00e5 unng\u00e5 stress p\u00e5 hjemturen. Spesielt er det lurt \u00e5 sjekke at alt som gjelder lading er p\u00e5 plass f\u00f8r man reiser.<\/p>\n<p>\u2013 Det er mange hurtigladere som ikke tar kort, og om det er lenge siden du har brukt ladeappene kan det v\u00e6re du er logget ut eller m\u00e5 legge inn betalingskort p\u00e5 nytt, sier Svendsen.<\/p>\n<p>I tilllegg b\u00f8r man sette seg inn i hvordan man forvarmer batteriet om man m\u00e5 hurtiglade underveis.<\/p>\n<p>Er det mye k\u00f8 p\u00e5 ladestasjonene, kan det v\u00e6re lurt \u00e5 se litt utenfor hovedveiene.<\/p>\n<p>\u2013 Husk ogs\u00e5 at du ikke alltid trenger \u00e5 lade s\u00e5 mye. Noen ganger holder det \u00e5 lade s\u00e5 du kommer deg videre. Unntaket er hvis du lader f\u00f8r en fjellovergang, da b\u00f8r du s\u00f8rge for \u00e5 ha nok str\u00f8m p\u00e5 batteriet slik at du ikke g\u00e5r tom om noe uventet skjer, avslutter han.<\/p>\n<p>Tror ikke det blir en trafikktopp<\/p>\n<p>Arvid Wahlstr\u00f8m i Statens vegvesen er optimistisk n\u00e5r det gjelder kj\u00f8reforholdene inn mot helgen. Etter sn\u00f8fallet det siste d\u00f8gnet har det v\u00e6rt krevende forhold flere steder, men v\u00e6rmeldingen tyder p\u00e5 bedre forhold for juletrafikken.<\/p>\n<p>\u2013 Det har v\u00e6rt litt kaos med sn\u00f8, d\u00e5rlig v\u00e6r og glatte veier siste dagen, men slik det ser ut n\u00e5 blir det klarv\u00e6r og kaldt i helgen. Det gj\u00f8r at veiene blir godt oppkj\u00f8rte og kj\u00f8reforholdene generelt gode, sier han.<\/p>\n<p>Videre forteller han at trafikken gjennom julen har v\u00e6rt jevn og godt fordelt, og han tror derfor ikke det vil oppst\u00e5 en typisk trafikktopp i \u00e5r. Likevel ventes det en del trafikk.<\/p>\n<p>\u2013 Det er mange som skal hjem til jul, s\u00e5 vi regner med en del trafikk p\u00e5 veiene. Men typisk julekaos blir det ikke, sier Wahlstr\u00f8m.<\/p>\n<p>Samtidig minner Wahlstr\u00f8m om at bilister m\u00e5 v\u00e6re oppmerksomme, s\u00e6rlig p\u00e5 mindre veier.<\/p>\n<p>\u2013 Selv om hovedveiene stort sett er fine, kan det fortsatt v\u00e6re glatt p\u00e5 sideveier, understreker han.<\/p>\n<p>Han anbefaler alle som skal ut og kj\u00f8re i helgen \u00e5 ta forholdsregler: Kj\u00f8r etter forholdene, sjekk trafikkinformasjon f\u00f8r avreise for eventuelle stengte veier, sett av god tid og vurder \u00e5 reise senere p\u00e5 dagen dersom du har mulighet.<\/p>\n","protected":false},"excerpt":{"rendered":"\u2013 Stress ned, du kommer ikke fortere frem selv om pulsen \u00f8ker, sier NAFs Jan Harry Svendsen i&hellip;\n","protected":false},"author":2,"featured_media":53627,"comment_status":"","ping_status":"","sticky":false,"template":"","format":"standard","meta":{"footnotes":""},"categories":[10],"tags":[36,11316,20,21,24,25,14937,15,6174,11845,22,23,13,30,28,29,447,14,4541,16,14936,3650,8807,1510,26,27,224,14935],"class_list":{"0":"post-127699","1":"post","2":"type-post","3":"status-publish","4":"format-standard","5":"has-post-thumbnail","7":"category-norge","8":"tag-art","9":"tag-as","10":"tag-breaking-news","11":"tag-breakingnews","12":"tag-featured-news","13":"tag-featurednews","14":"tag-greverud","15":"tag-headlines","16":"tag-kolbotn","17":"tag-langhus","18":"tag-latest-news","19":"tag-latestnews","20":"tag-news","21":"tag-no","22":"tag-norge","23":"tag-norway","24":"tag-nyhet","25":"tag-nyheter","26":"tag-oppegard","27":"tag-overskrifter","28":"tag-siggerud","29":"tag-ski","30":"tag-sofiemyr","31":"tag-story","32":"tag-top-stories","33":"tag-topstories","34":"tag-trafikk","35":"tag-vinterbro"},"share_on_mastodon":{"url":"https:\/\/pubeurope.com\/@no\/115830250674459134","error":""},"_links":{"self":[{"href":"https:\/\/www.europesays.com\/no\/wp-json\/wp\/v2\/posts\/127699","targetHints":{"allow":["GET"]}}],"collection":[{"href":"https:\/\/www.europesays.com\/no\/wp-json\/wp\/v2\/posts"}],"about":[{"href":"https:\/\/www.europesays.com\/no\/wp-json\/wp\/v2\/types\/post"}],"author":[{"embeddable":true,"href":"https:\/\/www.europesays.com\/no\/wp-json\/wp\/v2\/users\/2"}],"replies":[{"embeddable":true,"href":"https:\/\/www.europesays.com\/no\/wp-json\/wp\/v2\/comments?post=127699"}],"version-history":[{"count":0,"href":"https:\/\/www.europesays.com\/no\/wp-json\/wp\/v2\/posts\/127699\/revisions"}],"wp:featuredmedia":[{"embeddable":true,"href":"https:\/\/www.europesays.com\/no\/wp-json\/wp\/v2\/media\/53627"}],"wp:attachment":[{"href":"https:\/\/www.europesays.com\/no\/wp-json\/wp\/v2\/media?parent=127699"}],"wp:term":[{"taxonomy":"category","embeddable":true,"href":"https:\/\/www.europesays.com\/no\/wp-json\/wp\/v2\/categories?post=127699"},{"taxonomy":"post_tag","embeddable":true,"href":"https:\/\/www.europesays.com\/no\/wp-json\/wp\/v2\/tags?post=127699"}],"curies":[{"name":"wp","href":"https:\/\/api.w.org\/{rel}","templated":true}]}}