{"id":127703,"date":"2026-01-03T08:41:34","date_gmt":"2026-01-03T08:41:34","guid":{"rendered":"https:\/\/www.europesays.com\/no\/127703\/"},"modified":"2026-01-03T08:41:34","modified_gmt":"2026-01-03T08:41:34","slug":"nyheter-hund-walter-ble-skremt-bort-funnet-i-live","status":"publish","type":"post","link":"https:\/\/www.europesays.com\/no\/127703\/","title":{"rendered":"Nyheter, Hund | Walter ble skremt bort \u2013 funnet i live"},"content":{"rendered":"\n<p>\u2013 Jeg ble glad for at han er i live, sier Vanessa Johansen.<\/p>\n<p>Det var rundt klokka 23.30 p\u00e5 nytt\u00e5rsaften at hunden hennes Walter ble borte. Johansen skulle bare l\u00f8fte ham fra bilen og inn i leiligheten da det ble fyrt opp fyrverkeri like ved.<\/p>\n<p>Walter ble skremt, og hoppet ut av Johansens armer og forsvant.<\/p>\n<p>Etter at Johansen la ut et Facebook-innlegg, ble mange fra n\u00e6rmilj\u00f8et med p\u00e5 leteaksjonen. Innlegget ble likt av over 1.000 personer og delt 445 ganger.<\/p>\n<p>\u2013 Vi hadde aldri funnet ham uten hjelp fra alle de vi har f\u00e5tt hjelp fra. Det er helt utrolig hvor stor innsats som er lagt ned. Det setter jeg utrolig stor pris p\u00e5,<\/p>\n<p>  <a href=\"https:\/\/www.rb.no\/5-43-2643591\" class=\"related-teaser has-image default-story-teaser article--c-eRUmMG article--c-eRUmMG-jKCPdD-design-default\" rel=\"nofollow noopener\" target=\"_blank\"><\/p>\n<p>    <img decoding=\"async\" loading=\"lazy\"  src=\"https:\/\/www.europesays.com\/no\/wp-content\/uploads\/2026\/01\/skog1.jpg\" alt=\"\" class=\"brick-c-cFOWSL\" style=\"\"\/><\/p>\n<p>\n            Les ogs\u00e5<\/p>\n<p>              Har sperret av skogsomr\u00e5de: \u2013 Ikke trygt\n        <\/p>\n<p>  <\/a><br \/>\n  Ble observert igjen<\/p>\n<p>Torsdag klokka 06.30 ble Walter observert p\u00e5 kamera p\u00e5 Farseggen i Leirsund.<\/p>\n<p>Klokka 18 samme dag ble han observert i et boligomr\u00e5de i Leirsund. Senere samme kveld ble s\u00f8ket avsluttet uten funn.<\/p>\n<p>Like f\u00f8r s\u00f8ket skulle startes opp igjen fredag morgen, kom det en ny melding.<\/p>\n<p>\u2013 I dag tidlig kom det beskjed fra beboere i omr\u00e5det det ble s\u00f8kt i at Walter hadde blitt observert, forteller Lene Engebraaten, som var med p\u00e5 \u00e5 organisere leteaksjonen, til RB.<\/p>\n<p>Brukte to timer<\/p>\n<p>Johansen forteller at hun satte seg i bilen med en gang hun fikk beskjeden. Ferske spor i sn\u00f8en f\u00f8rte til en terrasse i nabolaget.<\/p>\n<p>\u2013 Vi hadde en sterk mistanke om at han var der, men at han gjemte seg. Det stemte. Han hadde funnet et sted for natta, sier Johansen.<\/p>\n<p>To timer senere klarte hun \u00e5 lokke Walter frem. N\u00e5 er de hos veterin\u00e6r for unders\u00f8kelser.<\/p>\n<p>\u2013 Det er litt uavklart hva som skjer videre. Han har f\u00e5tt medisiner, og tar r\u00f8ntgen n\u00e5.<\/p>\n<p>  <a href=\"https:\/\/www.rb.no\/5-43-2645262\" class=\"related-teaser has-image default-story-teaser article--c-eRUmMG article--c-eRUmMG-jKCPdD-design-default\" rel=\"nofollow noopener\" target=\"_blank\"><\/p>\n<p>    <img decoding=\"async\" loading=\"lazy\"  src=\"https:\/\/www.europesays.com\/no\/wp-content\/uploads\/2026\/01\/1767429694_974_Plastposer-6.jpg\" alt=\"\" class=\"brick-c-cFOWSL\" style=\"\"\/><\/p>\n<p>\n            Les ogs\u00e5<\/p>\n<p>              \u2013 Viktig at forbrukerne vet dette\n        <\/p>\n<p>  <\/a><\/p>\n<p>  <a href=\"https:\/\/www.rb.no\/5-43-2645387\" class=\"related-teaser has-image default-story-teaser article--c-eRUmMG article--c-eRUmMG-jKCPdD-design-default\" rel=\"nofollow noopener\" target=\"_blank\"><\/p>\n<p>    <img decoding=\"async\" loading=\"lazy\"  src=\"https:\/\/www.europesays.com\/no\/wp-content\/uploads\/2026\/01\/NTB_ztyRaxAupX4.jpg\" alt=\"\" class=\"brick-c-cFOWSL\" style=\"\"\/><\/p>\n<p>\n            Les ogs\u00e5<\/p>\n<p>              \u2013 Kan bli ned mot 20 minusgrader\n        <\/p>\n<p>  <\/a><\/p>\n","protected":false},"excerpt":{"rendered":"\u2013 Jeg ble glad for at han er i live, sier Vanessa Johansen. Det var rundt klokka 23.30&hellip;\n","protected":false},"author":2,"featured_media":127704,"comment_status":"","ping_status":"","sticky":false,"template":"","format":"standard","meta":{"footnotes":""},"categories":[10],"tags":[36,20,21,24,25,15,2078,22,23,6836,170,14938,13,30,28,29,14,16,1510,26,27],"class_list":{"0":"post-127703","1":"post","2":"type-post","3":"status-publish","4":"format-standard","5":"has-post-thumbnail","7":"category-norge","8":"tag-art","9":"tag-breaking-news","10":"tag-breakingnews","11":"tag-featured-news","12":"tag-featurednews","13":"tag-headlines","14":"tag-hund","15":"tag-latest-news","16":"tag-latestnews","17":"tag-leirsund","18":"tag-leteaksjon","19":"tag-lillestrom-kommune","20":"tag-news","21":"tag-no","22":"tag-norge","23":"tag-norway","24":"tag-nyheter","25":"tag-overskrifter","26":"tag-story","27":"tag-top-stories","28":"tag-topstories"},"share_on_mastodon":{"url":"https:\/\/pubeurope.com\/@no\/115830278280040909","error":""},"_links":{"self":[{"href":"https:\/\/www.europesays.com\/no\/wp-json\/wp\/v2\/posts\/127703","targetHints":{"allow":["GET"]}}],"collection":[{"href":"https:\/\/www.europesays.com\/no\/wp-json\/wp\/v2\/posts"}],"about":[{"href":"https:\/\/www.europesays.com\/no\/wp-json\/wp\/v2\/types\/post"}],"author":[{"embeddable":true,"href":"https:\/\/www.europesays.com\/no\/wp-json\/wp\/v2\/users\/2"}],"replies":[{"embeddable":true,"href":"https:\/\/www.europesays.com\/no\/wp-json\/wp\/v2\/comments?post=127703"}],"version-history":[{"count":0,"href":"https:\/\/www.europesays.com\/no\/wp-json\/wp\/v2\/posts\/127703\/revisions"}],"wp:featuredmedia":[{"embeddable":true,"href":"https:\/\/www.europesays.com\/no\/wp-json\/wp\/v2\/media\/127704"}],"wp:attachment":[{"href":"https:\/\/www.europesays.com\/no\/wp-json\/wp\/v2\/media?parent=127703"}],"wp:term":[{"taxonomy":"category","embeddable":true,"href":"https:\/\/www.europesays.com\/no\/wp-json\/wp\/v2\/categories?post=127703"},{"taxonomy":"post_tag","embeddable":true,"href":"https:\/\/www.europesays.com\/no\/wp-json\/wp\/v2\/tags?post=127703"}],"curies":[{"name":"wp","href":"https:\/\/api.w.org\/{rel}","templated":true}]}}