{"id":127710,"date":"2026-01-03T09:03:12","date_gmt":"2026-01-03T09:03:12","guid":{"rendered":"https:\/\/www.europesays.com\/no\/127710\/"},"modified":"2026-01-03T09:03:12","modified_gmt":"2026-01-03T09:03:12","slug":"plastforurensning-vi-kan-ikke-vente-pa-en-global-avtale","status":"publish","type":"post","link":"https:\/\/www.europesays.com\/no\/127710\/","title":{"rendered":"Plastforurensning: \u00abVi kan ikke vente p\u00e5 en global avtale\u00bb"},"content":{"rendered":"\n<p>Hilde Ervik  F\u00f8rstelektor i naturfag, NTNU<\/p>\n<p>Publisert:<br \/>\n  3. januar 2026 kl. 08:37<br \/>\n  Oppdatert:<br \/>\n  3. januar 2026 kl. 08:37\n <\/p>\n<p>Dette er et debattinnlegg. Det gir uttrykk for debattantens egen holdning.<\/p>\n<p><strong>Plastforurensning handler ikke<\/strong> bare om s\u00f8ppel. Marint plastavfall lekker PFAS og tungmetaller til vannet i sm\u00e5 ferskvannsinnsj\u00f8er og tjern, med niv\u00e5er over grenseverdiene. Fugler og dyr drikker dette vannet. PFAS er evighetskjemikalier som truer b\u00e5de natur og helse.<\/p>\n<p>Norge har en fantastisk natur. Den gir oss friluftsliv, rekreasjon og l\u00e6ring. Vi sier alle at vi vil ta vare p\u00e5 naturen, men gj\u00f8r vi det? Virkeligheten er brutal: Naturen bygges ned, arter forsvinner, og bestander g\u00e5r kraftig tilbake. Dette skjer ikke av seg selv. Det er resultatet av menneskelige valg.<\/p>\n<p><img decoding=\"async\" src=\"data:image\/gif;base64,R0lGODlhEAAJAIAAAP\/\/\/wAAACH5BAEAAAAALAAAAAAQAAkAAAIKhI+py+0Po5yUFQA7\" alt=\"\"\/><br \/>\n  Hilde Ervik F\u00f8rstelektor i naturfag, NTNU.<br \/>\n  <strong>Foto:<\/strong> Privat<\/p>\n<p><strong>F\u00f8r et milj\u00f8problem<\/strong> blir akutt, kaller vi det en milj\u00f8utfordring. Det er da vi har mulighet til \u00e5 handle. En av v\u00e5r tids st\u00f8rste milj\u00f8utfordringer er plastforurensning. Plast som havner i havet og langs kysten blir ikke borte. Den brytes ned til mikroplast og blir v\u00e6rende i naturen. Den truer livet i havet, fugler, dyr og til slutt oss mennesker. Dette er ikke et problem vi kan skyve foran oss. Det m\u00e5 l\u00f8ses n\u00e5.<\/p>\n<p><a href=\"https:\/\/www.adressa.no\/debatt\/i\/Pd9qLp\/hei-hvor-det-gaar\" rel=\"nofollow noopener\" target=\"_blank\"> <img decoding=\"async\" src=\"data:image\/gif;base64,R0lGODlhEAAJAIAAAP\/\/\/wAAACH5BAEAAAAALAAAAAAQAAkAAAIKhI+py+0Po5yUFQA7\" alt=\"\"\/>   Hei, hvor det g\u00e5r!  <\/a> <\/p>\n<p><strong>Hvert \u00e5r<\/strong> lekker mer enn 19 millioner tonn plast inn i elver, innsj\u00f8er og hav. Erfaringen fra frivillige og profesjonelle ryddeakt\u00f8rer er klar: Det ryddes store mengder marint plastavfall fra kystomr\u00e5dene, men det kommer stadig mer tilsig til fra havet som lander og blir liggende i terrenget. \u00c5r etter \u00e5r. Vi st\u00e5r overfor en \u00abrenters rente\u00bb-effekt i mengde marint s\u00f8ppel i kystlandskapet. Men med dagens system klarer frivillige og profesjonelle akt\u00f8rer verken \u00e5 ta unna det som allerede ligger i naturen eller det som stadig tilf\u00f8res. Dette vil v\u00e6re et problem i mange ti\u00e5r framover.<\/p>\n<p>Undertegnede har v\u00e6rt med og ryddet marint s\u00f8ppel og forsket p\u00e5 konsekvensene av marint plastavfall i kystn\u00e6re str\u00f8k. Funn viser urovekkende h\u00f8ye konsentrasjoner av <a href=\"https:\/\/www.cell.com\/heliyon\/fulltext\/S2405-8440(25)02635-0?_returnURL=https%3A%2F%2Flinkinghub.elsevier.com%2Fretrieve%2Fpii%2FS2405844025026350%3Fshowall%3Dtrue\" rel=\"noopener nofollow\" target=\"_blank\">PFAS og tungmetaller<\/a> i marint plastavfall ryddet fra sm\u00e5 ferskvannsinnsj\u00f8er og tjern. Konsentrasjonene i ferskvannet er over milj\u00f8kvalitetsstandardenes grenseverdier. Fugler og dyreliv eksponeres n\u00e5r de drikker vann, og mennesker n\u00e5r de spiser kj\u00f8tt fra dyr som beiter p\u00e5 kyst\u00f8yer, for eksempel sau. Sm\u00e5 ferskvannsinnsj\u00f8er og tjern er lukkede \u00f8kosystemer. Milj\u00f8giftene har \u00abingen steder \u00e5 g\u00e5\u00bb og konsentrasjonene \u00f8ker over tid. Dette gir oss et varsel om hva som skjer i havet, det tar bare lengre tid \u00e5 p\u00e5vise.<\/p>\n<p><a href=\"https:\/\/www.adressa.no\/debatt\/i\/5p032O\/hvor-ble-det-av-snoeen\" rel=\"nofollow noopener\" target=\"_blank\"> <img decoding=\"async\" src=\"data:image\/gif;base64,R0lGODlhEAAJAIAAAP\/\/\/wAAACH5BAEAAAAALAAAAAAQAAkAAAIKhI+py+0Po5yUFQA7\" alt=\"\"\/>   Hvor ble det av sn\u00f8en?  <\/a> <\/p>\n<p><a href=\"https:\/\/www.regjeringen.no\/no\/tema\/klima-og-miljo\/naturmangfold\/innsiktsartikler-naturmangfold\/naturavtalen\/id2987476\/\" rel=\"noopener nofollow\" target=\"_blank\"><strong>Naturavtalen <\/strong><\/a>(<a href=\"https:\/\/www.regjeringen.no\/contentassets\/60be0f27dab048618e7e2a78a72fed81\/norsk-oversettelse-av-kunming-montreal-global-biodiversity-framework.pdf\" rel=\"noopener nofollow\" target=\"_blank\">Kunming-Montreal-rammeverket for naturmangfold<\/a>) sl\u00e5r fast i m\u00e5l 7 at plastforurensning skal elimineres innen 2030 for \u00e5 beskytte naturmangfoldet. Sp\u00f8rsm\u00e5let er enkelt: Hvorfor f\u00f8lger vi ikke opp med tiltak som monner?<\/p>\n<p>Regjeringen har lagt frem m\u00e5l i <a href=\"https:\/\/www.regjeringen.no\/no\/dokumenter\/meld.-st.-35-20242025\/id3110260\/\" rel=\"noopener nofollow\" target=\"_blank\">Meld. St. 35 (2024\u20132025)<\/a> og <a href=\"https:\/\/www.regjeringen.no\/no\/dokumenter\/noregs-plaststrategi\/id2867004\/\" rel=\"noopener nofollow\" target=\"_blank\">Norges Plaststrategi (2021)<\/a>. Det handler om produsentansvar, reduksjon av plastproduksjon, bedre avfallsh\u00e5ndtering og tiltak mot umerkede fiskeredskaper. Strategien fremhever ogs\u00e5 behovet for en global avtale mot plastforurensning og et kunnskapspanel for kjemikalier og avfall. Likevel mangler vi en nasjonal plan for \u00e5 rydde opp marint s\u00f8ppel som allerede ligger i naturen, og for \u00e5 h\u00e5ndtere det som stadig kommer til. Uten finansierte og langsiktige tiltak for kystlandskapet i Norge ligger vi hele tiden bakp\u00e5, mens plasten fortsetter \u00e5 hope seg opp og utfordringen vokser.<\/p>\n<p>Det gj\u00f8res mange bra tiltak, men det monner ikke. Milj\u00f8direktoratet delte ut 27,9 millioner i st\u00f8tte til rydding av marint plastavfall i 2025 mot 80 millioner for noen \u00e5r tilbake. Handelens Milj\u00f8fond har som m\u00e5l \u00e5 rydde 55 prosent av kysten innen utgangen av 2025. Bra, men st\u00e5r dette i forhold til at plastforurensning er en av v\u00e5r tids st\u00f8rste milj\u00f8utfordringer? Det m\u00e5 tas i betraktning at et omr\u00e5de som er ryddet rent det ene \u00e5ret, er forurenset av marint plastavfall \u00e5ret etter p\u00e5 grunn av det kontinuerlige tilsiget som kommer med havstr\u00f8mmene fra ut- og innland. Slik tiltakene er n\u00e5, gir det en kort horisont i en krise som krever langsiktighet.<\/p>\n<p><a href=\"https:\/\/www.adressa.no\/debatt\/i\/gkPOw9\/fra-rakettfri-nyttaarsaften-til-mer-plantebasert-hverdagsmat\" rel=\"nofollow noopener\" target=\"_blank\"> <img decoding=\"async\" src=\"data:image\/gif;base64,R0lGODlhEAAJAIAAAP\/\/\/wAAACH5BAEAAAAALAAAAAAQAAkAAAIKhI+py+0Po5yUFQA7\" alt=\"\"\/>   Fra rakettfri nytt\u00e5rsaften til mer plantebasert hverdagsmat  <\/a> <\/p>\n<p><strong>Vi kan ikke <\/strong>vente p\u00e5 en global avtale. Plastavfallet ligger i naturen n\u00e5. Norge m\u00e5 etablere en nasjonal modell for plastberedskap, inspirert av oljevernberedskapen? Et forslag er at det etableres \u00e9n sentral organisasjon som har alle akt\u00f8rer samlet under en paraply og har et overordnet ansvar for prioritering og tiltak der behovet er st\u00f8rst, og klare, langsiktige strategier med finansiering og ansvarslinjer.<\/p>\n<p>Universitetsstudenter er sv\u00e6rt opptatt av plastproblematikken og konsekvensene den p\u00e5f\u00f8rer milj\u00f8et og menneskene. De har kommet med mange konstruktive l\u00f8sninger, men de etterlyser handlekraft p\u00e5 politisk niv\u00e5. De er ut\u00e5lmodige, og med rette. Skal vi unng\u00e5 \u00abmilj\u00f8gifter inn i evigheten\u00bb, m\u00e5 vi levere p\u00e5 Naturavtalens m\u00e5l n\u00e5. Ambisjoner holder ikke. Det er handling som teller.<\/p>\n<p><strong>Hva mener du? Send inn din tekst til\u00a0<a href=\"https:\/\/www.adressa.no\/debatt\/i\/zOGep1\/mailto:debatt@adresseavisen.no\" rel=\"noopener nofollow\" target=\"_blank\">debatt@adresseavisen.no<\/a>\u00a0<\/strong>eller delta i debatten i kommentarfeltet nederst \u2013 og husk fullt navn!<\/p>\n","protected":false},"excerpt":{"rendered":"Hilde Ervik F\u00f8rstelektor i naturfag, NTNU Publisert: 3. januar 2026 kl. 08:37 Oppdatert: 3. januar 2026 kl. 08:37&hellip;\n","protected":false},"author":2,"featured_media":127711,"comment_status":"","ping_status":"","sticky":false,"template":"","format":"standard","meta":{"footnotes":""},"categories":[10],"tags":[1048,14941,20,21,37,1279,24,25,3668,14942,7223,15,2146,22,23,4695,742,6573,650,13712,13,30,28,29,14,16,9244,14940,1049,26,27],"class_list":{"0":"post-127710","1":"post","2":"type-post","3":"status-publish","4":"format-standard","5":"has-post-thumbnail","7":"category-norge","8":"tag-avfall","9":"tag-avfallshandtering","10":"tag-breaking-news","11":"tag-breakingnews","12":"tag-debatt","13":"tag-dyr","14":"tag-featured-news","15":"tag-featurednews","16":"tag-fugler","17":"tag-handelens-miljofond","18":"tag-havet","19":"tag-headlines","20":"tag-kysten","21":"tag-latest-news","22":"tag-latestnews","23":"tag-mikroplast","24":"tag-miljodirektoratet","25":"tag-miljogifter","26":"tag-natur","27":"tag-naturmangfold","28":"tag-news","29":"tag-no","30":"tag-norge","31":"tag-norway","32":"tag-nyheter","33":"tag-overskrifter","34":"tag-pfas","35":"tag-plastavfall","36":"tag-soppel","37":"tag-top-stories","38":"tag-topstories"},"share_on_mastodon":{"url":"https:\/\/pubeurope.com\/@no\/115830364779054755","error":""},"_links":{"self":[{"href":"https:\/\/www.europesays.com\/no\/wp-json\/wp\/v2\/posts\/127710","targetHints":{"allow":["GET"]}}],"collection":[{"href":"https:\/\/www.europesays.com\/no\/wp-json\/wp\/v2\/posts"}],"about":[{"href":"https:\/\/www.europesays.com\/no\/wp-json\/wp\/v2\/types\/post"}],"author":[{"embeddable":true,"href":"https:\/\/www.europesays.com\/no\/wp-json\/wp\/v2\/users\/2"}],"replies":[{"embeddable":true,"href":"https:\/\/www.europesays.com\/no\/wp-json\/wp\/v2\/comments?post=127710"}],"version-history":[{"count":0,"href":"https:\/\/www.europesays.com\/no\/wp-json\/wp\/v2\/posts\/127710\/revisions"}],"wp:featuredmedia":[{"embeddable":true,"href":"https:\/\/www.europesays.com\/no\/wp-json\/wp\/v2\/media\/127711"}],"wp:attachment":[{"href":"https:\/\/www.europesays.com\/no\/wp-json\/wp\/v2\/media?parent=127710"}],"wp:term":[{"taxonomy":"category","embeddable":true,"href":"https:\/\/www.europesays.com\/no\/wp-json\/wp\/v2\/categories?post=127710"},{"taxonomy":"post_tag","embeddable":true,"href":"https:\/\/www.europesays.com\/no\/wp-json\/wp\/v2\/tags?post=127710"}],"curies":[{"name":"wp","href":"https:\/\/api.w.org\/{rel}","templated":true}]}}