{"id":127720,"date":"2026-01-03T09:26:16","date_gmt":"2026-01-03T09:26:16","guid":{"rendered":"https:\/\/www.europesays.com\/no\/127720\/"},"modified":"2026-01-03T09:26:16","modified_gmt":"2026-01-03T09:26:16","slug":"mann-fengslet-etter-at-16-aring-ble-knivstukket-i-stavanger","status":"publish","type":"post","link":"https:\/\/www.europesays.com\/no\/127720\/","title":{"rendered":"Mann fengslet etter at 16-\u00e5ring ble knivstukket i Stavanger"},"content":{"rendered":"\n<p class=\"_lead_o9xde_2 _lead_xtcu6_50 layout-component text-serif-m layout-normal text-serif-l layout-component layout-wide layout-padded _wide_17hqh_1 layout-padded\">En av de siktede etter at en 16 \u00e5r gammel gutt ble knivstukket p\u00e5 Tjensvoll i Stavanger 1. januar, ble fredag varetektsfengslet i fire uker.<\/p>\n<p><img alt=\"16-\u00e5ringen ble fraktet til Stavanger universitetssjukehus med stikkskader etter en voldshendelse p\u00e5 Tjensvoll natt til 1. januar. En mann ble fredag varetektsfengslet i saken.  Foto: Carina Johansen \/ NTB\" class=\"_image_qp4xg_65 layout-component layout-wide\" data-fullscreen- data-track-element-type=\"Article image fullscreen\" data-track-name=\"ImageFullscreen\" fetchpriority=\"high\" decoding=\"sync\" loading=\"eager\" height=\"4128\" itemprop=\"image\"  src=\"https:\/\/www.europesays.com\/no\/wp-content\/uploads\/2026\/01\/880b79dd-302c-48a0-b323-a26ca9ba10f9.jpeg\"  style=\"object-position:0% 0%\" width=\"6192\"\/>16-\u00e5ringen ble fraktet til Stavanger universitetssjukehus med stikkskader etter en voldshendelse p\u00e5 Tjensvoll natt til 1. januar. En mann ble fredag varetektsfengslet i saken.  Foto: Carina Johansen \/ NTB<\/p>\n<ul aria-hidden=\"true\" class=\"_images_ntbth_112\">\n<li><a class=\"_link_ntbth_117\" href=\"https:\/\/www.vg.no\/forfatter\/ntb\" style=\"z-index:1\" title=\"NTB\" rel=\"nofollow noopener\" target=\"_blank\"><img alt=\"Bilde av NTB\" class=\"_image_ntbth_93\" fetchpriority=\"low\" loading=\"lazy\" decoding=\"async\" itemprop=\"image\"  src=\"https:\/\/www.europesays.com\/no\/wp-content\/uploads\/2026\/01\/1767432376_664_c33980b0-5d07-4027-84a1-813f90a7c8d6.png\"  width=\"480\"\/><\/a><\/li>\n<\/ul>\n<p> Oppdatert l\u00f8rdag 3. januar kl. 05:43     <\/p>\n<p class=\"_paragraph_o9xde_4 _paragraph_xtcu6_10 layout-component text-serif-m layout-normal text-serif-m layout-padded\">Den siktede er en mann i 20-\u00e5rene, skriver <a href=\"https:\/\/www.aftenbladet.no\/lokalt\/i\/0pn73A\/fengslingsmoete-i-voldssak-paa-tjensvoll\" class=\"_link_o9xde_39\" rel=\"nofollow noopener\" target=\"_blank\">Stavanger Aftenblad<\/a>.<\/p>\n<p class=\"_paragraph_o9xde_4 _paragraph_xtcu6_10 layout-component text-serif-m layout-normal text-serif-m layout-padded\">Han ble varetektsfengslet i fire uker \u2013 \u00e9n uke i isolasjon, to uker med brev- og bes\u00f8ksforbud. Mannen har tatt betenkningstid, opplyser mannens forsvarer advokat Anne Kroken.<\/p>\n<p class=\"_paragraph_o9xde_4 _paragraph_xtcu6_10 layout-component text-serif-m layout-normal text-serif-m layout-padded\">To andre siktede ble avh\u00f8rt fredag, og politiet skal n\u00e5 ta stilling til om flere skal framstilles for varetekt. <\/p>\n<p class=\"_paragraph_o9xde_4 _paragraph_xtcu6_10 layout-component text-serif-m layout-normal text-serif-m layout-padded\">\u2013 Av hensyn til etterforskningen, vil ikke politiet sl\u00e5 fast hvor mange som har status som siktet p\u00e5 n\u00e5v\u00e6rende tidspunkt, skriver S\u00f8rvest politidistrikt i en pressemelding.<\/p>\n<p class=\"_paragraph_o9xde_4 _paragraph_xtcu6_10 layout-component text-serif-m layout-normal text-serif-m layout-padded\"> Den 16 \u00e5r gamle gutten ble fraktet til sykehus etter hendelsen og var torsdag ettermiddag utenfor livsfare etter \u00e5 ha gjennomg\u00e5tt operasjon.<\/p>\n","protected":false},"excerpt":{"rendered":"En av de siktede etter at en 16 \u00e5r gammel gutt ble knivstukket p\u00e5 Tjensvoll i Stavanger 1.&hellip;\n","protected":false},"author":2,"featured_media":127721,"comment_status":"","ping_status":"","sticky":false,"template":"","format":"standard","meta":{"footnotes":""},"categories":[10],"tags":[20,21,24,25,15,22,23,13,30,28,29,14,16,1306,26,27],"class_list":{"0":"post-127720","1":"post","2":"type-post","3":"status-publish","4":"format-standard","5":"has-post-thumbnail","7":"category-norge","8":"tag-breaking-news","9":"tag-breakingnews","10":"tag-featured-news","11":"tag-featurednews","12":"tag-headlines","13":"tag-latest-news","14":"tag-latestnews","15":"tag-news","16":"tag-no","17":"tag-norge","18":"tag-norway","19":"tag-nyheter","20":"tag-overskrifter","21":"tag-stavanger","22":"tag-top-stories","23":"tag-topstories"},"share_on_mastodon":{"url":"https:\/\/pubeurope.com\/@no\/115830455196595221","error":""},"_links":{"self":[{"href":"https:\/\/www.europesays.com\/no\/wp-json\/wp\/v2\/posts\/127720","targetHints":{"allow":["GET"]}}],"collection":[{"href":"https:\/\/www.europesays.com\/no\/wp-json\/wp\/v2\/posts"}],"about":[{"href":"https:\/\/www.europesays.com\/no\/wp-json\/wp\/v2\/types\/post"}],"author":[{"embeddable":true,"href":"https:\/\/www.europesays.com\/no\/wp-json\/wp\/v2\/users\/2"}],"replies":[{"embeddable":true,"href":"https:\/\/www.europesays.com\/no\/wp-json\/wp\/v2\/comments?post=127720"}],"version-history":[{"count":0,"href":"https:\/\/www.europesays.com\/no\/wp-json\/wp\/v2\/posts\/127720\/revisions"}],"wp:featuredmedia":[{"embeddable":true,"href":"https:\/\/www.europesays.com\/no\/wp-json\/wp\/v2\/media\/127721"}],"wp:attachment":[{"href":"https:\/\/www.europesays.com\/no\/wp-json\/wp\/v2\/media?parent=127720"}],"wp:term":[{"taxonomy":"category","embeddable":true,"href":"https:\/\/www.europesays.com\/no\/wp-json\/wp\/v2\/categories?post=127720"},{"taxonomy":"post_tag","embeddable":true,"href":"https:\/\/www.europesays.com\/no\/wp-json\/wp\/v2\/tags?post=127720"}],"curies":[{"name":"wp","href":"https:\/\/api.w.org\/{rel}","templated":true}]}}